{"id":346670,"date":"2024-09-24T08:38:11","date_gmt":"2024-09-24T13:38:11","guid":{"rendered":"https:\/\/www.medellin.gov.co\/es\/?p=346670"},"modified":"2024-09-24T08:38:11","modified_gmt":"2024-09-24T13:38:11","slug":"la-alcaldia-de-medellin-propicio-espacio-para-que-profesionales-de-la-salud-aprendan-sobre-practicas-ancestrales","status":"publish","type":"post","link":"https:\/\/www.medellin.gov.co\/es\/sala-de-prensa\/noticias\/la-alcaldia-de-medellin-propicio-espacio-para-que-profesionales-de-la-salud-aprendan-sobre-practicas-ancestrales\/","title":{"rendered":"La Alcald\u00eda de Medell\u00edn propici\u00f3 espacio para que profesionales de la salud aprendan sobre pr\u00e1cticas ancestrales"},"content":{"rendered":"<div class=\"page\" title=\"Page 1\">\n<div class=\"layoutArea\">\n<div class=\"column\">\n<!--[if lt IE 9]><script>document.createElement('audio');<\/script><![endif]-->\n\t<div class=\"wp-playlist wp-audio-playlist wp-playlist-light\">\n\t\t\t<div class=\"wp-playlist-current-item\"><\/div>\n\t\t<audio controls=\"controls\" preload=\"none\" width=\"640\"\n\t\t\t><\/audio>\n\t<div class=\"wp-playlist-next\"><\/div>\n\t<div class=\"wp-playlist-prev\"><\/div>\n\t<noscript>\n\t<ol>\n\t\t<li><a href='https:\/\/www.medellin.gov.co\/es\/wp-content\/uploads\/2024\/09\/Profesionales-de-la-salud-aprenden-practicas-ancestrales-01.mp3'>Palabras de Lina Juliet Bedoya, l\u00edder de la Unidad de Promoci\u00f3n y Prevenci\u00f3n de la Secretar\u00eda de Salud<\/a><\/li>\t<\/ol>\n\t<\/noscript>\n\t<script type=\"application\/json\" class=\"wp-playlist-script\">{\"type\":\"audio\",\"tracklist\":true,\"tracknumbers\":true,\"images\":true,\"artists\":true,\"tracks\":[{\"src\":\"https:\\\/\\\/www.medellin.gov.co\\\/es\\\/wp-content\\\/uploads\\\/2024\\\/09\\\/Profesionales-de-la-salud-aprenden-practicas-ancestrales-01.mp3\",\"type\":\"audio\\\/mpeg\",\"title\":\"Palabras de Lina Juliet Bedoya, l\\u00edder de la Unidad de Promoci\\u00f3n y Prevenci\\u00f3n de la Secretar\\u00eda de Salud\",\"caption\":\"\",\"description\":\"\\u00abPalabras de Lina Juliet Bedoya, l\\u00edder de la Unidad de Promoci\\u00f3n y Prevenci\\u00f3n de la Secretar\\u00eda de Salud1\\u00bb\",\"meta\":{\"year\":\"2024\",\"length_formatted\":\"0:48\"},\"image\":{\"src\":\"https:\\\/\\\/www.medellin.gov.co\\\/es\\\/wp-includes\\\/images\\\/media\\\/audio.png\",\"width\":48,\"height\":64},\"thumb\":{\"src\":\"https:\\\/\\\/www.medellin.gov.co\\\/es\\\/wp-includes\\\/images\\\/media\\\/audio.png\",\"width\":48,\"height\":64}}]}<\/script>\n<\/div>\n\t\n<p>En una apuesta para proteger y promover las pra\u0301cticas ancestrales, Medelli\u0301n fue sede del segundo Seminario Nacional de Salud Intercultural: Tejidos que Sanan, que acogio\u0301 a 270 profesionales, quienes participaron en talleres y ponencias orientadas por 15 sabedores indi\u0301genas y afrodescendientes.<\/p>\n\n\t\t<style type=\"text\/css\">\n\t\t\t#gallery-1 {\n\t\t\t\tmargin: auto;\n\t\t\t}\n\t\t\t#gallery-1 .gallery-item {\n\t\t\t\tfloat: left;\n\t\t\t\tmargin-top: 10px;\n\t\t\t\ttext-align: center;\n\t\t\t\twidth: 50%;\n\t\t\t}\n\t\t\t#gallery-1 img {\n\t\t\t\tborder: 2px solid #cfcfcf;\n\t\t\t}\n\t\t\t#gallery-1 .gallery-caption {\n\t\t\t\tmargin-left: 0;\n\t\t\t}\n\t\t\t\/* see gallery_shortcode() in wp-includes\/media.php *\/\n\t\t<\/style>\n\t\t<div id='gallery-1' class='gallery galleryid-346670 gallery-columns-2 gallery-size-large'><dl class='gallery-item'>\n\t\t\t<dt class='gallery-icon landscape'>\n\t\t\t\t<a href='https:\/\/www.medellin.gov.co\/es\/sala-de-prensa\/noticias\/la-alcaldia-de-medellin-propicio-espacio-para-que-profesionales-de-la-salud-aprendan-sobre-practicas-ancestrales\/profesionales-de-la-salud-aprenden-practicas-ancestrales-2\/'><img width=\"1024\" height=\"682\" src=\"https:\/\/www.medellin.gov.co\/es\/wp-content\/uploads\/2024\/09\/Profesionales-de-la-salud-aprenden-practicas-ancestrales-2-1024x682.jpg\" class=\"attachment-large size-large\" alt=\"La Alcald\u00eda de Medell\u00edn propici\u00f3 espacio para que profesionales de la salud aprendan sobre pr\u00e1cticas ancestrales\" loading=\"lazy\" aria-describedby=\"gallery-1-346674\" srcset=\"https:\/\/www.medellin.gov.co\/es\/wp-content\/uploads\/2024\/09\/Profesionales-de-la-salud-aprenden-practicas-ancestrales-2-1024x682.jpg 1024w, https:\/\/www.medellin.gov.co\/es\/wp-content\/uploads\/2024\/09\/Profesionales-de-la-salud-aprenden-practicas-ancestrales-2-300x200.jpg 300w, https:\/\/www.medellin.gov.co\/es\/wp-content\/uploads\/2024\/09\/Profesionales-de-la-salud-aprenden-practicas-ancestrales-2-150x100.jpg 150w, https:\/\/www.medellin.gov.co\/es\/wp-content\/uploads\/2024\/09\/Profesionales-de-la-salud-aprenden-practicas-ancestrales-2-768x511.jpg 768w, https:\/\/www.medellin.gov.co\/es\/wp-content\/uploads\/2024\/09\/Profesionales-de-la-salud-aprenden-practicas-ancestrales-2.jpg 1200w\" sizes=\"(max-width: 1024px) 100vw, 1024px\" \/><\/a>\n\t\t\t<\/dt>\n\t\t\t\t<dd class='wp-caption-text gallery-caption' id='gallery-1-346674'>\n\t\t\t\tLa Alcald\u00eda de Medell\u00edn propici\u00f3 espacio para que profesionales de la salud aprendan sobre pr\u00e1cticas ancestrales &#8211; Foto alcaldia de Medell\u00edn\n\t\t\t\t<\/dd><\/dl><dl class='gallery-item'>\n\t\t\t<dt class='gallery-icon landscape'>\n\t\t\t\t<a href='https:\/\/www.medellin.gov.co\/es\/sala-de-prensa\/noticias\/la-alcaldia-de-medellin-propicio-espacio-para-que-profesionales-de-la-salud-aprendan-sobre-practicas-ancestrales\/profesionales-de-la-salud-aprenden-practicas-ancestrales-5\/'><img width=\"1024\" height=\"682\" src=\"https:\/\/www.medellin.gov.co\/es\/wp-content\/uploads\/2024\/09\/Profesionales-de-la-salud-aprenden-practicas-ancestrales-5-1024x682.jpg\" class=\"attachment-large size-large\" alt=\"La Alcald\u00eda de Medell\u00edn propici\u00f3 espacio para que profesionales de la salud aprendan sobre pr\u00e1cticas ancestrales\" loading=\"lazy\" aria-describedby=\"gallery-1-346677\" srcset=\"https:\/\/www.medellin.gov.co\/es\/wp-content\/uploads\/2024\/09\/Profesionales-de-la-salud-aprenden-practicas-ancestrales-5-1024x682.jpg 1024w, https:\/\/www.medellin.gov.co\/es\/wp-content\/uploads\/2024\/09\/Profesionales-de-la-salud-aprenden-practicas-ancestrales-5-300x200.jpg 300w, https:\/\/www.medellin.gov.co\/es\/wp-content\/uploads\/2024\/09\/Profesionales-de-la-salud-aprenden-practicas-ancestrales-5-150x100.jpg 150w, https:\/\/www.medellin.gov.co\/es\/wp-content\/uploads\/2024\/09\/Profesionales-de-la-salud-aprenden-practicas-ancestrales-5-768x511.jpg 768w, https:\/\/www.medellin.gov.co\/es\/wp-content\/uploads\/2024\/09\/Profesionales-de-la-salud-aprenden-practicas-ancestrales-5.jpg 1200w\" sizes=\"(max-width: 1024px) 100vw, 1024px\" \/><\/a>\n\t\t\t<\/dt>\n\t\t\t\t<dd class='wp-caption-text gallery-caption' id='gallery-1-346677'>\n\t\t\t\tLa Alcald\u00eda de Medell\u00edn propici\u00f3 espacio para que profesionales de la salud aprendan sobre pr\u00e1cticas ancestrales &#8211; Foto alcaldia de Medell\u00edn\n\t\t\t\t<\/dd><\/dl><br style=\"clear: both\" \/>\n\t\t<\/div>\n\n<p>Durante el espacio se abordaron tema\u0301ticas como el uso del yage\u0301, rituales jaibana\u0301 y la parteri\u0301a tradicional, que han perdurado y son fuente de bienestar para muchas comunidades. Adema\u0301s, se discutio\u0301 co\u0301mo articular estos conocimientos con la medicina moderna para enriquecer los sistemas de salud y promover un enfoque intercultural.<\/p>\n<p>Al respecto, la li\u0301der de la Unidad de Promocio\u0301n y Prevencio\u0301n de la Secretari\u0301a de Salud, Lina Juliet Bedoya, aseguro\u0301 que durante el encuentro: \u201c270 profesionales del a\u0301rea de la salud recibieron aprendizajes, conocimientos y reflexiones frente a la salud intercultural y a los saberes ancestrales. Tuvimos ma\u0301s de 15 ponentes entre sabedores indi\u0301genas y afrocolombianos, y se realizaron talleres entre parteri\u0301a ancestral, preparacio\u0301n de alimentos tradicionales, \u2018sobanderi\u0301a\u2019 y danza para el alma. Con estos espacios de reflexio\u0301n y aprendizajes pretendemos reconocer, valorar y practicar estos saberes ancestrales que han sido pilares fundamentales para la salud y el bienestar de las comunidades e\u0301tnicas, afro e indi\u0301genas\u201d.<\/p>\n\n\t\t<style type=\"text\/css\">\n\t\t\t#gallery-2 {\n\t\t\t\tmargin: auto;\n\t\t\t}\n\t\t\t#gallery-2 .gallery-item {\n\t\t\t\tfloat: left;\n\t\t\t\tmargin-top: 10px;\n\t\t\t\ttext-align: center;\n\t\t\t\twidth: 50%;\n\t\t\t}\n\t\t\t#gallery-2 img {\n\t\t\t\tborder: 2px solid #cfcfcf;\n\t\t\t}\n\t\t\t#gallery-2 .gallery-caption {\n\t\t\t\tmargin-left: 0;\n\t\t\t}\n\t\t\t\/* see gallery_shortcode() in wp-includes\/media.php *\/\n\t\t<\/style>\n\t\t<div id='gallery-2' class='gallery galleryid-346670 gallery-columns-2 gallery-size-large'><dl class='gallery-item'>\n\t\t\t<dt class='gallery-icon landscape'>\n\t\t\t\t<a href='https:\/\/www.medellin.gov.co\/es\/sala-de-prensa\/noticias\/la-alcaldia-de-medellin-propicio-espacio-para-que-profesionales-de-la-salud-aprendan-sobre-practicas-ancestrales\/profesionales-de-la-salud-aprenden-practicas-ancestrales-4\/'><img width=\"1024\" height=\"682\" src=\"https:\/\/www.medellin.gov.co\/es\/wp-content\/uploads\/2024\/09\/Profesionales-de-la-salud-aprenden-practicas-ancestrales-4-1024x682.jpg\" class=\"attachment-large size-large\" alt=\"La Alcald\u00eda de Medell\u00edn propici\u00f3 espacio para que profesionales de la salud aprendan sobre pr\u00e1cticas ancestrales\" loading=\"lazy\" aria-describedby=\"gallery-2-346676\" srcset=\"https:\/\/www.medellin.gov.co\/es\/wp-content\/uploads\/2024\/09\/Profesionales-de-la-salud-aprenden-practicas-ancestrales-4-1024x682.jpg 1024w, https:\/\/www.medellin.gov.co\/es\/wp-content\/uploads\/2024\/09\/Profesionales-de-la-salud-aprenden-practicas-ancestrales-4-300x200.jpg 300w, https:\/\/www.medellin.gov.co\/es\/wp-content\/uploads\/2024\/09\/Profesionales-de-la-salud-aprenden-practicas-ancestrales-4-150x100.jpg 150w, https:\/\/www.medellin.gov.co\/es\/wp-content\/uploads\/2024\/09\/Profesionales-de-la-salud-aprenden-practicas-ancestrales-4-768x511.jpg 768w, https:\/\/www.medellin.gov.co\/es\/wp-content\/uploads\/2024\/09\/Profesionales-de-la-salud-aprenden-practicas-ancestrales-4.jpg 1200w\" sizes=\"(max-width: 1024px) 100vw, 1024px\" \/><\/a>\n\t\t\t<\/dt>\n\t\t\t\t<dd class='wp-caption-text gallery-caption' id='gallery-2-346676'>\n\t\t\t\tLa Alcald\u00eda de Medell\u00edn propici\u00f3 espacio para que profesionales de la salud aprendan sobre pr\u00e1cticas ancestrales &#8211; Foto alcaldia de Medell\u00edn\n\t\t\t\t<\/dd><\/dl><dl class='gallery-item'>\n\t\t\t<dt class='gallery-icon landscape'>\n\t\t\t\t<a href='https:\/\/www.medellin.gov.co\/es\/sala-de-prensa\/noticias\/la-alcaldia-de-medellin-propicio-espacio-para-que-profesionales-de-la-salud-aprendan-sobre-practicas-ancestrales\/profesionales-de-la-salud-aprenden-practicas-ancestrales-3\/'><img width=\"1024\" height=\"682\" src=\"https:\/\/www.medellin.gov.co\/es\/wp-content\/uploads\/2024\/09\/Profesionales-de-la-salud-aprenden-practicas-ancestrales-3-1024x682.jpg\" class=\"attachment-large size-large\" alt=\"La Alcald\u00eda de Medell\u00edn propici\u00f3 espacio para que profesionales de la salud aprendan sobre pr\u00e1cticas ancestrales\" loading=\"lazy\" aria-describedby=\"gallery-2-346675\" srcset=\"https:\/\/www.medellin.gov.co\/es\/wp-content\/uploads\/2024\/09\/Profesionales-de-la-salud-aprenden-practicas-ancestrales-3-1024x682.jpg 1024w, https:\/\/www.medellin.gov.co\/es\/wp-content\/uploads\/2024\/09\/Profesionales-de-la-salud-aprenden-practicas-ancestrales-3-300x200.jpg 300w, https:\/\/www.medellin.gov.co\/es\/wp-content\/uploads\/2024\/09\/Profesionales-de-la-salud-aprenden-practicas-ancestrales-3-150x100.jpg 150w, https:\/\/www.medellin.gov.co\/es\/wp-content\/uploads\/2024\/09\/Profesionales-de-la-salud-aprenden-practicas-ancestrales-3-768x511.jpg 768w, https:\/\/www.medellin.gov.co\/es\/wp-content\/uploads\/2024\/09\/Profesionales-de-la-salud-aprenden-practicas-ancestrales-3.jpg 1200w\" sizes=\"(max-width: 1024px) 100vw, 1024px\" \/><\/a>\n\t\t\t<\/dt>\n\t\t\t\t<dd class='wp-caption-text gallery-caption' id='gallery-2-346675'>\n\t\t\t\tLa Alcald\u00eda de Medell\u00edn propici\u00f3 espacio para que profesionales de la salud aprendan sobre pr\u00e1cticas ancestrales &#8211; Foto alcaldia de Medell\u00edn\n\t\t\t\t<\/dd><\/dl><br style=\"clear: both\" \/>\n\t\t<\/div>\n\n<p>Los asistentes participaron en talleres sobre parteri\u0301a ancestral, sobanderi\u0301a, danza para el alma y preparacio\u0301n de alimentos tradicionales, lo que ayudo\u0301 a profundizar en acciones que integran cuerpo, mente y espi\u0301ritu.<\/p>\n<p>El encuentro se consolida como espacio de reflexio\u0301n, aprendizaje y convergencia con las tendencias de salud modernas, en favor del respeto y la inclusio\u0301n.<\/p>\n<\/div>\n<\/div>\n<\/div>\n","protected":false},"excerpt":{"rendered":"<p>En una apuesta para proteger y promover las pra\u0301cticas ancestrales, Medelli\u0301n fue sede del segundo Seminario Nacional de Salud Intercultural: Tejidos que Sanan, que acogio\u0301 a 270 profesionales, quienes participaron en talleres y ponencias orientadas &#8230;<\/p>\n","protected":false},"author":84,"featured_media":346672,"comment_status":"open","ping_status":"open","sticky":false,"template":"","format":"standard","meta":[],"categories":[18],"tags":[455,452],"formato_nota":[],"programas_tax":[],"acf":[],"_links":{"self":[{"href":"https:\/\/www.medellin.gov.co\/es\/wp-json\/wp\/v2\/posts\/346670"}],"collection":[{"href":"https:\/\/www.medellin.gov.co\/es\/wp-json\/wp\/v2\/posts"}],"about":[{"href":"https:\/\/www.medellin.gov.co\/es\/wp-json\/wp\/v2\/types\/post"}],"author":[{"embeddable":true,"href":"https:\/\/www.medellin.gov.co\/es\/wp-json\/wp\/v2\/users\/84"}],"replies":[{"embeddable":true,"href":"https:\/\/www.medellin.gov.co\/es\/wp-json\/wp\/v2\/comments?post=346670"}],"version-history":[{"count":1,"href":"https:\/\/www.medellin.gov.co\/es\/wp-json\/wp\/v2\/posts\/346670\/revisions"}],"predecessor-version":[{"id":346678,"href":"https:\/\/www.medellin.gov.co\/es\/wp-json\/wp\/v2\/posts\/346670\/revisions\/346678"}],"wp:featuredmedia":[{"embeddable":true,"href":"https:\/\/www.medellin.gov.co\/es\/wp-json\/wp\/v2\/media\/346672"}],"wp:attachment":[{"href":"https:\/\/www.medellin.gov.co\/es\/wp-json\/wp\/v2\/media?parent=346670"}],"wp:term":[{"taxonomy":"category","embeddable":true,"href":"https:\/\/www.medellin.gov.co\/es\/wp-json\/wp\/v2\/categories?post=346670"},{"taxonomy":"post_tag","embeddable":true,"href":"https:\/\/www.medellin.gov.co\/es\/wp-json\/wp\/v2\/tags?post=346670"},{"taxonomy":"formato_nota","embeddable":true,"href":"https:\/\/www.medellin.gov.co\/es\/wp-json\/wp\/v2\/formato_nota?post=346670"},{"taxonomy":"programas_tax","embeddable":true,"href":"https:\/\/www.medellin.gov.co\/es\/wp-json\/wp\/v2\/programas_tax?post=346670"}],"curies":[{"name":"wp","href":"https:\/\/api.w.org\/{rel}","templated":true}]}}