{"id":346681,"date":"2024-09-24T08:44:49","date_gmt":"2024-09-24T13:44:49","guid":{"rendered":"https:\/\/www.medellin.gov.co\/es\/?p=346681"},"modified":"2024-09-24T08:44:49","modified_gmt":"2024-09-24T13:44:49","slug":"la-alcaldia-de-medellin-refuerza-estrategias-de-permanencia-escolar-con-nuevos-guardianes-en-33-instituciones-educativas","status":"publish","type":"post","link":"https:\/\/www.medellin.gov.co\/es\/sala-de-prensa\/noticias\/la-alcaldia-de-medellin-refuerza-estrategias-de-permanencia-escolar-con-nuevos-guardianes-en-33-instituciones-educativas\/","title":{"rendered":"La Alcald\u00eda de Medell\u00edn refuerza estrategias de permanencia escolar con nuevos \u2018guardianes\u2019 en 33 instituciones educativas"},"content":{"rendered":"<ul>\n<li class=\"p1\"><b>Los \u2018guardianes\u2019 son responsables de identificar, monitorear y acompa\u00f1ar <\/b><b>a estudiantes en riesgo de ausentismo y deserci\u00f3n.<\/b><\/li>\n<li class=\"p1\"><b>M\u00e1s de 1.300 l\u00edderes estudiantiles promueven campa\u00f1as para garantizar la <\/b><b>permanencia escolar de sus compa\u00f1eros.<\/b><\/li>\n<li class=\"p1\"><b>Estas acciones forman parte del programa \u201cEn el Colegio Contamos con <\/b><b>Vos\u201d.<\/b><\/li>\n<\/ul>\n<!--[if lt IE 9]><script>document.createElement('audio');<\/script><![endif]-->\n\t<div class=\"wp-playlist wp-audio-playlist wp-playlist-light\">\n\t\t\t<div class=\"wp-playlist-current-item\"><\/div>\n\t\t<audio controls=\"controls\" preload=\"none\" width=\"640\"\n\t\t\t><\/audio>\n\t<div class=\"wp-playlist-next\"><\/div>\n\t<div class=\"wp-playlist-prev\"><\/div>\n\t<noscript>\n\t<ol>\n\t\t<li><a href='https:\/\/www.medellin.gov.co\/es\/wp-content\/uploads\/2024\/09\/Guardianes-para-fortalecer-permanencia-escolar-01.mp3'>Palabras de M\u00f3nica Marcela Giraldo Molina, subsecretaria de Planeaci\u00f3n Educativa<\/a><\/li>\t<\/ol>\n\t<\/noscript>\n\t<script type=\"application\/json\" class=\"wp-playlist-script\">{\"type\":\"audio\",\"tracklist\":true,\"tracknumbers\":true,\"images\":true,\"artists\":true,\"tracks\":[{\"src\":\"https:\\\/\\\/www.medellin.gov.co\\\/es\\\/wp-content\\\/uploads\\\/2024\\\/09\\\/Guardianes-para-fortalecer-permanencia-escolar-01.mp3\",\"type\":\"audio\\\/mpeg\",\"title\":\"Palabras de M\\u00f3nica Marcela Giraldo Molina, subsecretaria de Planeaci\\u00f3n Educativa\",\"caption\":\"\",\"description\":\"\\u00abPalabras de M\\u00f3nica Marcela Giraldo Molina, subsecretaria de Planeaci\\u00f3n Educativa\\u00bb.\",\"meta\":{\"length_formatted\":\"1:09\"},\"image\":{\"src\":\"https:\\\/\\\/www.medellin.gov.co\\\/es\\\/wp-includes\\\/images\\\/media\\\/audio.png\",\"width\":48,\"height\":64},\"thumb\":{\"src\":\"https:\\\/\\\/www.medellin.gov.co\\\/es\\\/wp-includes\\\/images\\\/media\\\/audio.png\",\"width\":48,\"height\":64}}]}<\/script>\n<\/div>\n\t\n<p class=\"p1\">La Alcald\u00eda de Medell\u00edn, a trav\u00e9s de la Secretar\u00eda de Educaci\u00f3n, implement\u00f3\u00a0\u00abGuardianes de Permanencia Escolar\u00bb, una estrategia para fortalecer la\u00a0continuidad de los estudiantes en las instituciones educativas oficiales y cuya\u00a0misi\u00f3n es identificar y acompa\u00f1ar a las ni\u00f1as, ni\u00f1os y j\u00f3venes en riesgo de\u00a0ausentismo, deserci\u00f3n y retiro.<\/p>\n<div id=\"attachment_346690\" style=\"width: 1210px\" class=\"wp-caption aligncenter\"><a href=\"https:\/\/www.medellin.gov.co\/es\/wp-content\/uploads\/2024\/09\/Guardianes-para-fortalecer-permanencia-escolar-4.jpg\" target=\"_blank\" rel=\"noopener\"><img aria-describedby=\"caption-attachment-346690\" loading=\"lazy\" class=\"wp-image-346690 size-full\" title=\"La Alcald\u00eda de Medell\u00edn refuerza estrategias de permanencia escolar con nuevos \u2018guardianes\u2019 en 33 instituciones educativas\" src=\"https:\/\/www.medellin.gov.co\/es\/wp-content\/uploads\/2024\/09\/Guardianes-para-fortalecer-permanencia-escolar-4.jpg\" alt=\"La Alcald\u00eda de Medell\u00edn refuerza estrategias de permanencia escolar con nuevos \u2018guardianes\u2019 en 33 instituciones educativas\" width=\"1200\" height=\"900\" srcset=\"https:\/\/www.medellin.gov.co\/es\/wp-content\/uploads\/2024\/09\/Guardianes-para-fortalecer-permanencia-escolar-4.jpg 1200w, https:\/\/www.medellin.gov.co\/es\/wp-content\/uploads\/2024\/09\/Guardianes-para-fortalecer-permanencia-escolar-4-300x225.jpg 300w, https:\/\/www.medellin.gov.co\/es\/wp-content\/uploads\/2024\/09\/Guardianes-para-fortalecer-permanencia-escolar-4-1024x768.jpg 1024w, https:\/\/www.medellin.gov.co\/es\/wp-content\/uploads\/2024\/09\/Guardianes-para-fortalecer-permanencia-escolar-4-150x113.jpg 150w, https:\/\/www.medellin.gov.co\/es\/wp-content\/uploads\/2024\/09\/Guardianes-para-fortalecer-permanencia-escolar-4-768x576.jpg 768w\" sizes=\"(max-width: 1200px) 100vw, 1200px\" \/><\/a><p id=\"caption-attachment-346690\" class=\"wp-caption-text\">La Alcald\u00eda de Medell\u00edn refuerza estrategias de permanencia escolar con nuevos \u2018guardianes\u2019 en 33 instituciones educativas &#8211; Foto alcaldia de Medell\u00edn<\/p><\/div>\n<p class=\"p1\">Esta iniciativa es desarrollada por un equipo interdisciplinario que monitorea el\u00a0ausentismo mediante un sistema de alertas tempranas con el cual se detectan\u00a0aquellos alumnos con alta inasistencia y se brinda acompa\u00f1amiento a las\u00a0instituciones en las que se presenta mayor riesgo de deserci\u00f3n.<\/p>\n<p class=\"p1\">Los \u2018guardianes\u2019 analizar\u00e1n las causas de inasistencia o retiro, realizar\u00e1n visitas\u00a0domiciliarias junto al equipo de Medell\u00edn Te Quiere Saludable y coordinar\u00e1n la\u00a0articulaci\u00f3n interinstitucional. Tambi\u00e9n, capacitar\u00e1n a docentes y personal\u00a0administrativo, organizar\u00e1n reuniones peri\u00f3dicas con l\u00edderes de mediaci\u00f3n y\u00a0estar\u00e1n al frente de mesas territoriales en las comunas colaborando con\u00a0promotores comunitarios y organizaciones locales.<\/p>\n<div id=\"attachment_346689\" style=\"width: 1206px\" class=\"wp-caption aligncenter\"><a href=\"https:\/\/www.medellin.gov.co\/es\/wp-content\/uploads\/2024\/09\/Guardianes-para-fortalecer-permanencia-escolar-3.jpg\" target=\"_blank\" rel=\"noopener\"><img aria-describedby=\"caption-attachment-346689\" loading=\"lazy\" class=\"wp-image-346689 size-full\" title=\"La Alcald\u00eda de Medell\u00edn refuerza estrategias de permanencia escolar con nuevos \u2018guardianes\u2019 en 33 instituciones educativas\" src=\"https:\/\/www.medellin.gov.co\/es\/wp-content\/uploads\/2024\/09\/Guardianes-para-fortalecer-permanencia-escolar-3.jpg\" alt=\"La Alcald\u00eda de Medell\u00edn refuerza estrategias de permanencia escolar con nuevos \u2018guardianes\u2019 en 33 instituciones educativas\" width=\"1196\" height=\"900\" srcset=\"https:\/\/www.medellin.gov.co\/es\/wp-content\/uploads\/2024\/09\/Guardianes-para-fortalecer-permanencia-escolar-3.jpg 1196w, https:\/\/www.medellin.gov.co\/es\/wp-content\/uploads\/2024\/09\/Guardianes-para-fortalecer-permanencia-escolar-3-300x226.jpg 300w, https:\/\/www.medellin.gov.co\/es\/wp-content\/uploads\/2024\/09\/Guardianes-para-fortalecer-permanencia-escolar-3-1024x771.jpg 1024w, https:\/\/www.medellin.gov.co\/es\/wp-content\/uploads\/2024\/09\/Guardianes-para-fortalecer-permanencia-escolar-3-150x113.jpg 150w, https:\/\/www.medellin.gov.co\/es\/wp-content\/uploads\/2024\/09\/Guardianes-para-fortalecer-permanencia-escolar-3-768x578.jpg 768w\" sizes=\"(max-width: 1196px) 100vw, 1196px\" \/><\/a><p id=\"caption-attachment-346689\" class=\"wp-caption-text\">La Alcald\u00eda de Medell\u00edn refuerza estrategias de permanencia escolar con nuevos \u2018guardianes\u2019 en 33 instituciones educativas &#8211; Foto alcaldia de Medell\u00edn<\/p><\/div>\n<p class=\"p1\"><i>\u201cEn 33 instituciones educativas estamos activando un Plan Piloto de Monitoreo\u00a0<\/i><i>y Seguimiento al Ausentismo para aquellos estudiantes que por m\u00faltiples causas\u00a0<\/i><i>han dejado de asistir a sus aulas. Contamos con una nueva instancia: el Comit\u00e9\u00a0<\/i><i>de Permanencia Escolar, un espacio conformado por varios actores de la\u00a0<\/i><i>institucionalidad que tienen un prop\u00f3sito superior como lo es evitar que ni\u00f1as,\u00a0<\/i><i>ni\u00f1os y j\u00f3venes se vayan del sistema escolar. Adem\u00e1s, contamos con una nueva\u00a0<\/i><i>figura en el marco del Gobierno Escolar: el l\u00edder de Mediaci\u00f3n y Permanencia\u00a0<\/i><i>Escolar, para acercar todas las estrategias que puedan motivar a los estudiantes,\u00a0<\/i><i>con el prop\u00f3sito superior que es continuar con su trayectoria educativa\u201d,<\/i> explic\u00f3\u00a0la subsecretaria de Planeaci\u00f3n Educativa, M\u00f3nica Marcela Giraldo Molina.<\/p>\n<p class=\"p1\">Adicionalmente, m\u00e1s de 1.300 l\u00edderes estudiantiles de los establecimientos\u00a0educativos del Distrito promueven iniciativas y campa\u00f1as que buscan fomentar la\u00a0asistencia y crear entornos escolares m\u00e1s agradables y participativos para sus\u00a0compa\u00f1eros de clase. Los proyectos est\u00e1n centrados en combatir las causas\u00a0principales del ausentismo y la deserci\u00f3n a trav\u00e9s de campa\u00f1as creativas y\u00a0propositivas.<\/p>\n<div id=\"attachment_346684\" style=\"width: 1210px\" class=\"wp-caption aligncenter\"><a href=\"https:\/\/www.medellin.gov.co\/es\/wp-content\/uploads\/2024\/09\/Guardianes-para-fortalecer-permanencia-escolar-1.jpg\" target=\"_blank\" rel=\"noopener\"><img aria-describedby=\"caption-attachment-346684\" loading=\"lazy\" class=\"wp-image-346684 size-full\" title=\"La Alcald\u00eda de Medell\u00edn refuerza estrategias de permanencia escolar con nuevos \u2018guardianes\u2019 en 33 instituciones educativas\" src=\"https:\/\/www.medellin.gov.co\/es\/wp-content\/uploads\/2024\/09\/Guardianes-para-fortalecer-permanencia-escolar-1.jpg\" alt=\"La Alcald\u00eda de Medell\u00edn refuerza estrategias de permanencia escolar con nuevos \u2018guardianes\u2019 en 33 instituciones educativas\" width=\"1200\" height=\"900\" srcset=\"https:\/\/www.medellin.gov.co\/es\/wp-content\/uploads\/2024\/09\/Guardianes-para-fortalecer-permanencia-escolar-1.jpg 1200w, https:\/\/www.medellin.gov.co\/es\/wp-content\/uploads\/2024\/09\/Guardianes-para-fortalecer-permanencia-escolar-1-300x225.jpg 300w, https:\/\/www.medellin.gov.co\/es\/wp-content\/uploads\/2024\/09\/Guardianes-para-fortalecer-permanencia-escolar-1-1024x768.jpg 1024w, https:\/\/www.medellin.gov.co\/es\/wp-content\/uploads\/2024\/09\/Guardianes-para-fortalecer-permanencia-escolar-1-150x113.jpg 150w, https:\/\/www.medellin.gov.co\/es\/wp-content\/uploads\/2024\/09\/Guardianes-para-fortalecer-permanencia-escolar-1-768x576.jpg 768w\" sizes=\"(max-width: 1200px) 100vw, 1200px\" \/><\/a><p id=\"caption-attachment-346684\" class=\"wp-caption-text\">La Alcald\u00eda de Medell\u00edn refuerza estrategias de permanencia escolar con nuevos \u2018guardianes\u2019 en 33 instituciones educativas &#8211; Foto alcaldia de Medell\u00edn<\/p><\/div>\n<p class=\"p1\">Un ejemplo destacado es la Instituci\u00f3n Educativa Enrique Olaya Herrera. Uno de\u00a0sus primeros pasos fue identificar a los estudiantes con m\u00e1s faltas, elaborar un\u00a0listado de aquellos que presentaban mayores ausencias y convocar a los\u00a0acudientes a reuniones individuales. Durante estos encuentros se establecieron\u00a0compromisos con los padres o tutores.<\/p>\n<p class=\"p1\">Como esta, hay muchas instituciones y l\u00edderes estudiantiles que est\u00e1n\u00a0promoviendo acciones para que los alumnos no abandonen sus estudios. Por\u00a0esto, la Alcald\u00eda de Medell\u00edn motivar\u00e1 a los l\u00edderes de Permanencia Escolar con\u00a0incentivos y reconocimientos a las mejores campa\u00f1as, como el \u00abReconocimiento\u00a0Ser Mejor\u00bb en la categor\u00eda \u00abConstrucci\u00f3n de Nuevas Ciudadan\u00edas\u00bb y premios en\u00a0ofertas formativas, recreativas y culturales para los grupos involucrados.<\/p>\n","protected":false},"excerpt":{"rendered":"<p>Los \u2018guardianes\u2019 son responsables de identificar, monitorear y acompa\u00f1ar a estudiantes en riesgo de ausentismo y deserci\u00f3n. M\u00e1s de 1.300 l\u00edderes estudiantiles promueven campa\u00f1as para garantizar la permanencia escolar de sus compa\u00f1eros. Estas acciones forman &#8230;<\/p>\n","protected":false},"author":84,"featured_media":346688,"comment_status":"open","ping_status":"open","sticky":false,"template":"","format":"standard","meta":[],"categories":[4],"tags":[431,455],"formato_nota":[],"programas_tax":[],"acf":[],"_links":{"self":[{"href":"https:\/\/www.medellin.gov.co\/es\/wp-json\/wp\/v2\/posts\/346681"}],"collection":[{"href":"https:\/\/www.medellin.gov.co\/es\/wp-json\/wp\/v2\/posts"}],"about":[{"href":"https:\/\/www.medellin.gov.co\/es\/wp-json\/wp\/v2\/types\/post"}],"author":[{"embeddable":true,"href":"https:\/\/www.medellin.gov.co\/es\/wp-json\/wp\/v2\/users\/84"}],"replies":[{"embeddable":true,"href":"https:\/\/www.medellin.gov.co\/es\/wp-json\/wp\/v2\/comments?post=346681"}],"version-history":[{"count":1,"href":"https:\/\/www.medellin.gov.co\/es\/wp-json\/wp\/v2\/posts\/346681\/revisions"}],"predecessor-version":[{"id":346693,"href":"https:\/\/www.medellin.gov.co\/es\/wp-json\/wp\/v2\/posts\/346681\/revisions\/346693"}],"wp:featuredmedia":[{"embeddable":true,"href":"https:\/\/www.medellin.gov.co\/es\/wp-json\/wp\/v2\/media\/346688"}],"wp:attachment":[{"href":"https:\/\/www.medellin.gov.co\/es\/wp-json\/wp\/v2\/media?parent=346681"}],"wp:term":[{"taxonomy":"category","embeddable":true,"href":"https:\/\/www.medellin.gov.co\/es\/wp-json\/wp\/v2\/categories?post=346681"},{"taxonomy":"post_tag","embeddable":true,"href":"https:\/\/www.medellin.gov.co\/es\/wp-json\/wp\/v2\/tags?post=346681"},{"taxonomy":"formato_nota","embeddable":true,"href":"https:\/\/www.medellin.gov.co\/es\/wp-json\/wp\/v2\/formato_nota?post=346681"},{"taxonomy":"programas_tax","embeddable":true,"href":"https:\/\/www.medellin.gov.co\/es\/wp-json\/wp\/v2\/programas_tax?post=346681"}],"curies":[{"name":"wp","href":"https:\/\/api.w.org\/{rel}","templated":true}]}}