{"id":346742,"date":"2024-09-24T10:12:39","date_gmt":"2024-09-24T15:12:39","guid":{"rendered":"https:\/\/www.medellin.gov.co\/es\/?p=346742"},"modified":"2024-09-24T10:12:39","modified_gmt":"2024-09-24T15:12:39","slug":"siento-mucha-alegria-porque-he-rodado-y-he-sufrido-mucho-luz-elena-quintana-al-recibir-su-nueva-vivienda","status":"publish","type":"post","link":"https:\/\/www.medellin.gov.co\/es\/sala-de-prensa\/noticias\/siento-mucha-alegria-porque-he-rodado-y-he-sufrido-mucho-luz-elena-quintana-al-recibir-su-nueva-vivienda\/","title":{"rendered":"\u201cSiento mucha alegr\u00eda, porque he rodado y he sufrido mucho\u201d: Luz Elena Quintana al recibir su nueva vivienda"},"content":{"rendered":"<blockquote><p><em>La Alcald\u00eda de Medell\u00edn y el <a href=\"https:\/\/isvimed.gov.co\/\" target=\"_blank\" rel=\"noopener\">Instituto Social de Vivienda y H\u00e1bitat de Medell\u00edn \u2013 Isvimed<\/a> \u2013 les entregaron el <a href=\"https:\/\/isvimed.gov.co\/noticias\/el-proyecto-habitacional-el-triunfo-tiene-una-ejecucion-del-100-y-en-los-proximos-dias-sera-entregado-a-las-familias-beneficiadas\/\" target=\"_blank\" rel=\"noopener\">proyecto El Triunfo<\/a>, conjunto residencial de 112 apartamentos, a 112 familias que empiezan una nueva vida. Aqu\u00ed la historia de una de ellas, la de Luz Elena Quintana.<\/em><strong>\u00a0<\/strong><\/p><\/blockquote>\n<p>Ese d\u00eda, a eso de las 8:00 a. m., Luz Elena Quintana estaba lavando platos en su casa, en el <a href=\"https:\/\/www.medellin.gov.co\/giscatalogacion\/srv\/api\/records\/0e11411f-a600-4b16-a9cd-5480d6089cc1\" target=\"_blank\" rel=\"noopener\">barrio Caicedo, oriente de Medell\u00edn<\/a>, cuando ocurri\u00f3 la desgracia que ahora recuerda: <em>\u201cEso empez\u00f3 a traquear y le dije a una nieta que estaba conmigo: \u2018\u00a1Tirate, v\u00e1monos!\u2019, y salimos de la casa\u201d.<\/em><\/p>\n<p>Un barranco vecino se derrumb\u00f3 y la se\u00f1ora perdi\u00f3 la vivienda y todo lo que ah\u00ed ten\u00eda. Fue hace 13 a\u00f1os. Desde entonces, Luz Elena ha recibido subsidio de arriendo temporal del <a href=\"https:\/\/isvimed.gov.co\/\" target=\"_blank\" rel=\"noopener\">Instituto Social de Vivienda y H\u00e1bitat de Medell\u00edn \u2013 Isvimed<\/a> \u2013 en el <a href=\"https:\/\/www.medellin.gov.co\/giscatalogacion\/srv\/api\/records\/8606b318-a47f-4450-9f1c-99d0a7086c79\" target=\"_blank\" rel=\"noopener\">barrio El Picacho<\/a> y en los \u00faltimos dos a\u00f1os, en el <a href=\"https:\/\/www.medellin.gov.co\/giscatalogacion\/giscatalogacion\/api\/records\/4f8538d4-ce17-4a8a-85f6-35414c864317\" target=\"_blank\" rel=\"noopener\">Popular 2<\/a>, sector La Isla.<\/p>\n\n\t\t<style type=\"text\/css\">\n\t\t\t#gallery-1 {\n\t\t\t\tmargin: auto;\n\t\t\t}\n\t\t\t#gallery-1 .gallery-item {\n\t\t\t\tfloat: left;\n\t\t\t\tmargin-top: 10px;\n\t\t\t\ttext-align: center;\n\t\t\t\twidth: 50%;\n\t\t\t}\n\t\t\t#gallery-1 img {\n\t\t\t\tborder: 2px solid #cfcfcf;\n\t\t\t}\n\t\t\t#gallery-1 .gallery-caption {\n\t\t\t\tmargin-left: 0;\n\t\t\t}\n\t\t\t\/* see gallery_shortcode() in wp-includes\/media.php *\/\n\t\t<\/style>\n\t\t<div id='gallery-1' class='gallery galleryid-346742 gallery-columns-2 gallery-size-large'><dl class='gallery-item'>\n\t\t\t<dt class='gallery-icon landscape'>\n\t\t\t\t<a href='https:\/\/www.medellin.gov.co\/es\/sala-de-prensa\/noticias\/siento-mucha-alegria-porque-he-rodado-y-he-sufrido-mucho-luz-elena-quintana-al-recibir-su-nueva-vivienda\/en-sendero\/'><img width=\"1024\" height=\"768\" src=\"https:\/\/www.medellin.gov.co\/es\/wp-content\/uploads\/2024\/09\/En-sendero-1024x768.jpg\" class=\"attachment-large size-large\" alt=\"\" loading=\"lazy\" aria-describedby=\"gallery-1-346762\" srcset=\"https:\/\/www.medellin.gov.co\/es\/wp-content\/uploads\/2024\/09\/En-sendero-1024x768.jpg 1024w, https:\/\/www.medellin.gov.co\/es\/wp-content\/uploads\/2024\/09\/En-sendero-300x225.jpg 300w, https:\/\/www.medellin.gov.co\/es\/wp-content\/uploads\/2024\/09\/En-sendero-150x113.jpg 150w, https:\/\/www.medellin.gov.co\/es\/wp-content\/uploads\/2024\/09\/En-sendero-768x576.jpg 768w, https:\/\/www.medellin.gov.co\/es\/wp-content\/uploads\/2024\/09\/En-sendero.jpg 1137w\" sizes=\"(max-width: 1024px) 100vw, 1024px\" \/><\/a>\n\t\t\t<\/dt>\n\t\t\t\t<dd class='wp-caption-text gallery-caption' id='gallery-1-346762'>\n\t\t\t\tLuz Elena Quintana, beneficiaria del proyecto de vivienda El Triunfo\n\t\t\t\t<\/dd><\/dl><dl class='gallery-item'>\n\t\t\t<dt class='gallery-icon landscape'>\n\t\t\t\t<a href='https:\/\/www.medellin.gov.co\/es\/sala-de-prensa\/noticias\/siento-mucha-alegria-porque-he-rodado-y-he-sufrido-mucho-luz-elena-quintana-al-recibir-su-nueva-vivienda\/torre-1\/'><img width=\"1024\" height=\"768\" src=\"https:\/\/www.medellin.gov.co\/es\/wp-content\/uploads\/2024\/09\/Torre-1-1024x768.jpg\" class=\"attachment-large size-large\" alt=\"Luz Elena Quintana, beneficiaria del proyecto de vivienda El Triunfo.\" loading=\"lazy\" srcset=\"https:\/\/www.medellin.gov.co\/es\/wp-content\/uploads\/2024\/09\/Torre-1-1024x768.jpg 1024w, https:\/\/www.medellin.gov.co\/es\/wp-content\/uploads\/2024\/09\/Torre-1-300x225.jpg 300w, https:\/\/www.medellin.gov.co\/es\/wp-content\/uploads\/2024\/09\/Torre-1-150x113.jpg 150w, https:\/\/www.medellin.gov.co\/es\/wp-content\/uploads\/2024\/09\/Torre-1-768x576.jpg 768w, https:\/\/www.medellin.gov.co\/es\/wp-content\/uploads\/2024\/09\/Torre-1.jpg 1137w\" sizes=\"(max-width: 1024px) 100vw, 1024px\" \/><\/a>\n\t\t\t<\/dt><\/dl><br style=\"clear: both\" \/>\n\t\t<\/div>\n\n<p>El arriendo temporal lleg\u00f3 a su fin, porque este lunes, 23 de septiembre, la mujer de 70 a\u00f1os recibi\u00f3 la llave de su nueva casa de manos del <a href=\"https:\/\/isvimed.gov.co\/\" target=\"_blank\" rel=\"noopener\">Isvimed<\/a>, que les entreg\u00f3 a ella y a otras 111 familias el proyecto habitacional <a href=\"https:\/\/isvimed.gov.co\/noticias\/el-proyecto-habitacional-el-triunfo-tiene-una-ejecucion-del-100-y-en-los-proximos-dias-sera-entregado-a-las-familias-beneficiadas\/\" target=\"_blank\" rel=\"noopener\">El Triunfo<\/a> en la <a href=\"https:\/\/www.medellin.gov.co\/giscatalogacion\/srv\/api\/records\/cd120e87-79ea-4549-8f0d-b64dbfc6a027\" target=\"_blank\" rel=\"noopener\">comuna seis \u2013 Doce de Octubre \u2013<\/a>, cerca de la base del <a href=\"https:\/\/www.medellin.gov.co\/es\/secretaria-medio-ambiente\/medellin-biodiversa\/cerro-el-picacho\/\" target=\"_blank\" rel=\"noopener\">cerro El Picacho<\/a>.<\/p>\n<p><em>\u201cSiento mucha alegr\u00eda, porque he rodado y he sufrido mucho\u201d,<\/em> expres\u00f3 Luz Elena ya pisando <a href=\"https:\/\/isvimed.gov.co\/noticias\/el-proyecto-habitacional-el-triunfo-tiene-una-ejecucion-del-100-y-en-los-proximos-dias-sera-entregado-a-las-familias-beneficiadas\/\" target=\"_blank\" rel=\"noopener\">El Triunfo<\/a>, conjunto residencial que el <a href=\"https:\/\/isvimed.gov.co\/\" target=\"_blank\" rel=\"noopener\">Isvimed<\/a> empez\u00f3 a estructurar en 2018 y que ahora es una victoria para estas 112 familias, la mayor\u00eda damnificadas por desastres naturales, que esperaron por a\u00f1os una soluci\u00f3n definitiva de vivienda.<\/p>\n<p><div class=\"iframe-container\"><iframe title=\"YouTube video player\" src=\"https:\/\/www.youtube.com\/embed\/KI-g_VPM3Eo?si=V8JpKGgiZEl557uP\" width=\"100%\" height=\"350\" frameborder=\"0\" allowfullscreen=\"allowfullscreen\"><span data-mce-type=\"bookmark\" style=\"display: inline-block; width: 0px; overflow: hidden; line-height: 0;\" class=\"mce_SELRES_start\">\ufeff<\/span><\/iframe><\/div><\/p>\n<p><strong>Una vida muy dif\u00edcil<\/strong><\/p>\n<p>Luz es de <a href=\"https:\/\/fredonia-antioquia.gov.co\/\" target=\"_blank\" rel=\"noopener\">Fredonia (Antioquia)<\/a> y, cuando ten\u00eda 15 a\u00f1os, se vino para Medell\u00edn con su mam\u00e1 y tres hermanas. Trabaj\u00f3 en casas de familia, como empleada dom\u00e9stica interna, en <a href=\"https:\/\/sabaneta.gov.co\/\" target=\"_blank\" rel=\"noopener\">Sabaneta<\/a> y el <a href=\"https:\/\/www.medellin.travel\/10-planes-imperdibles-en-el-centro-de-medellin\/\" target=\"_blank\" rel=\"noopener\">centro de Medell\u00edn<\/a>. Labor\u00f3 hasta los 65 a\u00f1os y qued\u00f3 sin jubilaci\u00f3n, porque, seg\u00fan cont\u00f3, nunca cotiz\u00f3 para pensi\u00f3n.<\/p>\n<p>Tuvo seis hijos. A C\u00e9sar Augusto, de 32 a\u00f1os, lo mataron en el <a href=\"https:\/\/www.medellin.gov.co\/giscatalogacion\/giscatalogacion\/api\/records\/4f8538d4-ce17-4a8a-85f6-35414c864317\" target=\"_blank\" rel=\"noopener\">barrio Popular 2<\/a> hace m\u00e1s de cinco a\u00f1os, y Flor Alba desapareci\u00f3 cuando ten\u00eda 40 a\u00f1os. Trabajaba cerca del <a href=\"https:\/\/centrodemedellin.co\/ArticulosView.aspx?id=11\" target=\"_blank\" rel=\"noopener\">parque de Berr\u00edo<\/a> plastificando documentos y reparando relojes. Luz averigu\u00f3 en el sector y le contaron que el 31 de diciembre, hace 11 a\u00f1os, la montaron a un carro negro y se la llevaron. Es por eso que su madre cree que Flor tambi\u00e9n est\u00e1 muerta.<\/p>\n<p>Los otros cuatro hijos est\u00e1n vivos. Luz piensa ocupar su nueva casa con su compa\u00f1ero sentimental y con uno de sus cuatro hijos, aunque reconoci\u00f3 que es dif\u00edcil que su muchacho se quede con ella, porque es habitante de calle y solo la visita unos cuantos d\u00edas y vuelve a las calles del <a href=\"https:\/\/www.medellin.travel\/10-planes-imperdibles-en-el-centro-de-medellin\/\" target=\"_blank\" rel=\"noopener\">centro de Medell\u00edn<\/a>.<\/p>\n<div id=\"attachment_346778\" style=\"width: 1034px\" class=\"wp-caption alignnone\"><a href=\"https:\/\/www.medellin.gov.co\/es\/wp-content\/uploads\/2024\/09\/Luz-en-El-Triunfo.jpg\" target=\"_blank\" rel=\"noopener\"><img aria-describedby=\"caption-attachment-346778\" loading=\"lazy\" class=\"wp-image-346778 size-large\" src=\"https:\/\/www.medellin.gov.co\/es\/wp-content\/uploads\/2024\/09\/Luz-en-El-Triunfo-1024x768.jpg\" alt=\"Luz Elena Quintana, beneficiaria del proyecto de vivienda El Triunfo.\" width=\"1024\" height=\"768\" srcset=\"https:\/\/www.medellin.gov.co\/es\/wp-content\/uploads\/2024\/09\/Luz-en-El-Triunfo-1024x768.jpg 1024w, https:\/\/www.medellin.gov.co\/es\/wp-content\/uploads\/2024\/09\/Luz-en-El-Triunfo-300x225.jpg 300w, https:\/\/www.medellin.gov.co\/es\/wp-content\/uploads\/2024\/09\/Luz-en-El-Triunfo-150x113.jpg 150w, https:\/\/www.medellin.gov.co\/es\/wp-content\/uploads\/2024\/09\/Luz-en-El-Triunfo-768x576.jpg 768w, https:\/\/www.medellin.gov.co\/es\/wp-content\/uploads\/2024\/09\/Luz-en-El-Triunfo.jpg 1137w\" sizes=\"(max-width: 1024px) 100vw, 1024px\" \/><\/a><p id=\"caption-attachment-346778\" class=\"wp-caption-text\">Luz Elena Quintana, beneficiaria del proyecto de vivienda El Triunfo<\/p><\/div>\n<p>En 2004 su marido tuvo que desplazarse de <a href=\"https:\/\/www.caucasia-antioquia.gov.co\/\" target=\"_blank\" rel=\"noopener\">Caucasia (Antioquia)<\/a> a la capital antioque\u00f1a por amenazas de los paramilitares. En el <a href=\"http:\/\/antioquia.gov.co\/bajo-cauca\" target=\"_blank\" rel=\"noopener\">Bajo Cauca<\/a> le mataron a seis familiares, por lo que emprendi\u00f3 camino hacia Medell\u00edn, donde trabaj\u00f3 en construcci\u00f3n. Tiene 67 a\u00f1os, cuatro hijos y vende dulces en el espacio p\u00fablico.<\/p>\n<p>Los apartamentos fueron entregados en obra gris<em>. \u201cVoy a ver si mis hijos me ayudan a organizarlo. Quiero vivir ah\u00ed tranquila, porque nadie me va a sacar de aqu\u00ed\u201d,<\/em>\u00a0apunt\u00f3 Luz, sentada frente a la torre en la que pronto habitar\u00e1.<\/p>\n<p><strong>Trabajo en equipo<\/strong><\/p>\n<p>La inversi\u00f3n en este proyecto fue de 18.965 millones de pesos. Casi toda, hecha por el Distrito, y un aporte de la <a href=\"https:\/\/viva.gov.co\/\" target=\"_blank\" rel=\"noopener\">Empresa de Vivienda de Antioquia \u2013 Viva \u2013<\/a> de unos $870 millones.<\/p>\n<div id=\"attachment_346749\" style=\"width: 1034px\" class=\"wp-caption alignnone\"><a href=\"https:\/\/www.medellin.gov.co\/es\/wp-content\/uploads\/2024\/09\/Alcalde-con-beneficiarios-4.jpg\" target=\"_blank\" rel=\"noopener\"><img aria-describedby=\"caption-attachment-346749\" loading=\"lazy\" class=\"wp-image-346749 size-large\" src=\"https:\/\/www.medellin.gov.co\/es\/wp-content\/uploads\/2024\/09\/Alcalde-con-beneficiarios-4-1024x682.jpg\" alt=\"\" width=\"1024\" height=\"682\" srcset=\"https:\/\/www.medellin.gov.co\/es\/wp-content\/uploads\/2024\/09\/Alcalde-con-beneficiarios-4-1024x682.jpg 1024w, https:\/\/www.medellin.gov.co\/es\/wp-content\/uploads\/2024\/09\/Alcalde-con-beneficiarios-4-300x200.jpg 300w, https:\/\/www.medellin.gov.co\/es\/wp-content\/uploads\/2024\/09\/Alcalde-con-beneficiarios-4-150x100.jpg 150w, https:\/\/www.medellin.gov.co\/es\/wp-content\/uploads\/2024\/09\/Alcalde-con-beneficiarios-4-768x512.jpg 768w, https:\/\/www.medellin.gov.co\/es\/wp-content\/uploads\/2024\/09\/Alcalde-con-beneficiarios-4.jpg 1280w\" sizes=\"(max-width: 1024px) 100vw, 1024px\" \/><\/a><p id=\"caption-attachment-346749\" class=\"wp-caption-text\">El alcalde de Medell\u00edn, Federico Guti\u00e9rrez, junto a beneficiarios del proyecto El Triunfo<\/p><\/div>\n<p>Durante la entrega del proyecto, el <a href=\"https:\/\/www.medellin.gov.co\/es\/nuestro-alcalde\/\" target=\"_blank\" rel=\"noopener\">alcalde de Medell\u00edn, Federico Guti\u00e9rrez<\/a>, destac\u00f3 el trabajo del equipo del <a href=\"https:\/\/isvimed.gov.co\/\" target=\"_blank\" rel=\"noopener\">Isvimed<\/a> y agradeci\u00f3 la vinculaci\u00f3n de Viva y del sector privado, puesto que en el acto, como parte del programa Dota tu Casa, se hicieron presentes varias empresas privadas que les ofrecieron productos de construcci\u00f3n y de hogar, con descuentos, a los beneficiarios para sus apartamentos.<\/p>\n<p><em>\u201cEstas viviendas son hogares que deber\u00e1n estar llenos de amor y buena energ\u00eda. Nada de malos tratos a mujeres ni a ni\u00f1as, ni\u00f1os y adolescentes\u201d, <\/em>recalc\u00f3 el alcalde.<\/p>\n\n\t\t<style type=\"text\/css\">\n\t\t\t#gallery-2 {\n\t\t\t\tmargin: auto;\n\t\t\t}\n\t\t\t#gallery-2 .gallery-item {\n\t\t\t\tfloat: left;\n\t\t\t\tmargin-top: 10px;\n\t\t\t\ttext-align: center;\n\t\t\t\twidth: 50%;\n\t\t\t}\n\t\t\t#gallery-2 img {\n\t\t\t\tborder: 2px solid #cfcfcf;\n\t\t\t}\n\t\t\t#gallery-2 .gallery-caption {\n\t\t\t\tmargin-left: 0;\n\t\t\t}\n\t\t\t\/* see gallery_shortcode() in wp-includes\/media.php *\/\n\t\t<\/style>\n\t\t<div id='gallery-2' class='gallery galleryid-346742 gallery-columns-2 gallery-size-large'><dl class='gallery-item'>\n\t\t\t<dt class='gallery-icon landscape'>\n\t\t\t\t<a href='https:\/\/www.medellin.gov.co\/es\/sala-de-prensa\/noticias\/siento-mucha-alegria-porque-he-rodado-y-he-sufrido-mucho-luz-elena-quintana-al-recibir-su-nueva-vivienda\/alcalde-con-beneficiarios-3\/'><img width=\"1024\" height=\"682\" src=\"https:\/\/www.medellin.gov.co\/es\/wp-content\/uploads\/2024\/09\/Alcalde-con-beneficiarios-3-1024x682.jpg\" class=\"attachment-large size-large\" alt=\"\" loading=\"lazy\" aria-describedby=\"gallery-2-346747\" srcset=\"https:\/\/www.medellin.gov.co\/es\/wp-content\/uploads\/2024\/09\/Alcalde-con-beneficiarios-3-1024x682.jpg 1024w, https:\/\/www.medellin.gov.co\/es\/wp-content\/uploads\/2024\/09\/Alcalde-con-beneficiarios-3-300x200.jpg 300w, https:\/\/www.medellin.gov.co\/es\/wp-content\/uploads\/2024\/09\/Alcalde-con-beneficiarios-3-150x100.jpg 150w, https:\/\/www.medellin.gov.co\/es\/wp-content\/uploads\/2024\/09\/Alcalde-con-beneficiarios-3-768x512.jpg 768w, https:\/\/www.medellin.gov.co\/es\/wp-content\/uploads\/2024\/09\/Alcalde-con-beneficiarios-3.jpg 1280w\" sizes=\"(max-width: 1024px) 100vw, 1024px\" \/><\/a>\n\t\t\t<\/dt>\n\t\t\t\t<dd class='wp-caption-text gallery-caption' id='gallery-2-346747'>\n\t\t\t\tEl alcalde de Medell\u00edn, Federico Guti\u00e9rrez, junto a beneficiarios del proyecto El Triunfo\n\t\t\t\t<\/dd><\/dl><dl class='gallery-item'>\n\t\t\t<dt class='gallery-icon landscape'>\n\t\t\t\t<a href='https:\/\/www.medellin.gov.co\/es\/sala-de-prensa\/noticias\/siento-mucha-alegria-porque-he-rodado-y-he-sufrido-mucho-luz-elena-quintana-al-recibir-su-nueva-vivienda\/alcalde-con-beneficiarios-2\/'><img width=\"1024\" height=\"682\" src=\"https:\/\/www.medellin.gov.co\/es\/wp-content\/uploads\/2024\/09\/Alcalde-con-beneficiarios-2-1024x682.jpg\" class=\"attachment-large size-large\" alt=\"\" loading=\"lazy\" aria-describedby=\"gallery-2-346744\" srcset=\"https:\/\/www.medellin.gov.co\/es\/wp-content\/uploads\/2024\/09\/Alcalde-con-beneficiarios-2-1024x682.jpg 1024w, https:\/\/www.medellin.gov.co\/es\/wp-content\/uploads\/2024\/09\/Alcalde-con-beneficiarios-2-300x200.jpg 300w, https:\/\/www.medellin.gov.co\/es\/wp-content\/uploads\/2024\/09\/Alcalde-con-beneficiarios-2-150x100.jpg 150w, https:\/\/www.medellin.gov.co\/es\/wp-content\/uploads\/2024\/09\/Alcalde-con-beneficiarios-2-768x512.jpg 768w, https:\/\/www.medellin.gov.co\/es\/wp-content\/uploads\/2024\/09\/Alcalde-con-beneficiarios-2.jpg 1280w\" sizes=\"(max-width: 1024px) 100vw, 1024px\" \/><\/a>\n\t\t\t<\/dt>\n\t\t\t\t<dd class='wp-caption-text gallery-caption' id='gallery-2-346744'>\n\t\t\t\tEl alcalde de Medell\u00edn, Federico Guti\u00e9rrez, junto a beneficiarios del proyecto El Triunfo\n\t\t\t\t<\/dd><\/dl><br style=\"clear: both\" \/>\n\t\t<\/div>\n\n<p>Por su parte, la directora del <a href=\"https:\/\/isvimed.gov.co\/\" target=\"_blank\" rel=\"noopener\">Isvimed<\/a>, Valentina Aguilar, resalt\u00f3 que los apartamentos de <a href=\"https:\/\/isvimed.gov.co\/noticias\/el-proyecto-habitacional-el-triunfo-tiene-una-ejecucion-del-100-y-en-los-proximos-dias-sera-entregado-a-las-familias-beneficiadas\/\" target=\"_blank\" rel=\"noopener\">El Triunfo<\/a> son accesibles.<\/p>\n<p>Es un conjunto residencial de <a href=\"https:\/\/www.minvivienda.gov.co\/viceministerio-de-vivienda\/vis-y-vip\" target=\"_blank\" rel=\"noopener\">vivienda de inter\u00e9s prioritario (VIP)<\/a>. Se compone de 112 apartamentos distribuidos en dos torres, de siete pisos cada una. En las zonas comunes hay gimnasio, parque infantil, sendero y parqueaderos.<\/p>\n\n\t\t<style type=\"text\/css\">\n\t\t\t#gallery-3 {\n\t\t\t\tmargin: auto;\n\t\t\t}\n\t\t\t#gallery-3 .gallery-item {\n\t\t\t\tfloat: left;\n\t\t\t\tmargin-top: 10px;\n\t\t\t\ttext-align: center;\n\t\t\t\twidth: 50%;\n\t\t\t}\n\t\t\t#gallery-3 img {\n\t\t\t\tborder: 2px solid #cfcfcf;\n\t\t\t}\n\t\t\t#gallery-3 .gallery-caption {\n\t\t\t\tmargin-left: 0;\n\t\t\t}\n\t\t\t\/* see gallery_shortcode() in wp-includes\/media.php *\/\n\t\t<\/style>\n\t\t<div id='gallery-3' class='gallery galleryid-346742 gallery-columns-2 gallery-size-large'><dl class='gallery-item'>\n\t\t\t<dt class='gallery-icon landscape'>\n\t\t\t\t<a href='https:\/\/www.medellin.gov.co\/es\/sala-de-prensa\/noticias\/siento-mucha-alegria-porque-he-rodado-y-he-sufrido-mucho-luz-elena-quintana-al-recibir-su-nueva-vivienda\/conjunto-el-triunfo-1\/'><img width=\"1024\" height=\"768\" src=\"https:\/\/www.medellin.gov.co\/es\/wp-content\/uploads\/2024\/09\/Conjunto-El-Triunfo-1-1024x768.jpg\" class=\"attachment-large size-large\" alt=\"Conjunto residencial El Triunfo.\" loading=\"lazy\" srcset=\"https:\/\/www.medellin.gov.co\/es\/wp-content\/uploads\/2024\/09\/Conjunto-El-Triunfo-1-1024x768.jpg 1024w, https:\/\/www.medellin.gov.co\/es\/wp-content\/uploads\/2024\/09\/Conjunto-El-Triunfo-1-300x225.jpg 300w, https:\/\/www.medellin.gov.co\/es\/wp-content\/uploads\/2024\/09\/Conjunto-El-Triunfo-1-150x113.jpg 150w, https:\/\/www.medellin.gov.co\/es\/wp-content\/uploads\/2024\/09\/Conjunto-El-Triunfo-1-768x576.jpg 768w, https:\/\/www.medellin.gov.co\/es\/wp-content\/uploads\/2024\/09\/Conjunto-El-Triunfo-1.jpg 1137w\" sizes=\"(max-width: 1024px) 100vw, 1024px\" \/><\/a>\n\t\t\t<\/dt><\/dl><dl class='gallery-item'>\n\t\t\t<dt class='gallery-icon landscape'>\n\t\t\t\t<a href='https:\/\/www.medellin.gov.co\/es\/sala-de-prensa\/noticias\/siento-mucha-alegria-porque-he-rodado-y-he-sufrido-mucho-luz-elena-quintana-al-recibir-su-nueva-vivienda\/conjunto-el-triunfo-5\/'><img width=\"1024\" height=\"768\" src=\"https:\/\/www.medellin.gov.co\/es\/wp-content\/uploads\/2024\/09\/Conjunto-El-Triunfo-5-1024x768.jpg\" class=\"attachment-large size-large\" alt=\"Conjunto residencial El Triunfo.\" loading=\"lazy\" aria-describedby=\"gallery-3-346760\" srcset=\"https:\/\/www.medellin.gov.co\/es\/wp-content\/uploads\/2024\/09\/Conjunto-El-Triunfo-5-1024x768.jpg 1024w, https:\/\/www.medellin.gov.co\/es\/wp-content\/uploads\/2024\/09\/Conjunto-El-Triunfo-5-300x225.jpg 300w, https:\/\/www.medellin.gov.co\/es\/wp-content\/uploads\/2024\/09\/Conjunto-El-Triunfo-5-150x113.jpg 150w, https:\/\/www.medellin.gov.co\/es\/wp-content\/uploads\/2024\/09\/Conjunto-El-Triunfo-5-768x576.jpg 768w, https:\/\/www.medellin.gov.co\/es\/wp-content\/uploads\/2024\/09\/Conjunto-El-Triunfo-5.jpg 1137w\" sizes=\"(max-width: 1024px) 100vw, 1024px\" \/><\/a>\n\t\t\t<\/dt>\n\t\t\t\t<dd class='wp-caption-text gallery-caption' id='gallery-3-346760'>\n\t\t\t\tConjunto residencial El Triunfo\n\t\t\t\t<\/dd><\/dl><br style=\"clear: both\" \/><dl class='gallery-item'>\n\t\t\t<dt class='gallery-icon landscape'>\n\t\t\t\t<a href='https:\/\/www.medellin.gov.co\/es\/sala-de-prensa\/noticias\/siento-mucha-alegria-porque-he-rodado-y-he-sufrido-mucho-luz-elena-quintana-al-recibir-su-nueva-vivienda\/conjunto-el-triunfo-3\/'><img width=\"1024\" height=\"768\" src=\"https:\/\/www.medellin.gov.co\/es\/wp-content\/uploads\/2024\/09\/Conjunto-El-Triunfo-3-1024x768.jpg\" class=\"attachment-large size-large\" alt=\"Conjunto residencial El Triunfo.\" loading=\"lazy\" aria-describedby=\"gallery-3-346757\" srcset=\"https:\/\/www.medellin.gov.co\/es\/wp-content\/uploads\/2024\/09\/Conjunto-El-Triunfo-3-1024x768.jpg 1024w, https:\/\/www.medellin.gov.co\/es\/wp-content\/uploads\/2024\/09\/Conjunto-El-Triunfo-3-300x225.jpg 300w, https:\/\/www.medellin.gov.co\/es\/wp-content\/uploads\/2024\/09\/Conjunto-El-Triunfo-3-150x113.jpg 150w, https:\/\/www.medellin.gov.co\/es\/wp-content\/uploads\/2024\/09\/Conjunto-El-Triunfo-3-768x576.jpg 768w, https:\/\/www.medellin.gov.co\/es\/wp-content\/uploads\/2024\/09\/Conjunto-El-Triunfo-3.jpg 1137w\" sizes=\"(max-width: 1024px) 100vw, 1024px\" \/><\/a>\n\t\t\t<\/dt>\n\t\t\t\t<dd class='wp-caption-text gallery-caption' id='gallery-3-346757'>\n\t\t\t\tConjunto residencial El Triunfo\n\t\t\t\t<\/dd><\/dl><dl class='gallery-item'>\n\t\t\t<dt class='gallery-icon landscape'>\n\t\t\t\t<a href='https:\/\/www.medellin.gov.co\/es\/sala-de-prensa\/noticias\/siento-mucha-alegria-porque-he-rodado-y-he-sufrido-mucho-luz-elena-quintana-al-recibir-su-nueva-vivienda\/conjunto-el-triunfo-2\/'><img width=\"1024\" height=\"768\" src=\"https:\/\/www.medellin.gov.co\/es\/wp-content\/uploads\/2024\/09\/Conjunto-El-Triunfo-2-1024x768.jpg\" class=\"attachment-large size-large\" alt=\"Conjunto residencial El Triunfo.\" loading=\"lazy\" aria-describedby=\"gallery-3-346755\" srcset=\"https:\/\/www.medellin.gov.co\/es\/wp-content\/uploads\/2024\/09\/Conjunto-El-Triunfo-2-1024x768.jpg 1024w, https:\/\/www.medellin.gov.co\/es\/wp-content\/uploads\/2024\/09\/Conjunto-El-Triunfo-2-300x225.jpg 300w, https:\/\/www.medellin.gov.co\/es\/wp-content\/uploads\/2024\/09\/Conjunto-El-Triunfo-2-150x113.jpg 150w, https:\/\/www.medellin.gov.co\/es\/wp-content\/uploads\/2024\/09\/Conjunto-El-Triunfo-2-768x576.jpg 768w, https:\/\/www.medellin.gov.co\/es\/wp-content\/uploads\/2024\/09\/Conjunto-El-Triunfo-2.jpg 1137w\" sizes=\"(max-width: 1024px) 100vw, 1024px\" \/><\/a>\n\t\t\t<\/dt>\n\t\t\t\t<dd class='wp-caption-text gallery-caption' id='gallery-3-346755'>\n\t\t\t\tConjunto residencial El Triunfo\n\t\t\t\t<\/dd><\/dl><br style=\"clear: both\" \/>\n\t\t<\/div>\n\n<p>Los apartamentos se les entregaron de manera gratuita a los beneficiarios. Tienen un \u00e1rea de 45 metros cuadrados, cocina, sala \u2013 comedor, dos habitaciones, un ba\u00f1o, zona de ropas y balc\u00f3n.<\/p>\n\n\t\t<style type=\"text\/css\">\n\t\t\t#gallery-4 {\n\t\t\t\tmargin: auto;\n\t\t\t}\n\t\t\t#gallery-4 .gallery-item {\n\t\t\t\tfloat: left;\n\t\t\t\tmargin-top: 10px;\n\t\t\t\ttext-align: center;\n\t\t\t\twidth: 50%;\n\t\t\t}\n\t\t\t#gallery-4 img {\n\t\t\t\tborder: 2px solid #cfcfcf;\n\t\t\t}\n\t\t\t#gallery-4 .gallery-caption {\n\t\t\t\tmargin-left: 0;\n\t\t\t}\n\t\t\t\/* see gallery_shortcode() in wp-includes\/media.php *\/\n\t\t<\/style>\n\t\t<div id='gallery-4' class='gallery galleryid-346742 gallery-columns-2 gallery-size-large'><dl class='gallery-item'>\n\t\t\t<dt class='gallery-icon landscape'>\n\t\t\t\t<a href='https:\/\/www.medellin.gov.co\/es\/sala-de-prensa\/noticias\/siento-mucha-alegria-porque-he-rodado-y-he-sufrido-mucho-luz-elena-quintana-al-recibir-su-nueva-vivienda\/interior-y-entrega-4\/'><img width=\"1024\" height=\"768\" src=\"https:\/\/www.medellin.gov.co\/es\/wp-content\/uploads\/2024\/09\/Interior-y-entrega-4-1024x768.jpg\" class=\"attachment-large size-large\" alt=\"Interior de uno de los apartamentos de El Triunfo.\" loading=\"lazy\" aria-describedby=\"gallery-4-346771\" srcset=\"https:\/\/www.medellin.gov.co\/es\/wp-content\/uploads\/2024\/09\/Interior-y-entrega-4-1024x768.jpg 1024w, https:\/\/www.medellin.gov.co\/es\/wp-content\/uploads\/2024\/09\/Interior-y-entrega-4-300x225.jpg 300w, https:\/\/www.medellin.gov.co\/es\/wp-content\/uploads\/2024\/09\/Interior-y-entrega-4-150x113.jpg 150w, https:\/\/www.medellin.gov.co\/es\/wp-content\/uploads\/2024\/09\/Interior-y-entrega-4-768x576.jpg 768w, https:\/\/www.medellin.gov.co\/es\/wp-content\/uploads\/2024\/09\/Interior-y-entrega-4.jpg 1137w\" sizes=\"(max-width: 1024px) 100vw, 1024px\" \/><\/a>\n\t\t\t<\/dt>\n\t\t\t\t<dd class='wp-caption-text gallery-caption' id='gallery-4-346771'>\n\t\t\t\t Interior de uno de los apartamentos de El Triunfo\n\t\t\t\t<\/dd><\/dl><dl class='gallery-item'>\n\t\t\t<dt class='gallery-icon landscape'>\n\t\t\t\t<a href='https:\/\/www.medellin.gov.co\/es\/sala-de-prensa\/noticias\/siento-mucha-alegria-porque-he-rodado-y-he-sufrido-mucho-luz-elena-quintana-al-recibir-su-nueva-vivienda\/interior-y-entrega-3\/'><img width=\"1024\" height=\"768\" src=\"https:\/\/www.medellin.gov.co\/es\/wp-content\/uploads\/2024\/09\/Interior-y-entrega-3-1024x768.jpg\" class=\"attachment-large size-large\" alt=\"Interior de uno de los apartamentos de El Triunfo.\" loading=\"lazy\" aria-describedby=\"gallery-4-346768\" srcset=\"https:\/\/www.medellin.gov.co\/es\/wp-content\/uploads\/2024\/09\/Interior-y-entrega-3-1024x768.jpg 1024w, https:\/\/www.medellin.gov.co\/es\/wp-content\/uploads\/2024\/09\/Interior-y-entrega-3-300x225.jpg 300w, https:\/\/www.medellin.gov.co\/es\/wp-content\/uploads\/2024\/09\/Interior-y-entrega-3-150x113.jpg 150w, https:\/\/www.medellin.gov.co\/es\/wp-content\/uploads\/2024\/09\/Interior-y-entrega-3-768x576.jpg 768w, https:\/\/www.medellin.gov.co\/es\/wp-content\/uploads\/2024\/09\/Interior-y-entrega-3.jpg 1137w\" sizes=\"(max-width: 1024px) 100vw, 1024px\" \/><\/a>\n\t\t\t<\/dt>\n\t\t\t\t<dd class='wp-caption-text gallery-caption' id='gallery-4-346768'>\n\t\t\t\t Interior de uno de los apartamentos de El Triunfo\n\t\t\t\t<\/dd><\/dl><br style=\"clear: both\" \/><dl class='gallery-item'>\n\t\t\t<dt class='gallery-icon landscape'>\n\t\t\t\t<a href='https:\/\/www.medellin.gov.co\/es\/sala-de-prensa\/noticias\/siento-mucha-alegria-porque-he-rodado-y-he-sufrido-mucho-luz-elena-quintana-al-recibir-su-nueva-vivienda\/interior-y-entrega-5\/'><img width=\"1024\" height=\"768\" src=\"https:\/\/www.medellin.gov.co\/es\/wp-content\/uploads\/2024\/09\/Interior-y-entrega-5-1024x768.jpg\" class=\"attachment-large size-large\" alt=\"Interior de uno de los apartamentos de El Triunfo.\" loading=\"lazy\" aria-describedby=\"gallery-4-346772\" srcset=\"https:\/\/www.medellin.gov.co\/es\/wp-content\/uploads\/2024\/09\/Interior-y-entrega-5-1024x768.jpg 1024w, https:\/\/www.medellin.gov.co\/es\/wp-content\/uploads\/2024\/09\/Interior-y-entrega-5-300x225.jpg 300w, https:\/\/www.medellin.gov.co\/es\/wp-content\/uploads\/2024\/09\/Interior-y-entrega-5-150x113.jpg 150w, https:\/\/www.medellin.gov.co\/es\/wp-content\/uploads\/2024\/09\/Interior-y-entrega-5-768x576.jpg 768w, https:\/\/www.medellin.gov.co\/es\/wp-content\/uploads\/2024\/09\/Interior-y-entrega-5.jpg 1137w\" sizes=\"(max-width: 1024px) 100vw, 1024px\" \/><\/a>\n\t\t\t<\/dt>\n\t\t\t\t<dd class='wp-caption-text gallery-caption' id='gallery-4-346772'>\n\t\t\t\t Interior de uno de los apartamentos de El Triunfo\n\t\t\t\t<\/dd><\/dl><dl class='gallery-item'>\n\t\t\t<dt class='gallery-icon landscape'>\n\t\t\t\t<a href='https:\/\/www.medellin.gov.co\/es\/sala-de-prensa\/noticias\/siento-mucha-alegria-porque-he-rodado-y-he-sufrido-mucho-luz-elena-quintana-al-recibir-su-nueva-vivienda\/interior-y-entrega-6\/'><img width=\"1024\" height=\"768\" src=\"https:\/\/www.medellin.gov.co\/es\/wp-content\/uploads\/2024\/09\/Interior-y-entrega-6-1024x768.jpg\" class=\"attachment-large size-large\" alt=\"Interior de uno de los apartamentos de El Triunfo.\" loading=\"lazy\" aria-describedby=\"gallery-4-346775\" srcset=\"https:\/\/www.medellin.gov.co\/es\/wp-content\/uploads\/2024\/09\/Interior-y-entrega-6-1024x768.jpg 1024w, https:\/\/www.medellin.gov.co\/es\/wp-content\/uploads\/2024\/09\/Interior-y-entrega-6-300x225.jpg 300w, https:\/\/www.medellin.gov.co\/es\/wp-content\/uploads\/2024\/09\/Interior-y-entrega-6-150x113.jpg 150w, https:\/\/www.medellin.gov.co\/es\/wp-content\/uploads\/2024\/09\/Interior-y-entrega-6-768x576.jpg 768w, https:\/\/www.medellin.gov.co\/es\/wp-content\/uploads\/2024\/09\/Interior-y-entrega-6.jpg 1137w\" sizes=\"(max-width: 1024px) 100vw, 1024px\" \/><\/a>\n\t\t\t<\/dt>\n\t\t\t\t<dd class='wp-caption-text gallery-caption' id='gallery-4-346775'>\n\t\t\t\t Interior de uno de los apartamentos de El Triunfo\n\t\t\t\t<\/dd><\/dl><br style=\"clear: both\" \/>\n\t\t<\/div>\n\n<p>Las familias que los recibieron fueron caracterizadas por el <a href=\"https:\/\/isvimed.gov.co\/\" target=\"_blank\" rel=\"noopener\">Isvimed<\/a>, que constat\u00f3 que cumplieron los requisitos para ser beneficiarias.<\/p>\n\n\t\t<style type=\"text\/css\">\n\t\t\t#gallery-5 {\n\t\t\t\tmargin: auto;\n\t\t\t}\n\t\t\t#gallery-5 .gallery-item {\n\t\t\t\tfloat: left;\n\t\t\t\tmargin-top: 10px;\n\t\t\t\ttext-align: center;\n\t\t\t\twidth: 50%;\n\t\t\t}\n\t\t\t#gallery-5 img {\n\t\t\t\tborder: 2px solid #cfcfcf;\n\t\t\t}\n\t\t\t#gallery-5 .gallery-caption {\n\t\t\t\tmargin-left: 0;\n\t\t\t}\n\t\t\t\/* see gallery_shortcode() in wp-includes\/media.php *\/\n\t\t<\/style>\n\t\t<div id='gallery-5' class='gallery galleryid-346742 gallery-columns-2 gallery-size-large'><dl class='gallery-item'>\n\t\t\t<dt class='gallery-icon landscape'>\n\t\t\t\t<a href='https:\/\/www.medellin.gov.co\/es\/sala-de-prensa\/noticias\/siento-mucha-alegria-porque-he-rodado-y-he-sufrido-mucho-luz-elena-quintana-al-recibir-su-nueva-vivienda\/interior-y-entrega-1\/'><img width=\"1024\" height=\"768\" src=\"https:\/\/www.medellin.gov.co\/es\/wp-content\/uploads\/2024\/09\/Interior-y-entrega-1-1024x768.jpg\" class=\"attachment-large size-large\" alt=\"Beneficiarios de El Triunfo y presentaci\u00f3n de la Red de M\u00fasicas de Medell\u00edn durante la entrega del proyecto.\" loading=\"lazy\" aria-describedby=\"gallery-5-346764\" srcset=\"https:\/\/www.medellin.gov.co\/es\/wp-content\/uploads\/2024\/09\/Interior-y-entrega-1-1024x768.jpg 1024w, https:\/\/www.medellin.gov.co\/es\/wp-content\/uploads\/2024\/09\/Interior-y-entrega-1-300x225.jpg 300w, https:\/\/www.medellin.gov.co\/es\/wp-content\/uploads\/2024\/09\/Interior-y-entrega-1-150x113.jpg 150w, https:\/\/www.medellin.gov.co\/es\/wp-content\/uploads\/2024\/09\/Interior-y-entrega-1-768x576.jpg 768w, https:\/\/www.medellin.gov.co\/es\/wp-content\/uploads\/2024\/09\/Interior-y-entrega-1.jpg 1137w\" sizes=\"(max-width: 1024px) 100vw, 1024px\" \/><\/a>\n\t\t\t<\/dt>\n\t\t\t\t<dd class='wp-caption-text gallery-caption' id='gallery-5-346764'>\n\t\t\t\tBeneficiarios de El Triunfo y presentaci\u00f3n de la Red de M\u00fasicas de Medell\u00edn durante la entrega del proyecto\n\t\t\t\t<\/dd><\/dl><dl class='gallery-item'>\n\t\t\t<dt class='gallery-icon landscape'>\n\t\t\t\t<a href='https:\/\/www.medellin.gov.co\/es\/sala-de-prensa\/noticias\/siento-mucha-alegria-porque-he-rodado-y-he-sufrido-mucho-luz-elena-quintana-al-recibir-su-nueva-vivienda\/interior-y-entrega-2\/'><img width=\"1024\" height=\"768\" src=\"https:\/\/www.medellin.gov.co\/es\/wp-content\/uploads\/2024\/09\/Interior-y-entrega-2-1024x768.jpg\" class=\"attachment-large size-large\" alt=\"Beneficiarios de El Triunfo y presentaci\u00f3n de la Red de M\u00fasicas de Medell\u00edn durante la entrega del proyecto.\" loading=\"lazy\" aria-describedby=\"gallery-5-346767\" srcset=\"https:\/\/www.medellin.gov.co\/es\/wp-content\/uploads\/2024\/09\/Interior-y-entrega-2-1024x768.jpg 1024w, https:\/\/www.medellin.gov.co\/es\/wp-content\/uploads\/2024\/09\/Interior-y-entrega-2-300x225.jpg 300w, https:\/\/www.medellin.gov.co\/es\/wp-content\/uploads\/2024\/09\/Interior-y-entrega-2-150x113.jpg 150w, https:\/\/www.medellin.gov.co\/es\/wp-content\/uploads\/2024\/09\/Interior-y-entrega-2-768x576.jpg 768w, https:\/\/www.medellin.gov.co\/es\/wp-content\/uploads\/2024\/09\/Interior-y-entrega-2.jpg 1137w\" sizes=\"(max-width: 1024px) 100vw, 1024px\" \/><\/a>\n\t\t\t<\/dt>\n\t\t\t\t<dd class='wp-caption-text gallery-caption' id='gallery-5-346767'>\n\t\t\t\tBeneficiarios de El Triunfo y presentaci\u00f3n de la Red de M\u00fasicas de Medell\u00edn durante la entrega del proyecto\n\t\t\t\t<\/dd><\/dl><br style=\"clear: both\" \/>\n\t\t<\/div>\n\n<p>Esta semana, la \u00faltima de septiembre, ser\u00e1n los trasteos y los nuevos propietarios llegar\u00e1n a sus casas. Entre ellos estar\u00e1 Luz Elena Quintana que, despu\u00e9s de tanto sufrimiento, ya tiene su hogar para vivir tranquila y compartir con los suyos.<\/p>\n<div id=\"attachment_346789\" style=\"width: 1034px\" class=\"wp-caption alignnone\"><a href=\"https:\/\/www.medellin.gov.co\/es\/wp-content\/uploads\/2024\/09\/Puerta_1.jpg\"><img aria-describedby=\"caption-attachment-346789\" loading=\"lazy\" class=\"size-large wp-image-346789\" src=\"https:\/\/www.medellin.gov.co\/es\/wp-content\/uploads\/2024\/09\/Puerta_1-1024x768.jpg\" alt=\"Luz Elena Quintana junto a la puerta de su nueva casa.\" width=\"1024\" height=\"768\" srcset=\"https:\/\/www.medellin.gov.co\/es\/wp-content\/uploads\/2024\/09\/Puerta_1-1024x768.jpg 1024w, https:\/\/www.medellin.gov.co\/es\/wp-content\/uploads\/2024\/09\/Puerta_1-300x225.jpg 300w, https:\/\/www.medellin.gov.co\/es\/wp-content\/uploads\/2024\/09\/Puerta_1-150x113.jpg 150w, https:\/\/www.medellin.gov.co\/es\/wp-content\/uploads\/2024\/09\/Puerta_1-768x576.jpg 768w, https:\/\/www.medellin.gov.co\/es\/wp-content\/uploads\/2024\/09\/Puerta_1.jpg 1280w\" sizes=\"(max-width: 1024px) 100vw, 1024px\" \/><\/a><p id=\"caption-attachment-346789\" class=\"wp-caption-text\">Luz Elena Quintana junto a la puerta de su nueva casa<\/p><\/div>\n","protected":false},"excerpt":{"rendered":"<p>La Alcald\u00eda de Medell\u00edn y el Instituto Social de Vivienda y H\u00e1bitat de Medell\u00edn \u2013 Isvimed \u2013 les entregaron el proyecto El Triunfo, conjunto residencial de 112 apartamentos, a 112 familias que empiezan una nueva &#8230;<\/p>\n","protected":false},"author":17,"featured_media":346763,"comment_status":"open","ping_status":"open","sticky":false,"template":"","format":"standard","meta":[],"categories":[17],"tags":[634,453,442],"formato_nota":[],"programas_tax":[],"acf":[],"_links":{"self":[{"href":"https:\/\/www.medellin.gov.co\/es\/wp-json\/wp\/v2\/posts\/346742"}],"collection":[{"href":"https:\/\/www.medellin.gov.co\/es\/wp-json\/wp\/v2\/posts"}],"about":[{"href":"https:\/\/www.medellin.gov.co\/es\/wp-json\/wp\/v2\/types\/post"}],"author":[{"embeddable":true,"href":"https:\/\/www.medellin.gov.co\/es\/wp-json\/wp\/v2\/users\/17"}],"replies":[{"embeddable":true,"href":"https:\/\/www.medellin.gov.co\/es\/wp-json\/wp\/v2\/comments?post=346742"}],"version-history":[{"count":2,"href":"https:\/\/www.medellin.gov.co\/es\/wp-json\/wp\/v2\/posts\/346742\/revisions"}],"predecessor-version":[{"id":346792,"href":"https:\/\/www.medellin.gov.co\/es\/wp-json\/wp\/v2\/posts\/346742\/revisions\/346792"}],"wp:featuredmedia":[{"embeddable":true,"href":"https:\/\/www.medellin.gov.co\/es\/wp-json\/wp\/v2\/media\/346763"}],"wp:attachment":[{"href":"https:\/\/www.medellin.gov.co\/es\/wp-json\/wp\/v2\/media?parent=346742"}],"wp:term":[{"taxonomy":"category","embeddable":true,"href":"https:\/\/www.medellin.gov.co\/es\/wp-json\/wp\/v2\/categories?post=346742"},{"taxonomy":"post_tag","embeddable":true,"href":"https:\/\/www.medellin.gov.co\/es\/wp-json\/wp\/v2\/tags?post=346742"},{"taxonomy":"formato_nota","embeddable":true,"href":"https:\/\/www.medellin.gov.co\/es\/wp-json\/wp\/v2\/formato_nota?post=346742"},{"taxonomy":"programas_tax","embeddable":true,"href":"https:\/\/www.medellin.gov.co\/es\/wp-json\/wp\/v2\/programas_tax?post=346742"}],"curies":[{"name":"wp","href":"https:\/\/api.w.org\/{rel}","templated":true}]}}