{"id":34703,"date":"2021-11-30T09:59:02","date_gmt":"2021-11-30T14:59:02","guid":{"rendered":"https:\/\/www.medellin.gov.co\/es\/saladeprensa\/noticias\/los-gerentes-territoriales-continuan-velando-por-el-bienestar-de-medellin\/"},"modified":"2022-06-24T07:58:58","modified_gmt":"2022-06-24T12:58:58","slug":"los-gerentes-territoriales-continuan-velando-por-el-bienestar-de-medellin","status":"publish","type":"post","link":"https:\/\/www.medellin.gov.co\/es\/sala-de-prensa\/noticias\/los-gerentes-territoriales-continuan-velando-por-el-bienestar-de-medellin\/","title":{"rendered":"Los gerentes territoriales contin\u00faan velando por el bienestar de Medell\u00edn"},"content":{"rendered":"<div class=\"wrap contenido\">\n<div class=\"noticia\">\n<div class=\"imagen\">\n<div class=\"divContImageNoticia\" style=\"background-image: url('\/irj\/go\/km\/docs\/galerias\/Imagenes\/Galer\u00eda d\u00eda a d\u00eda 2020\/500_400\/20200605_Alcalde1.jpg');\"><\/div>\n<p>Los gerentes territoriales contin\u00faan velando por el bienestar de Medell\u00edn.<\/p>\n<p>Foto Alcald\u00eda de Medell\u00edn<\/p>\n<\/div>\n<p class=\"fecha\">2020-06-05<\/p>\n<p>Los gerentes territoriales contin\u00faan velando por el bienestar de Medell\u00edn<\/p>\n<p>Por Diana Gaviria<\/p>\n<div class=\"cuerpo\">\n<p>.: En total, 65 \u00e1rboles se siembran como s\u00edmbolo de la labor realizada en las 21 comunas de la ciudad.<br \/>\n.: Balso, algarrobo y guayac\u00e1n amarillo son algunas de las especies nativas presentes en la reforestaci\u00f3n del cerro de las Tres Cruces.<\/p>\n<p>En el D\u00eda Mundial del Medio Ambiente, las gerencias territoriales se re\u00fanen en un acto simb\u00f3lico que resalta los logros conseguidos en las 16 comunas y cinco corregimientos de Medell\u00edn: beneficios econ\u00f3micos, paquetes alimentarios, jornadas de limpieza y desinfecci\u00f3n, caracterizaci\u00f3n a personas vulnerables e inscripci\u00f3n a la plataforma Medell\u00edn Me Cuida, kits para el cuidado de la mujer y dem\u00e1s donaciones que se lograron gracias a este trabajo articulado.<\/p>\n<p>Con este evento, la Administraci\u00f3n Municipal busca transmitir un mensaje de uni\u00f3n y trabajo articulado entre las dependencias y de reconciliaci\u00f3n con el medio ambiente.<\/p>\n<p>El secretario de Participaci\u00f3n Ciudadana, Juan Pablo Ram\u00edrez, afirm\u00f3 que \u200b\u201cla Alcald\u00eda de Medell\u00edn, por medio de las gerencias territoriales, logr\u00f3 sembrar esperanza en los ciudadanos en uno de nuestros momentos m\u00e1s dif\u00edciles. Por eso, esta siembra refleja el trabajo de todos por sembrar vida. Con esta semilla empieza a crecer el significado del cuidado, amor y resiliencia de Medell\u00edn Futuro\u201d.<\/p>\n<p>La Alcald\u00eda de Medell\u00edn, consciente de la importancia de proteger y conservar los espacios ambientales de la ciudad, inici\u00f3 en junio de 2019, junto al \u00c1rea Metropolitana del Valle de Aburr\u00e1, y con una inversi\u00f3n de $26.087 millones, la adquisici\u00f3n de los 13 predios donde se encuentra ubicado el cerro de las Tres Cruces que representan 103,08 hect\u00e1reas.<\/p>\n<p>A la fecha, se ha legalizado la compra de ocho predios, donde se adelantan procesos de recuperaci\u00f3n ambiental, reforestaci\u00f3n y adecuaci\u00f3n de la infraestructura f\u00edsica para entregarle a la ciudad un nuevo parque ambiental.<\/p>\n<p>Las especies sembradas son nativas, propias de la zona, lo que fortalece el ecosistema permitiendo el retorno de fauna y la regulaci\u00f3n del clima, la mitigaci\u00f3n del ruido y el mejoramiento de la calidad del aire en Medell\u00edn.<\/p>\n<p>\u201cAvanzamos en el proceso de cerramiento de los ocho lotes que han sido entregados y en el amoblamiento liviano en la zona de la cima, adem\u00e1s de la reforestaci\u00f3n del cerro\u201d, dijo la secretaria de Medio Ambiente, Diana Mar\u00eda Montoya.<\/p>\n<p>&nbsp;<\/p>\n<\/div>\n<div class=\"compartir\">Compartir en:<\/div>\n<\/div>\n<p><script>try{comprobarImagen();fixBtnRedes();hitsMedellin();}catch(e){}<\/script><\/p>\n<\/div>\n","protected":false},"excerpt":{"rendered":"<p>Los gerentes territoriales contin\u00faan velando por el bienestar de Medell\u00edn. Foto Alcald\u00eda de Medell\u00edn 2020-06-05 Los gerentes territoriales contin\u00faan velando por el bienestar de Medell\u00edn Por Diana Gaviria .: En total, 65 \u00e1rboles se siembran &#8230;<\/p>\n","protected":false},"author":1,"featured_media":33008,"comment_status":"open","ping_status":"open","sticky":false,"template":"","format":"standard","meta":[],"categories":[24,534,26,23,25,13],"tags":[451,453,455],"formato_nota":[],"programas_tax":[],"acf":[],"_links":{"self":[{"href":"https:\/\/www.medellin.gov.co\/es\/wp-json\/wp\/v2\/posts\/34703"}],"collection":[{"href":"https:\/\/www.medellin.gov.co\/es\/wp-json\/wp\/v2\/posts"}],"about":[{"href":"https:\/\/www.medellin.gov.co\/es\/wp-json\/wp\/v2\/types\/post"}],"author":[{"embeddable":true,"href":"https:\/\/www.medellin.gov.co\/es\/wp-json\/wp\/v2\/users\/1"}],"replies":[{"embeddable":true,"href":"https:\/\/www.medellin.gov.co\/es\/wp-json\/wp\/v2\/comments?post=34703"}],"version-history":[{"count":3,"href":"https:\/\/www.medellin.gov.co\/es\/wp-json\/wp\/v2\/posts\/34703\/revisions"}],"predecessor-version":[{"id":66142,"href":"https:\/\/www.medellin.gov.co\/es\/wp-json\/wp\/v2\/posts\/34703\/revisions\/66142"}],"wp:featuredmedia":[{"embeddable":true,"href":"https:\/\/www.medellin.gov.co\/es\/wp-json\/wp\/v2\/media\/33008"}],"wp:attachment":[{"href":"https:\/\/www.medellin.gov.co\/es\/wp-json\/wp\/v2\/media?parent=34703"}],"wp:term":[{"taxonomy":"category","embeddable":true,"href":"https:\/\/www.medellin.gov.co\/es\/wp-json\/wp\/v2\/categories?post=34703"},{"taxonomy":"post_tag","embeddable":true,"href":"https:\/\/www.medellin.gov.co\/es\/wp-json\/wp\/v2\/tags?post=34703"},{"taxonomy":"formato_nota","embeddable":true,"href":"https:\/\/www.medellin.gov.co\/es\/wp-json\/wp\/v2\/formato_nota?post=34703"},{"taxonomy":"programas_tax","embeddable":true,"href":"https:\/\/www.medellin.gov.co\/es\/wp-json\/wp\/v2\/programas_tax?post=34703"}],"curies":[{"name":"wp","href":"https:\/\/api.w.org\/{rel}","templated":true}]}}