{"id":34711,"date":"2021-11-30T09:59:10","date_gmt":"2021-11-30T14:59:10","guid":{"rendered":"https:\/\/www.medellin.gov.co\/es\/saladeprensa\/noticias\/medellin-reverdece-como-ecociudad-con-1-506-nuevos-arboles-y-conservacion-de-zonas-verdes-2\/"},"modified":"2022-06-24T07:57:47","modified_gmt":"2022-06-24T12:57:47","slug":"medellin-reverdece-como-ecociudad-con-1-506-nuevos-arboles-y-conservacion-de-zonas-verdes-2","status":"publish","type":"post","link":"https:\/\/www.medellin.gov.co\/es\/sala-de-prensa\/noticias\/medellin-reverdece-como-ecociudad-con-1-506-nuevos-arboles-y-conservacion-de-zonas-verdes-2\/","title":{"rendered":"Medell\u00edn reverdece como Ecociudad con 1.506 nuevos \u00e1rboles y conservaci\u00f3n de zonas verdes"},"content":{"rendered":"<div class=\"wrap contenido\">\n<div class=\"noticia\">\n<div class=\"imagen\">\n<div class=\"divContImageNoticia\" style=\"background-image: url('\/irj\/go\/km\/docs\/galerias\/Imagenes\/Galer\u00eda d\u00eda a d\u00eda 2020\/500_400\/20200629_Zonas verdes 1 (2).jpg');\"><\/div>\n<p>Medell\u00edn reverdece como Ecociudad.<\/p>\n<p>Foto Alcald\u00eda de Medell\u00edn<\/p>\n<\/div>\n<p class=\"fecha\">2020-06-29<\/p>\n<p>Medell\u00edn reverdece como Ecociudad con 1.506 nuevos \u00e1rboles y conservaci\u00f3n de zonas verdes<\/p>\n<p>Por Byron Garc\u00eda Correa<\/p>\n<div class=\"cuerpo\">\n<p>.: Cumpliendo los protocolos de bioseguridad, se reactivaron los trabajos de siembra y mantenimiento de zonas verdes en Medell\u00edn.<br \/>\n.: Durante este a\u00f1o, la Secretar\u00eda de Infraestructura F\u00edsica ha invertido $4.834 millones en la siembra y mantenimiento de estos espacios.<br \/>\n.: Han sido plantados 1.506 nuevos \u00e1rboles que proporcionan Ox\u00edgeno a la ciudad y 94.783 metros cuadrados de jardines.<br \/>\n.: <a title=\"|| Audio || Palabras de Natalia Urrego Arias, secretaria de Infraestructura F\u00edsica\" href=\"\/irj\/go\/km\/docs\/\/galerias\/Audios\/Audios d\u00eda a d\u00eda 2020\/20200629_NataliaUrregoSInfraestructuraZonasVerdas.mp3\" target=\"_blank\" rel=\"noopener\"><span style=\"color: #3366ff;\">|| Audio || Palabras de Natalia Urrego Arias, secretaria de Infraestructura F\u00edsica<\/span><\/a><\/p>\n<p>La siembra y el mantenimiento de zonas verdes en Medell\u00edn es una prioridad para la Administraci\u00f3n Municipal y una tarea fundamental para la consolidaci\u00f3n de la capital antioque\u00f1a como Ecociudad.<\/p>\n<p>Luego de las dificultades generadas por el coronavirus, y tras cumplir con los protocolos de bioseguridad, la Secretar\u00eda de Infraestructura F\u00edsica, por intermedio del Jard\u00edn Bot\u00e1nico, retom\u00f3 estas actividades en diferentes puntos de la ciudad.<\/p>\n<p>Durante el primer semestre de 2020 fueron sembrados 1.506 nuevos \u00e1rboles en el \u00e1rea urbana de Medell\u00edn y se hicieron trabajos de conservaci\u00f3n a otros 60.852. As\u00ed mismo, fueron sembrados 94.783 metros cuadrados de jardines y se realizaron labores de mantenimiento a otros 571.618 metros cuadrados.<\/p>\n<div class=\"programas todosProgramas contAdicionalHome\">\n<ul class=\"categoriaPrincipal categoriaPrincipal1 col3 ulAjustada listaGenerica-NoBorde-NoTam\">\n<li><a title=\"7\u00aa Fiesta de la Diversidad\" href=\"\/irj\/go\/km\/docs\/galerias\/Imagenes\/Galer\u00eda d\u00eda a d\u00eda 2020\/500_400\/20200629_Zonas verdes 1 (4).jpeg\" target=\"_blank\" rel=\"noopener\"><img title=\"Siembra y el mantenimiento de zonas verdes\" src=\"\/irj\/go\/km\/docs\/galerias\/Imagenes\/Galer\u00eda d\u00eda a d\u00eda 2020\/500_400\/20200629_Zonas verdes 1 (4).jpg\" alt=\"Siembra y el mantenimiento de zonas verdes\" \/><\/a><\/li>\n<li><a title=\"7\u00aa Fiesta de la Diversidad\" href=\"\/irj\/go\/km\/docs\/galerias\/Imagenes\/Galer\u00eda d\u00eda a d\u00eda 2020\/500_400\/20200629_Zonas verdes 1 (3).jpeg\" target=\"_blank\" rel=\"noopener\"><img title=\"Siembra y el mantenimiento de zonas verdes\" src=\"\/irj\/go\/km\/docs\/galerias\/Imagenes\/Galer\u00eda d\u00eda a d\u00eda 2020\/500_400\/20200629_Zonas verdes 1 (3).jpg\" alt=\"Siembra y el mantenimiento de zonas verdes\" \/><\/a><\/li>\n<li><a title=\"7\u00aa Fiesta de la Diversidad\" href=\"\/irj\/go\/km\/docs\/galerias\/Imagenes\/Galer\u00eda d\u00eda a d\u00eda 2020\/500_400\/20200629_Zonas verdes 1 (1).jpeg\" target=\"_blank\" rel=\"noopener\"><img title=\"Siembra y el mantenimiento de zonas verdes\" src=\"\/irj\/go\/km\/docs\/galerias\/Imagenes\/Galer\u00eda d\u00eda a d\u00eda 2020\/500_400\/20200629_Zonas verdes 1 (1).jpg\" alt=\"Siembra y el mantenimiento de zonas verdes\" \/><\/a><\/li>\n<li><a title=\"7\u00aa Fiesta de la Diversidad\" href=\"\/irj\/go\/km\/docs\/galerias\/Imagenes\/Galer\u00eda d\u00eda a d\u00eda 2020\/500_400\/20200629_Zonas verdes 1 (5).jpeg\" target=\"_blank\" rel=\"noopener\"><img title=\"Siembra y el mantenimiento de zonas verdes\" src=\"\/irj\/go\/km\/docs\/galerias\/Imagenes\/Galer\u00eda d\u00eda a d\u00eda 2020\/500_400\/20200629_Zonas verdes 1 (5).jpg\" alt=\"Siembra y el mantenimiento de zonas verdes\" \/><\/a><\/li>\n<li><a title=\"7\u00aa Fiesta de la Diversidad\" href=\"\/irj\/go\/km\/docs\/galerias\/Imagenes\/Galer\u00eda d\u00eda a d\u00eda 2020\/500_400\/20200629_Zonas verdes 1 (2).jpeg\" target=\"_blank\" rel=\"noopener\"><img title=\"Siembra y el mantenimiento de zonas verdes\" src=\"\/irj\/go\/km\/docs\/galerias\/Imagenes\/Galer\u00eda d\u00eda a d\u00eda 2020\/500_400\/20200629_Zonas verdes 1 (2).jpg\" alt=\"Siembra y el mantenimiento de zonas verdes\" \/><\/a><\/li>\n<li><a title=\"7\u00aa Fiesta de la Diversidad\" href=\"\/irj\/go\/km\/docs\/galerias\/Imagenes\/Galer\u00eda d\u00eda a d\u00eda 2020\/500_400\/20200629_Zonas verdes 1 (6).jpeg\" target=\"_blank\" rel=\"noopener\"><img title=\"Siembra y el mantenimiento de zonas verdes\" src=\"\/irj\/go\/km\/docs\/galerias\/Imagenes\/Galer\u00eda d\u00eda a d\u00eda 2020\/500_400\/20200629_Zonas verdes 1 (6).jpg\" alt=\"Siembra y el mantenimiento de zonas verdes\" \/><\/a><\/li>\n<\/ul>\n<\/div>\n<p><i>\u201cQueremos una Ecociudad cada vez m\u00e1s verde y comprometida con el cuidado y la conservaci\u00f3n del medio ambiente. En los \u00faltimos a\u00f1os, la ciudad ha avanzado en la adecuaci\u00f3n de zonas verdes, pero haremos un esfuerzo por aumentar este tipo de espacios\u201d,<\/i> expres\u00f3 la secretaria de Infraestructura F\u00edsica, Natalia Urrego Arias.<\/p>\n<p>Otra actividad realizada ha sido la adecuaci\u00f3n de 777 metros cuadrados de espacios verticales para convertirlos en muros verdes.<\/p>\n<p>La inversi\u00f3n para las siembras, durante el primer semestre, fue de $4.834 millones.<\/p>\n<p>Corredores verdes como el de Plaza Mayor, la calle 33 y la calle 29 ya fueron terminados. Pr\u00f3ximamente finalizar\u00e1n las siembras en otros como el de la calle San Juan, la carrera 74 y la avenida Jard\u00edn.<\/p>\n<p>Con la reactivaci\u00f3n de estas actividades, la Alcald\u00eda de Medell\u00edn genera cerca de 200 empleos que aportan oportunidades laborales en medio de las dificultades provocadas por la pandemia. Para el segundo semestre de 2020, se proyecta la siembra de 2.000 nuevos \u00e1rboles y de 100.000 metros cuadrados de jardines.<\/p>\n<p>&nbsp;<\/p>\n<\/div>\n<div class=\"compartir\">Compartir en:<\/div>\n<\/div>\n<p><script>try{comprobarImagen();fixBtnRedes();hitsMedellin();}catch(e){}<\/script><\/p>\n<\/div>\n","protected":false},"excerpt":{"rendered":"<p>Medell\u00edn reverdece como Ecociudad. Foto Alcald\u00eda de Medell\u00edn 2020-06-29 Medell\u00edn reverdece como Ecociudad con 1.506 nuevos \u00e1rboles y conservaci\u00f3n de zonas verdes Por Byron Garc\u00eda Correa .: Cumpliendo los protocolos de bioseguridad, se reactivaron los &#8230;<\/p>\n","protected":false},"author":1,"featured_media":58466,"comment_status":"open","ping_status":"open","sticky":false,"template":"","format":"standard","meta":[],"categories":[13],"tags":[441,436],"formato_nota":[],"programas_tax":[],"acf":[],"_links":{"self":[{"href":"https:\/\/www.medellin.gov.co\/es\/wp-json\/wp\/v2\/posts\/34711"}],"collection":[{"href":"https:\/\/www.medellin.gov.co\/es\/wp-json\/wp\/v2\/posts"}],"about":[{"href":"https:\/\/www.medellin.gov.co\/es\/wp-json\/wp\/v2\/types\/post"}],"author":[{"embeddable":true,"href":"https:\/\/www.medellin.gov.co\/es\/wp-json\/wp\/v2\/users\/1"}],"replies":[{"embeddable":true,"href":"https:\/\/www.medellin.gov.co\/es\/wp-json\/wp\/v2\/comments?post=34711"}],"version-history":[{"count":2,"href":"https:\/\/www.medellin.gov.co\/es\/wp-json\/wp\/v2\/posts\/34711\/revisions"}],"predecessor-version":[{"id":66140,"href":"https:\/\/www.medellin.gov.co\/es\/wp-json\/wp\/v2\/posts\/34711\/revisions\/66140"}],"wp:featuredmedia":[{"embeddable":true,"href":"https:\/\/www.medellin.gov.co\/es\/wp-json\/wp\/v2\/media\/58466"}],"wp:attachment":[{"href":"https:\/\/www.medellin.gov.co\/es\/wp-json\/wp\/v2\/media?parent=34711"}],"wp:term":[{"taxonomy":"category","embeddable":true,"href":"https:\/\/www.medellin.gov.co\/es\/wp-json\/wp\/v2\/categories?post=34711"},{"taxonomy":"post_tag","embeddable":true,"href":"https:\/\/www.medellin.gov.co\/es\/wp-json\/wp\/v2\/tags?post=34711"},{"taxonomy":"formato_nota","embeddable":true,"href":"https:\/\/www.medellin.gov.co\/es\/wp-json\/wp\/v2\/formato_nota?post=34711"},{"taxonomy":"programas_tax","embeddable":true,"href":"https:\/\/www.medellin.gov.co\/es\/wp-json\/wp\/v2\/programas_tax?post=34711"}],"curies":[{"name":"wp","href":"https:\/\/api.w.org\/{rel}","templated":true}]}}