{"id":34723,"date":"2020-03-07T00:00:00","date_gmt":"2020-03-07T05:00:00","guid":{"rendered":"https:\/\/www.medellin.gov.co\/es\/saladeprensa\/noticias\/arboles-patrimoniales-protagonistas-de-recorridos-en-la-comuna-13\/"},"modified":"2022-06-28T08:55:03","modified_gmt":"2022-06-28T13:55:03","slug":"arboles-patrimoniales-protagonistas-de-recorridos-en-la-comuna-13","status":"publish","type":"post","link":"https:\/\/www.medellin.gov.co\/es\/sala-de-prensa\/noticias\/arboles-patrimoniales-protagonistas-de-recorridos-en-la-comuna-13\/","title":{"rendered":"\u00c1rboles patrimoniales, protagonistas de recorridos en la comuna 13"},"content":{"rendered":"<div class=\"wrap contenido\">\n<div class=\"noticia\">\n<div class=\"imagen\">\n<div class=\"divContImageNoticia\" style=\"background-image: url('#');\"><\/div>\n<p>&nbsp;<\/p>\n<\/div>\n<p class=\"fecha\">2020-03-07<\/p>\n<p>\u00c1rboles patrimoniales, protagonistas de recorridos en la comuna 13<\/p>\n<p>Jefatura de Prensa Alcald\u00eda de Medell\u00edn.<\/p>\n<div class=\"cuerpo\">\n<p>.: Medell\u00edn cuenta con m\u00e1s de 600 \u00e1rboles declarados Patrimonio Natural y Cultural de la ciudad.<\/p>\n<p>.: 227 \u00e1rboles y palmas son patrimonio natural y cultural hist\u00f3rico, 376 son de inter\u00e9s p\u00fablico y 94 son patrimonio natural y cultural notables.<\/p>\n<p>.: El ilang ilang es la especie arb\u00f3rea m\u00e1s representativa de San Javier.<\/p>\n<p>A trav\u00e9s de la Secretar\u00eda de Medio Ambiente, la Alcald\u00eda de Medell\u00edn avanza en el proyecto de \u00c1rbol Patrimonial con el cual se busca destacar y conservar aquellos \u00e1rboles que se encuentran en el entorno urbano y que poseen un alto valor hist\u00f3rico, simb\u00f3lico, ecol\u00f3gico y paisaj\u00edstico.<\/p>\n<p>Como iniciativa para concientizar e informar a la comunidad sobre los \u00e1rboles declarados patrimonio, la Secretar\u00eda de Medio Ambiente realiz\u00f3 un recorrido en la Comuna 13 con el fin de que se identifique este conjunto arb\u00f3reo que conforma la historia y la memoria colectiva de la ciudad.<\/p>\n<p>\u201cLa 13\u201d cuenta con 37 \u00e1rboles declarados: 33 de estos ejemplares de ilang ilang (Cananga odorata), 3 de laurel (ficus el\u00e1stica) y uno de Camaj\u00f3n (Sterculia apetala).<\/p>\n<p>Los ilang ilang, que son la especie arb\u00f3rea m\u00e1s representativa de dicho territorio, fue introducida en Medell\u00edn durante la d\u00e9cada de 1940, como \u201cuno de los \u00e1rboles forasteros que m\u00e1s se presta para el embellecimiento de una v\u00eda p\u00fablica\u201d.<\/p>\n<p>Los \u00e1rboles de ilang ilang fueron una de las especies arb\u00f3reas de mayor gusto para el maestro Pedro Nel que vivi\u00f3 en San Javier, donde se inspir\u00f3 en realizar el urbanismo asociado con la naturaleza. La introducci\u00f3n de esta especie en el barrio San Javier tuvo como objetivo el embellecimiento de un espacio que se articulaba a otras iniciativas de la ciudad, llevar a la pr\u00e1ctica la idea de consolidar la \u201cciudad jard\u00edn\u201d e implementar al lugar de elementos que matizaran el paisaje. Las cualidades que aportan los ilang ilang para el habitante son la floraci\u00f3n que se contempla en momentos diurnos y el olor que destilan en la noche, lo cual hace del espacio un completo placer el transitarlo a cualquier hora.<\/p>\n<p>La Secretaria de Medio Ambiente, Diana Maria Montoya, invita a la ciudad a conocer los \u00e1rboles que hay en el territorio y apropiarse de su significado en la construcci\u00f3n de una Ecociudad: \u201cCuando hablamos de patrimonio cultural, hablamos de un v\u00ednculo que tenemos los ciudadanos con ciertos \u00e1rboles que son referentes de ciudad que van quedando en la memoria colectiva de los ciudadanos, evitando que se olvide la historia de Medell\u00edn\u201d.<\/p>\n<p>&nbsp;<\/p>\n<\/div>\n<div class=\"compartir\">Compartir en:<\/div>\n<\/div>\n<p><script>try{comprobarImagen();fixBtnRedes();hitsMedellin();}catch(e){}<\/script><\/p>\n<\/div>\n","protected":false},"excerpt":{"rendered":"<p>&nbsp; 2020-03-07 \u00c1rboles patrimoniales, protagonistas de recorridos en la comuna 13 Jefatura de Prensa Alcald\u00eda de Medell\u00edn. .: Medell\u00edn cuenta con m\u00e1s de 600 \u00e1rboles declarados Patrimonio Natural y Cultural de la ciudad. .: 227 &#8230;<\/p>\n","protected":false},"author":1,"featured_media":15558,"comment_status":"open","ping_status":"open","sticky":false,"template":"","format":"standard","meta":[],"categories":[13],"tags":[440,441,436],"formato_nota":[],"programas_tax":[],"acf":[],"_links":{"self":[{"href":"https:\/\/www.medellin.gov.co\/es\/wp-json\/wp\/v2\/posts\/34723"}],"collection":[{"href":"https:\/\/www.medellin.gov.co\/es\/wp-json\/wp\/v2\/posts"}],"about":[{"href":"https:\/\/www.medellin.gov.co\/es\/wp-json\/wp\/v2\/types\/post"}],"author":[{"embeddable":true,"href":"https:\/\/www.medellin.gov.co\/es\/wp-json\/wp\/v2\/users\/1"}],"replies":[{"embeddable":true,"href":"https:\/\/www.medellin.gov.co\/es\/wp-json\/wp\/v2\/comments?post=34723"}],"version-history":[{"count":2,"href":"https:\/\/www.medellin.gov.co\/es\/wp-json\/wp\/v2\/posts\/34723\/revisions"}],"predecessor-version":[{"id":66476,"href":"https:\/\/www.medellin.gov.co\/es\/wp-json\/wp\/v2\/posts\/34723\/revisions\/66476"}],"wp:featuredmedia":[{"embeddable":true,"href":"https:\/\/www.medellin.gov.co\/es\/wp-json\/wp\/v2\/media\/15558"}],"wp:attachment":[{"href":"https:\/\/www.medellin.gov.co\/es\/wp-json\/wp\/v2\/media?parent=34723"}],"wp:term":[{"taxonomy":"category","embeddable":true,"href":"https:\/\/www.medellin.gov.co\/es\/wp-json\/wp\/v2\/categories?post=34723"},{"taxonomy":"post_tag","embeddable":true,"href":"https:\/\/www.medellin.gov.co\/es\/wp-json\/wp\/v2\/tags?post=34723"},{"taxonomy":"formato_nota","embeddable":true,"href":"https:\/\/www.medellin.gov.co\/es\/wp-json\/wp\/v2\/formato_nota?post=34723"},{"taxonomy":"programas_tax","embeddable":true,"href":"https:\/\/www.medellin.gov.co\/es\/wp-json\/wp\/v2\/programas_tax?post=34723"}],"curies":[{"name":"wp","href":"https:\/\/api.w.org\/{rel}","templated":true}]}}