{"id":34724,"date":"2020-03-03T00:00:00","date_gmt":"2020-03-03T05:00:00","guid":{"rendered":"https:\/\/www.medellin.gov.co\/es\/saladeprensa\/noticias\/area-metropolitana-y-municipios-miembros-mantienen-estado-de-alerta-para-el-miercoles-4-de-marzo\/"},"modified":"2022-03-27T22:36:14","modified_gmt":"2022-03-28T03:36:14","slug":"area-metropolitana-y-municipios-miembros-mantienen-estado-de-alerta-para-el-miercoles-4-de-marzo","status":"publish","type":"post","link":"https:\/\/www.medellin.gov.co\/es\/sala-de-prensa\/noticias\/area-metropolitana-y-municipios-miembros-mantienen-estado-de-alerta-para-el-miercoles-4-de-marzo\/","title":{"rendered":"\u00c1rea Metropolitana y municipios miembros mantienen estado de alerta para el mi\u00e9rcoles 4 de marzo"},"content":{"rendered":"<div class=\"wrap contenido\">\n<div class=\"noticia\">\n<div class=\"imagen\">\n<div class=\"divContImageNoticia\" style=\"background-image:url('\/irj\/go\/km\/docs\/galerias\/Imagenes\/Panor\u00e1micas de ciudad y sitios de inter\u00e9s\/500_400\/20190228_Panoramicaciudad8.jpg')\" rel=\"\/irj\/go\/km\/docs\/galerias\/Imagenes\/Panor\u00e1micas de ciudad y sitios de inter\u00e9s\/500_400\/20190228_Panoramicaciudad8.jpg\"><span style=\"display:none\"\/><\/div>\n<p>Panor\u00e1mica de Medell\u00edn.<\/p>\n<p>Foto Manuel Leuman<\/p><\/div>\n<p class=\"fecha\"><span>2020-03-03<\/span><\/p>\n<p itemprop=\"name\">\u00c1rea Metropolitana y municipios miembros mantienen estado de alerta para el mi\u00e9rcoles 4 de marzo<\/p>\n<p>Por \u00c1rea Metropolitana del Valle de Aburr\u00e1<\/p>\n<div class=\"cuerpo\">\n<p><p>El &Aacute;rea Metropolitana, como autoridad ambiental urbana, y los 10 municipios miembros decidieron mantener para el mi&eacute;rcoles 4 de marzo las medidas de Estado de Alerta por episodio de contaminaci&oacute;n atmosf&eacute;rica en el Valle de Aburr&aacute;.&nbsp;<\/p>\n<p>El Sistema de Alertas Tempranas de Medell&iacute;n y el Valle de Aburr&aacute; &ndash; SIATA &ndash; inform&oacute; qu&eacute; actualmente cuatro estaciones de PM2.5 pertenecientes a la Red de Monitoreo de Calidad del Aire consideradas en el POECA registran ICA Naranja, da&ntilde;ina para grupos sensibles, por lo que recomend&oacute; continuar por un d&iacute;a m&aacute;s con el Estado de Alerta.&nbsp;<\/p>\n<p>Aunque la alta nubosidad y la baja radiaci&oacute;n solar se mantienen se espera que para los pr&oacute;ximos d&iacute;as las condiciones clim&aacute;ticas mejoren progresivamente favoreciendo la dispersi&oacute;n de contaminantes en la mayor&iacute;a de los municipios del Valle de Aburr&aacute;.&nbsp;<\/p>\n<p>Por lo tanto, se mantendr&aacute;n las medidas del Estado de Alerta para el mi&eacute;rcoles 4 de marzo y se evaluar&aacute; la posibilidad de volver a las medidas de Estado de Prevenci&oacute;n a partir del jueves 5 de marzo.&nbsp;<\/p>\n<p align=\"center\"><b>Medidas de pico y placa ambiental<\/b><strong style=\"font-weight: bolder;\"><img width=\"100%\" src=\"https:\/\/www.metropol.gov.co\/PublishingImages\/Paginas\/Forms\/AllItems\/alerta-4-marzo.jpg\" alt=\"&Aacute;rea Metropolitana y municipios miembros mantienen estado de alerta para el mi&eacute;rcoles 4 de marzo\" title=\"&Aacute;rea Metropolitana y municipios miembros mantienen estado de alerta para el mi&eacute;rcoles 4 de marzo\"\/><\/strong><b><\/b><\/p>\n<p align=\"center\" style=\"text-align: left;\"><b>.: Carros Particulares: <\/b>Implementar en todo el Valle de Aburr&aacute; la restricci&oacute;n de pico y placa para carros particulares en seis (6) d&iacute;gitos definidos por el Municipio de Medell&iacute;n, de 05:00 a 10:00 y de 16:00 a 20:00 horas.<br \/><b>.: Motos: <\/b>pico y placa en todo el Valle de Aburr&aacute; para motos de 2 y 4 tiempos, en seis (6) d&iacute;gitos definidos por el Municipio de Medell&iacute;n de 05:00 a 10:00 y de 16:00 a 20:00 horas.<br \/><b>.: Camiones y Volquetas:<\/b> Implementar la restricci&oacute;n de pico y placa para camiones y volquetas en seis (6) d&iacute;gitos, que son los mismos d&iacute;gitos de los carros particulares, definidos por el Municipio de Medell&iacute;n de 05:00 a 10:00 y de 16:00 a 20:00 horas.<\/p>\n<p><b>Medidas adicionales por modelos de veh&iacute;culos:<\/b><\/p>\n<p>.: Se realizar&aacute; la restricci&oacute;n a veh&iacute;culos particulares y motos 2T y 4T en los mismos d&iacute;gitos, a los modelos anteriores o iguales a 1996 en el horario de 5:00 a 21:00 horas.<br \/>.: Se realizar&aacute; la restricci&oacute;n de camiones y volquetas en los mismos d&iacute;gitos, a los modelos anteriores o iguales a 2009, en el horario de 05:00 a 21:00 en toda la jurisdicci&oacute;n del Valle de Aburr&aacute;.&nbsp;<\/p>\n<p><b>Medidas Industria:<\/b><\/p>\n<p>.: Se suspender&aacute;n aquellas que no han demostrado el cumplimiento de los est&aacute;ndares para material particulado.<br \/>.: Las empresas no pueden realizar mantenimiento preventivo de los equipos de control de emisiones atmosf&eacute;ricas.<br \/>.: Una vez se alcance una concentraci&oacute;n mayor o igual a 106&micro;g\/m3 (microgramos metro c&uacute;bico) no podr&aacute;n operar aquellas fuentes fijas que emitan m&aacute;s de 100 miligramos metro c&uacute;bico de material particulado.<br \/>.: Se deben reforzar acciones del Plan de Movilidad Empresarial Sostenible en la Empresas Planes Mes, en cuanto a incentivar el Teletrabajo, horarios flexibles y compartir el veh&iacute;culo.&nbsp;<\/p>\n<p align=\"center\" style=\"text-align: left;\"><b>Recomendaciones a la ciudadan&iacute;a<\/b><\/p>\n<p&gt;.; Utilizar el Sistema Integrado de Transporte del Valle de Aburr&aacute;, SITVA.<br \/>.: Compartir tu veh&iacute;culo con otras personas.<br \/>.: Evitar el uso del veh&iacute;culo particular y la moto para trayectos cortos.<br \/>.: Utilizar los paraderos de buses autorizados para no obligar a los conductores a detenerse en cualquier sitio.<br \/>.: Planea tu recorrido para hacer m&aacute;s cosas en un solo viaje.<br \/>.: Haz uso del teletrabajo.<br \/>.: Estrategia de reducci&oacute;n de emisiones: Se intensifican los controles a fuentes fijas y m&oacute;viles, por parte de las autoridades. Se refuerzan los operativos de vigilancia de posibles quemas e incendios.<br \/>.: De acuerdo con el POECA, el &Aacute;rea Metropolitana del Valle de Aburr&aacute; continuar&aacute; con monitoreo constante de la Red de Monitoreo de Calidad del Aire con el apoyo del SIATA durante este per&iacute;odo, luego se informar&aacute; a la ciudadan&iacute;a y medios de comunicaci&oacute;n, la continuaci&oacute;n o suspensi&oacute;n de las medidas seg&uacute;n el comportamiento de las estaciones y las condiciones meteorol&oacute;gicas.<br \/>.: Los municipios por medio de Decreto municipal regular&aacute;n estas medidas en sus propios territorios y ser&aacute;n voceros de estas.<\/p>\n<\/p>\n<p><span style=\"display:none\"\/><\/div>\n<div class=\"compartir\">Compartir en: <a title=\"\" href=\"http:\/\/www.facebook.com\/share.php?u=\" class=\"btCompartirFacebook btCompartir\" target=\"_blank\" rel=\"noopener\"><a title=\"\" href=\"http:\/\/twitter.com\/home?status=Haz%20clic%20para%20ver%20esta%20noticia%20en%20\" class=\"btCompartirTwitter btCompartir\"\/><a title=\"\" href=\"whatsapp:\/\/send?text=Haz%20clic%20para%20ver%20esta%20noticia%20en%20\" class=\"btCompartirWa btCompartir\"\/><\/div>\n<\/div>\n<p><script>try{comprobarImagen();fixBtnRedes();hitsMedellin();}catch(e){}<\/script><\/div>\n","protected":false},"excerpt":{"rendered":"<p>Panor\u00e1mica de Medell\u00edn. Foto Manuel Leuman 2020-03-03 \u00c1rea Metropolitana y municipios miembros mantienen estado de alerta para el mi\u00e9rcoles 4 de marzo Por \u00c1rea Metropolitana del Valle de Aburr\u00e1 El &Aacute;rea Metropolitana, como autoridad ambiental &#8230;<\/p>\n","protected":false},"author":1,"featured_media":58512,"comment_status":"open","ping_status":"open","sticky":false,"template":"","format":"standard","meta":[],"categories":[13],"tags":[441,436],"formato_nota":[],"programas_tax":[],"acf":[],"_links":{"self":[{"href":"https:\/\/www.medellin.gov.co\/es\/wp-json\/wp\/v2\/posts\/34724"}],"collection":[{"href":"https:\/\/www.medellin.gov.co\/es\/wp-json\/wp\/v2\/posts"}],"about":[{"href":"https:\/\/www.medellin.gov.co\/es\/wp-json\/wp\/v2\/types\/post"}],"author":[{"embeddable":true,"href":"https:\/\/www.medellin.gov.co\/es\/wp-json\/wp\/v2\/users\/1"}],"replies":[{"embeddable":true,"href":"https:\/\/www.medellin.gov.co\/es\/wp-json\/wp\/v2\/comments?post=34724"}],"version-history":[{"count":1,"href":"https:\/\/www.medellin.gov.co\/es\/wp-json\/wp\/v2\/posts\/34724\/revisions"}],"predecessor-version":[{"id":37751,"href":"https:\/\/www.medellin.gov.co\/es\/wp-json\/wp\/v2\/posts\/34724\/revisions\/37751"}],"wp:featuredmedia":[{"embeddable":true,"href":"https:\/\/www.medellin.gov.co\/es\/wp-json\/wp\/v2\/media\/58512"}],"wp:attachment":[{"href":"https:\/\/www.medellin.gov.co\/es\/wp-json\/wp\/v2\/media?parent=34724"}],"wp:term":[{"taxonomy":"category","embeddable":true,"href":"https:\/\/www.medellin.gov.co\/es\/wp-json\/wp\/v2\/categories?post=34724"},{"taxonomy":"post_tag","embeddable":true,"href":"https:\/\/www.medellin.gov.co\/es\/wp-json\/wp\/v2\/tags?post=34724"},{"taxonomy":"formato_nota","embeddable":true,"href":"https:\/\/www.medellin.gov.co\/es\/wp-json\/wp\/v2\/formato_nota?post=34724"},{"taxonomy":"programas_tax","embeddable":true,"href":"https:\/\/www.medellin.gov.co\/es\/wp-json\/wp\/v2\/programas_tax?post=34724"}],"curies":[{"name":"wp","href":"https:\/\/api.w.org\/{rel}","templated":true}]}}