{"id":34736,"date":"2021-11-30T09:59:17","date_gmt":"2021-11-30T14:59:17","guid":{"rendered":"https:\/\/www.medellin.gov.co\/es\/saladeprensa\/noticias\/con-la-siembra-de-nuevos-arboles-y-jardines-mejoran-las-condiciones-ambientales-en-el-centro-2\/"},"modified":"2022-06-24T07:56:25","modified_gmt":"2022-06-24T12:56:25","slug":"con-la-siembra-de-nuevos-arboles-y-jardines-mejoran-las-condiciones-ambientales-en-el-centro-2","status":"publish","type":"post","link":"https:\/\/www.medellin.gov.co\/es\/sala-de-prensa\/noticias\/con-la-siembra-de-nuevos-arboles-y-jardines-mejoran-las-condiciones-ambientales-en-el-centro-2\/","title":{"rendered":"Con la siembra de nuevos \u00e1rboles y jardines mejoran las condiciones ambientales en el centro"},"content":{"rendered":"<div class=\"wrap contenido\">\n<div class=\"noticia\">\n<div class=\"imagen\">\n<div class=\"divContImageNoticia\" style=\"background-image: url('\/irj\/go\/km\/docs\/galerias\/Imagenes\/Galer\u00eda d\u00eda a d\u00eda 2020\/500_400\/20200805-Siembra-centro (1).jpg');\"><\/div>\n<p>Siembra de \u00e1rboles y jardines en el centro.<\/p>\n<p>Foto Alcald\u00eda de Medell\u00edn<\/p>\n<\/div>\n<p class=\"fecha\">2020-08-06<\/p>\n<p>Con la siembra de nuevos \u00e1rboles y jardines mejoran las condiciones ambientales en el centro<\/p>\n<p>Por Byron Garc\u00eda Correa<\/p>\n<div class=\"cuerpo\">\n<p>.: El modelo de Ecociudad le da un nuevo aire al centro con la siembra de 452nuevos \u00e1rboles y 23.445 metros cuadrados de jardines.<br \/>\n.: En el sector se adelantan 17 proyectos para el mejoramiento de 200.000metros cuadrados de espacio p\u00fablico.<\/p>\n<p>Con 17 proyectos y m\u00e1s de 200.000 metros cuadrados de espacio p\u00fablicointervenido, contin\u00faa la transformaci\u00f3n del centro en el 2020. El prop\u00f3sito esconvertir al coraz\u00f3n de la ciudad en un territorio c\u00f3modo y agradable para losciudadanos, con m\u00e1s zonas verdes, acorde a la propuesta de Ecociudad quepropone el Plan de Desarrollo Medell\u00edn Futuro.<\/p>\n<p>En lugares como la Avenida De Greiff, los alrededores del Parque Bol\u00edvar, el barrioPrado, la Avenida 33, entre otros, se han sembrado 452 \u00e1rboles que se suman a los1.227 ya existentes en estos sectores, consolidando corredores naturales quefacilitan la estad\u00eda de fauna y mejoran las condiciones ambientales. Adem\u00e1s, en las\u00e1reas de influencia de las distintas obras se han realizado 38 trasplantes paraproteger \u00e1rboles emblem\u00e1ticos de especies como palmas, ceibas y carboneos.<\/p>\n<p>Como parte de esta intervenci\u00f3n ambiental del centro tambi\u00e9n se han sembrado23.445 metros cuadrados de jardines, reemplazando en muchos casos pisos duroso pavimento por zonas naturales y de mayor est\u00e9tica, con especies como calatea,verbena morada, helecho peine, barquito y siete cueros rastrero.<\/p>\n<p><a title=\"Con la siembra de nuevos \u00e1rboles y jardines mejoran las condiciones ambientales en el centro\" href=\"\/irj\/go\/km\/docs\/galerias\/Imagenes\/Galer\u00eda d\u00eda a d\u00eda 2020\/20200805-Siembra-centro (2).jpeg\" target=\"_blank\" rel=\"noopener\"><img title=\"Con la siembra de nuevos \u00e1rboles y jardines mejoran las condiciones ambientales en el centro\" src=\"\/irj\/go\/km\/docs\/galerias\/Imagenes\/Galer\u00eda d\u00eda a d\u00eda 2020\/1000_450\/20200805-Siembra-centro (2).jpg\" alt=\"Con la siembra de nuevos \u00e1rboles y jardines mejoran las condiciones ambientales en el centro\" width=\"100%\" \/><\/a><\/p>\n<p>\u201cEst\u00e1 quedando muy bonito el centro y los parques, muy agradables para caminar,por eso todos debemos cuidar los jardines\u201d, expres\u00f3 Mar\u00eda Quintero, habitante de lacomuna 10 (La Candelaria) y quien ha participado en jornadas de sostenibilidad ylimpieza con sus vecinos.<\/p>\n<p>La siembra de jardines se complementa con la renovaci\u00f3n de 27.141 metroscuadrados de andenes en zonas como Niquitao, Los Huesos, El Huevo, Palac\u00e9,C\u00f3rdoba y la Placita de Fl\u00f3rez, dando prioridad al peat\u00f3n y propiciando mejorescondiciones para caminar y disfrutar.<\/p>\n<p>\u201cQueremos que nuestra Ecociudad sea cada d\u00eda m\u00e1s sostenible. Cada proyecto quelideremos desde la Secretar\u00eda de Infraestructura F\u00edsica debe tener un componenteambiental que se traduzca en beneficio para la poblaci\u00f3n y para las distintasespecies de fauna\u201d, explic\u00f3 la titular de esa dependencia, Natalia Urrego Arias.<\/p>\n<p>Por su parte, el gerente de la Empresa de Desarrollo Urbano, Wilder Echavarr\u00eda,destac\u00f3 que \u201ces importante promover nuevas maneras de apropiaci\u00f3n de losespacios p\u00fablicos, en condiciones confortables y seguras, y amigables con el medioambiente\u201d.<\/p>\n<p>&nbsp;<\/p>\n<\/div>\n<div class=\"compartir\">Compartir en:<\/div>\n<\/div>\n<p><script>try{comprobarImagen();fixBtnRedes();hitsMedellin();}catch(e){}<\/script><\/p>\n<\/div>\n","protected":false},"excerpt":{"rendered":"<p>Siembra de \u00e1rboles y jardines en el centro. Foto Alcald\u00eda de Medell\u00edn 2020-08-06 Con la siembra de nuevos \u00e1rboles y jardines mejoran las condiciones ambientales en el centro Por Byron Garc\u00eda Correa .: El modelo &#8230;<\/p>\n","protected":false},"author":1,"featured_media":58538,"comment_status":"open","ping_status":"open","sticky":false,"template":"","format":"standard","meta":[],"categories":[23,13],"tags":[451,440,441,436],"formato_nota":[],"programas_tax":[],"acf":[],"_links":{"self":[{"href":"https:\/\/www.medellin.gov.co\/es\/wp-json\/wp\/v2\/posts\/34736"}],"collection":[{"href":"https:\/\/www.medellin.gov.co\/es\/wp-json\/wp\/v2\/posts"}],"about":[{"href":"https:\/\/www.medellin.gov.co\/es\/wp-json\/wp\/v2\/types\/post"}],"author":[{"embeddable":true,"href":"https:\/\/www.medellin.gov.co\/es\/wp-json\/wp\/v2\/users\/1"}],"replies":[{"embeddable":true,"href":"https:\/\/www.medellin.gov.co\/es\/wp-json\/wp\/v2\/comments?post=34736"}],"version-history":[{"count":2,"href":"https:\/\/www.medellin.gov.co\/es\/wp-json\/wp\/v2\/posts\/34736\/revisions"}],"predecessor-version":[{"id":66139,"href":"https:\/\/www.medellin.gov.co\/es\/wp-json\/wp\/v2\/posts\/34736\/revisions\/66139"}],"wp:featuredmedia":[{"embeddable":true,"href":"https:\/\/www.medellin.gov.co\/es\/wp-json\/wp\/v2\/media\/58538"}],"wp:attachment":[{"href":"https:\/\/www.medellin.gov.co\/es\/wp-json\/wp\/v2\/media?parent=34736"}],"wp:term":[{"taxonomy":"category","embeddable":true,"href":"https:\/\/www.medellin.gov.co\/es\/wp-json\/wp\/v2\/categories?post=34736"},{"taxonomy":"post_tag","embeddable":true,"href":"https:\/\/www.medellin.gov.co\/es\/wp-json\/wp\/v2\/tags?post=34736"},{"taxonomy":"formato_nota","embeddable":true,"href":"https:\/\/www.medellin.gov.co\/es\/wp-json\/wp\/v2\/formato_nota?post=34736"},{"taxonomy":"programas_tax","embeddable":true,"href":"https:\/\/www.medellin.gov.co\/es\/wp-json\/wp\/v2\/programas_tax?post=34736"}],"curies":[{"name":"wp","href":"https:\/\/api.w.org\/{rel}","templated":true}]}}