{"id":34739,"date":"2020-09-22T00:00:00","date_gmt":"2020-09-22T05:00:00","guid":{"rendered":"https:\/\/www.medellin.gov.co\/es\/saladeprensa\/noticias\/con-nueva-patente-para-mejorar-procesos-de-deshidratacion-la-i-u-pascual-bravo-fortalece-el-modelo-de-ecociudad\/"},"modified":"2022-03-27T22:36:29","modified_gmt":"2022-03-28T03:36:29","slug":"con-nueva-patente-para-mejorar-procesos-de-deshidratacion-la-i-u-pascual-bravo-fortalece-el-modelo-de-ecociudad","status":"publish","type":"post","link":"https:\/\/www.medellin.gov.co\/es\/sala-de-prensa\/noticias\/con-nueva-patente-para-mejorar-procesos-de-deshidratacion-la-i-u-pascual-bravo-fortalece-el-modelo-de-ecociudad\/","title":{"rendered":"Con nueva patente para mejorar procesos de deshidrataci\u00f3n, la I. U. Pascual Bravo fortalece el modelo de Ecociudad"},"content":{"rendered":"<div class=\"wrap contenido\">\n<div class=\"noticia\">\n<div class=\"imagen\">\n<div class=\"divContImageNoticia\" style=\"background-image:url('\/irj\/go\/km\/docs\/galerias\/Imagenes\/Galer\u00eda d\u00eda a d\u00eda 2020\/500_400\/20200922-Patente-Pascual-Bravo-1.jpg')\" rel=\"\/irj\/go\/km\/docs\/galerias\/Imagenes\/Galer\u00eda d\u00eda a d\u00eda 2020\/500_400\/20200922-Patente-Pascual-Bravo-1.jpg\"><span style=\"display:none\"\/><\/div>\n<p>Con nueva patente para mejorar procesos de deshidrataci\u00f3n, la I. U. Pascual Bravo fortalece el modelo de Ecociudad.<\/p>\n<p>Foto Alcald\u00eda de Medell\u00edn<\/p><\/div>\n<p class=\"fecha\"><span>2020-09-22<\/span><\/p>\n<p itemprop=\"name\">Con nueva patente para mejorar procesos de deshidrataci\u00f3n, la I. U. Pascual Bravo fortalece el modelo de Ecociudad<\/p>\n<p>Por Elizabeth Yepes Cano<\/p>\n<div class=\"cuerpo\">\n<p><p>.: Se trata de un sistema de deshidrataci&oacute;n que aportar&aacute; en eficiencia productiva y financiera de proyectos agroindustriales.<br \/>.: Es la cuarta patente que obtiene la instituci&oacute;n, tres de ellas son nacionales y una internacional.<br \/>.: Recientemente, la instituci&oacute;n tambi&eacute;n fue certificada por la invenci&oacute;n &ldquo;<i>Sistema para disminuir el consumo de energ&iacute;a en sistemas de refrigeraci&oacute;n por compresi&oacute;n de vapor<\/i>&rdquo;.&nbsp;<\/p>\n<p><strong><a target=\"_blank\" title=\"Juan Pablo Arboleda, rector de la Instituci&oacute;n Universitaria Pascual Bravo\" href=\"\/irj\/go\/km\/docs\/\/galerias\/Audios\/Audios d\u00eda a d\u00eda 2020\/20200922-Patente-Pascual-Bravo-01.mp3\" rel=\"noopener\"><span style=\"color: #3366ff;\">|| Audio || Palabras de Juan Pablo Arboleda, rector de la Instituci&oacute;n Universitaria Pascual Bravo<\/span><\/a><\/strong>.<br \/><strong><a target=\"_blank\" title=\"Bayardo Emilio Cadavid, docente Instituci&oacute;n Universitaria Pascual Bravo\" href=\"\/irj\/go\/km\/docs\/\/galerias\/Audios\/Audios d\u00eda a d\u00eda 2020\/20200922-Patente-Pascual-Bravo-02.mp3\" rel=\"noopener\"><span style=\"color: #3366ff;\">|| Audio || Palabras de Bayardo Emilio Cadavid, docente Instituci&oacute;n Universitaria Pascual Bravo<\/span><\/a><\/strong>.<br \/><strong><a target=\"_blank\" title=\"Jos&eacute; Alfredo Palacio Fern&aacute;ndez, docente Instituci&oacute;n Universitaria Pascual Bravo\" href=\"\/irj\/go\/km\/docs\/\/galerias\/Audios\/Audios d\u00eda a d\u00eda 2020\/20200922-Patente-Pascual-Bravo-03.mp3\" rel=\"noopener\"><span style=\"color: #3366ff;\">|| Audio || Palabras de Jos&eacute; Alfredo Palacio Fern&aacute;ndez, docente Instituci&oacute;n Universitaria Pascual Bravo<\/span><\/a><\/strong>.&nbsp;<\/p>\n<p>Con una patente de invenci&oacute;n, que reducir&aacute; hasta un 30 % el tiempo de deshidrataci&oacute;n de las plantas arom&aacute;ticas y medicinales en comparaci&oacute;n con los sistemas tradicionales, la Instituci&oacute;n Universitaria Pascual Bravo contribuye con el modelo de Ecociudad.&nbsp;<\/p>\n<p>La certificaci&oacute;n, otorgada por la Superintendencia de Industria y Comercio, se denomina &ldquo;<i>Sistema Autom&aacute;tico de Deshidrataci&oacute;n Solar de Doble Pared y Doble C&aacute;mara<\/i>&rdquo; y fue desarrollada por los docentes Jos&eacute; Alfredo Palacio Fern&aacute;ndez y Bayardo Emilio Cadavid G&oacute;mez, de la Facultad de Ingenier&iacute;a.&nbsp;<\/p>\n<p>&ldquo;<i>Es otro gran paso hacia la Acreditaci&oacute;n Institucional en Alta Calidad y que comienza a materializar esas grandes apuestas del Plan de Desarrollo Medell&iacute;n Futuro, orientadas a la transformaci&oacute;n educativa, al fortalecimiento de la investigaci&oacute;n y la innovaci&oacute;n, y el posicionamiento de Medell&iacute;n como una ecociudad<\/i>&rdquo;, expres&oacute; el rector de la Instituci&oacute;n Universitaria Pascual Bravo, Juan Pablo Arboleda.&nbsp;<\/p>\n<p>La investigaci&oacute;n inicial cont&oacute; con la ayuda de empresas productoras del oriente antioque&ntilde;o como Eshkol Premium S.A.S., que suministr&oacute; las plantas arom&aacute;ticas y medicinales para las pruebas de deshidratado, un proceso que puede ser replicado en frutas, caf&eacute;, cacao, ca&ntilde;a, forrajes, entre otros.&nbsp;<\/p>\n<p>La invenci&oacute;n comprende dos componentes: una estructura tipo marquesina, es decir, un recinto cubierto con techo semicircular de 3 metros de largo por 2.5 de ancho y 3 metros de altura, de doble pared, con dos c&aacute;maras. En una de las c&aacute;maras se calienta el aire y la otra utiliza ese aire para deshidratar los productos.&nbsp;<\/p>\n<p>El segundo componente es la automatizaci&oacute;n del proceso de deshidratado, mediante un sistema de camas m&oacute;viles en sentido vertical que se posicionan a la temperatura espec&iacute;fica requerida, que, dependiendo del tipo de material vegetal a deshidratar, podr&iacute;a estar entre los 32 grados a los 65 grados Celsius.&nbsp;<\/p>\n<p>&ldquo;<i>Este proyecto es la consecuencia de avanzar escalando pelda&ntilde;os, es sumamente significativo, porque es la aplicaci&oacute;n de conocimientos acad&eacute;micos que se van adquiriendo en un fin fundamentalmente social. Este es un objetivo claro que he perseguido con mi conocimiento, ofrecerle a nuestra sociedad soluciones a su alcance<\/i>&rdquo;, manifiesta el docente Bayardo Emilio Cadavid.&nbsp;<\/p>\n<p>El proyecto se enlaza con otro nuevo de producci&oacute;n de forraje verde hidrop&oacute;nico, que es la producci&oacute;n de prote&iacute;na para animales a partir de material vegetal y busca reducir el tiempo de producci&oacute;n y mejorar las caracter&iacute;sticas nutricionales. Este forraje se deshidratar&aacute; para incrementar el tiempo de conservaci&oacute;n y generar fibra adicional.&nbsp;<\/p>\n<p>La idea es que estas iniciativas apunten hacia una l&iacute;nea de investigaci&oacute;n que combine la electr&oacute;nica y la automatizaci&oacute;n aplicada al agro. La I. U. Pascual Bravo tiene cinco grupos y 15 semilleros de investigaci&oacute;n.&nbsp;<\/p>\n<p>La Facultad de Ingenier&iacute;a trabaja temas de electr&oacute;nica, instrumentalizaci&oacute;n y control de procesos, &aacute;rea el&eacute;ctrica, desarrollo de software y mec&aacute;nica. A su vez, la Facultad de Producci&oacute;n y Dise&ntilde;o se concentra en producci&oacute;n industrial, dise&ntilde;o gr&aacute;fico y de modas.<\/p>\n<\/p>\n<p><span style=\"display:none\"\/><\/div>\n<div class=\"compartir\">Compartir en: <a title=\"\" href=\"http:\/\/www.facebook.com\/share.php?u=\" class=\"btCompartirFacebook btCompartir\" target=\"_blank\" rel=\"noopener\"><a title=\"\" href=\"http:\/\/twitter.com\/home?status=Haz%20clic%20para%20ver%20esta%20noticia%20en%20\" class=\"btCompartirTwitter btCompartir\"\/><a title=\"\" href=\"whatsapp:\/\/send?text=Haz%20clic%20para%20ver%20esta%20noticia%20en%20\" class=\"btCompartirWa btCompartir\"\/><\/div>\n<\/div>\n<p><script>try{comprobarImagen();fixBtnRedes();hitsMedellin();}catch(e){}<\/script><\/div>\n","protected":false},"excerpt":{"rendered":"<p>Con nueva patente para mejorar procesos de deshidrataci\u00f3n, la I. U. Pascual Bravo fortalece el modelo de Ecociudad. Foto Alcald\u00eda de Medell\u00edn 2020-09-22 Con nueva patente para mejorar procesos de deshidrataci\u00f3n, la I. U. Pascual &#8230;<\/p>\n","protected":false},"author":1,"featured_media":58528,"comment_status":"open","ping_status":"open","sticky":false,"template":"","format":"standard","meta":[],"categories":[4,13],"tags":[451,441,436],"formato_nota":[],"programas_tax":[],"acf":[],"_links":{"self":[{"href":"https:\/\/www.medellin.gov.co\/es\/wp-json\/wp\/v2\/posts\/34739"}],"collection":[{"href":"https:\/\/www.medellin.gov.co\/es\/wp-json\/wp\/v2\/posts"}],"about":[{"href":"https:\/\/www.medellin.gov.co\/es\/wp-json\/wp\/v2\/types\/post"}],"author":[{"embeddable":true,"href":"https:\/\/www.medellin.gov.co\/es\/wp-json\/wp\/v2\/users\/1"}],"replies":[{"embeddable":true,"href":"https:\/\/www.medellin.gov.co\/es\/wp-json\/wp\/v2\/comments?post=34739"}],"version-history":[{"count":1,"href":"https:\/\/www.medellin.gov.co\/es\/wp-json\/wp\/v2\/posts\/34739\/revisions"}],"predecessor-version":[{"id":37766,"href":"https:\/\/www.medellin.gov.co\/es\/wp-json\/wp\/v2\/posts\/34739\/revisions\/37766"}],"wp:featuredmedia":[{"embeddable":true,"href":"https:\/\/www.medellin.gov.co\/es\/wp-json\/wp\/v2\/media\/58528"}],"wp:attachment":[{"href":"https:\/\/www.medellin.gov.co\/es\/wp-json\/wp\/v2\/media?parent=34739"}],"wp:term":[{"taxonomy":"category","embeddable":true,"href":"https:\/\/www.medellin.gov.co\/es\/wp-json\/wp\/v2\/categories?post=34739"},{"taxonomy":"post_tag","embeddable":true,"href":"https:\/\/www.medellin.gov.co\/es\/wp-json\/wp\/v2\/tags?post=34739"},{"taxonomy":"formato_nota","embeddable":true,"href":"https:\/\/www.medellin.gov.co\/es\/wp-json\/wp\/v2\/formato_nota?post=34739"},{"taxonomy":"programas_tax","embeddable":true,"href":"https:\/\/www.medellin.gov.co\/es\/wp-json\/wp\/v2\/programas_tax?post=34739"}],"curies":[{"name":"wp","href":"https:\/\/api.w.org\/{rel}","templated":true}]}}