{"id":34768,"date":"2020-11-14T00:00:00","date_gmt":"2020-11-14T05:00:00","guid":{"rendered":"https:\/\/www.medellin.gov.co\/es\/saladeprensa\/noticias\/puentes-verdes-y-jardines-verticales-impulsan-la-consolidacion-de-medellin-como-una-ecociudad\/"},"modified":"2022-03-27T22:36:59","modified_gmt":"2022-03-28T03:36:59","slug":"puentes-verdes-y-jardines-verticales-impulsan-la-consolidacion-de-medellin-como-una-ecociudad","status":"publish","type":"post","link":"https:\/\/www.medellin.gov.co\/es\/sala-de-prensa\/noticias\/puentes-verdes-y-jardines-verticales-impulsan-la-consolidacion-de-medellin-como-una-ecociudad\/","title":{"rendered":"Puentes verdes y jardines verticales impulsan la consolidaci\u00f3n de Medell\u00edn como una ecociudad"},"content":{"rendered":"<div class=\"wrap contenido\">\n<div class=\"noticia\">\n<div class=\"imagen\">\n<div class=\"divContImageNoticia\" style=\"background-image:url('\/irj\/go\/km\/docs\/galerias\/Imagenes\/Galer\u00eda d\u00eda a d\u00eda 2020\/500_400\/20201115 Fachada sur Concejo de Medellin.jpg')\" rel=\"\/irj\/go\/km\/docs\/galerias\/Imagenes\/Galer\u00eda d\u00eda a d\u00eda 2020\/500_400\/20201115 Fachada sur Concejo de Medellin.jpg\"><span style=\"display:none\"\/><\/div>\n<p>Puentes verdes y jardines verticales impulsan la consolidaci\u00f3n de Medell\u00edn como una ecociudad <\/p>\n<p>Foto Alcald\u00eda de Medelll\u00edn<\/p><\/div>\n<p class=\"fecha\"><span>2020-11-15<\/span><\/p>\n<p itemprop=\"name\">Puentes verdes y jardines verticales impulsan la consolidaci\u00f3n de Medell\u00edn como una ecociudad<\/p>\n<p>Por Prensa Alcald\u00eda de Medell\u00edn<\/p>\n<div class=\"cuerpo\">\n<p><p><span>.:&nbsp;<\/span>Se intervendr&aacute;n cuatro puentes peatonales ubicados en los barrios Carlos E. Restrepo, Caribe, Conquistadores y Guayabal.&nbsp;<br \/> <span>.:&nbsp;<\/span>Tambi&eacute;n se adecuar&aacute;n espacios con muros verdes y jardines verticales en el Centro Administrativo La Alpujarra.&nbsp;<br \/> <span>.:&nbsp;<\/span>Hasta $1.124 millones se invertir&aacute;n en la ejecuci&oacute;n de las obras: 1.000 metros cuadrados de jardines verticales, 900 metros cuadrados de arte urbano y 200 metros cuadrados<sup> <\/sup>de muros verdes aproximadamente.<\/p>\n<p><strong><a target=\"_blank\" title=\"Puentes verdes y jardines verticales impulsan la consolidaci&oacute;n de Medell&iacute;n como una ecociudad \" href=\"https:\/\/www.medellin.gov.co\/irj\/go\/km\/docs\/pccdesign\/medellin\/Temas\/MedioAmbiente\/Noticias\/Shared Content\/Documento\/2020\/20201115-Rodrigo-Foronda-Morales-director-general-Agencia-APP.mp3\" rel=\"noopener\"><span style=\"color: #3366ff;\">|| Audio || Palabras de&nbsp;Rodrigo Foronda Morales,&nbsp;director general de la Agencia APP<\/span><\/a><\/strong>.<\/p>\n<p><strong><a target=\"_blank\" title=\"Puentes verdes y jardines verticales impulsan la consolidaci&oacute;n de Medell&iacute;n como una ecociudad \" href=\"https:\/\/www.medellin.gov.co\/irj\/go\/km\/docs\/pccdesign\/medellin\/Temas\/MedioAmbiente\/Noticias\/Shared Content\/Documento\/2020\/20201115-Natalia-Urrego-Arias-secretaria-de-Infraestructura.mp3\" rel=\"noopener\"><span style=\"color: #3366ff;\">|| Audio || Palabras de&nbsp;Natalia Urrego Arias,&nbsp;secretaria de Infraestructura F&iacute;sica<\/span><\/a><\/strong>.<\/p>\n<p>Con el prop&oacute;sito de cualificar el paisaje urbano, la Alcald&iacute;a de Medell&iacute;n adecuar&aacute; cuatro puentes peatonales con jardines y obras de arte urbano, y mejorar&aacute; los espacios de circulaci&oacute;n del Centro Administrativo La Alpujarra (CAM) con jardines verticales y muros verdes con sistemas inteligentes de riego.<\/p>\n<p><i>&ldquo;Hacer de Medell&iacute;n una Ecociudad es uno de los pilares fundamentales de nuestro Plan de Desarrollo Medell&iacute;n Futuro. Llenarla de verde y de naturaleza es una misi&oacute;n de todos los miembros del conglomerado con la participaci&oacute;n de la comunidad para beneficio de todos y del planeta&rdquo;<\/i>, puntualiz&oacute; el director general de la Agencia APP, Rodrigo Foronda Morales.<\/p>\n<p>Se trata de los puentes de la 33, entre el barrio Conquistadores y el Cerro Nutibara; en Colombia, entre Suramericana y el sector Carlos E. Restrepo; al sur, en la Avenida Guayabal, a la altura del Parque de Conservaci&oacute;n Santa Fe; y al norte en la zona Caribe en la Secretar&iacute;a de Movilidad.<\/p>\n<p><i>&ldquo;Con esta iniciativa cualificamos el paisaje p&uacute;blico, mejoramos la conectividad biol&oacute;gica y adecuamos espacios para enriquecer y consolidar el sistema ambiental de la ciudad con infraestructura verde alternativa&rdquo;, <\/i>indic&oacute; la secretaria de Infraestructura F&iacute;sica Natalia Urrego Arias.<\/p>\n<p>&nbsp;<\/p>\n<p><a target=\"_blank\" href=\"https:\/\/www.medellin.gov.co\/irj\/go\/km\/docs\/galerias\/Imagenes\/Galer&iacute;a d&iacute;a a d&iacute;a 2020\/20201115 Imaginario puente la 33.jpg\" rel=\"noopener\"><img src=\"https:\/\/www.medellin.gov.co\/irj\/go\/km\/docs\/galerias\/Imagenes\/Galer&iacute;a d&iacute;a a d&iacute;a 2020\/1000_450\/20201115 Imaginario puente la 33.jpg\" style=\"display: block; margin-left: auto; margin-right: auto; max-width: 100%;\"\/><\/a><\/p>\n<p>Tambi&eacute;n se aporta a la consolidaci&oacute;n de estructuras verdes en la ciudad, se evita la demolici&oacute;n de los puentes con una reducci&oacute;n en la generaci&oacute;n de huella de carbono y se avanza en la consolidaci&oacute;n de una <i>Ecociudad<\/i>.<\/p>\n<p>Asimismo, para ofrecer una mejor atenci&oacute;n a la ciudadan&iacute;a y reducir la sensaci&oacute;n de calor, en el Centro Administrativo La Alpujarra comenzar&aacute; la instalaci&oacute;n de jardines verticales en las zonas de recepci&oacute;n (acceso y principal) y en el vac&iacute;o central del primer piso del CAM que aportan a la producci&oacute;n de ox&iacute;geno, la reducci&oacute;n de part&iacute;culas contaminantes y la generaci&oacute;n de sensaci&oacute;n de bienestar y luminosidad. Estas obras se sumar&aacute;n al jard&iacute;n vertical de 37 metros cuadrados entregado en pasados d&iacute;as en el primer piso del CAM, con 1.240 plantas sembradas.<\/p>\n<p>Este proyecto, que potenciar&aacute; el fortalecimiento de una <i>Ecociudad<\/i>, el mejoramiento del paisaje urbano y una estad&iacute;a c&aacute;lida en el CAM a funcionarios, contratistas y ciudadanos, fue formulado y estructurado por la Agencia APP y ser&aacute; ejecutado en alianza con las secretar&iacute;as de Infraestructura F&iacute;sica y Suministros y Servicios.&nbsp;<\/p>\n<\/p>\n<p><span style=\"display:none\"\/><\/div>\n<div class=\"compartir\">Compartir en: <a title=\"\" href=\"http:\/\/www.facebook.com\/share.php?u=\" class=\"btCompartirFacebook btCompartir\" target=\"_blank\" rel=\"noopener\"><a title=\"\" href=\"http:\/\/twitter.com\/home?status=Haz%20clic%20para%20ver%20esta%20noticia%20en%20\" class=\"btCompartirTwitter btCompartir\"\/><a title=\"\" href=\"whatsapp:\/\/send?text=Haz%20clic%20para%20ver%20esta%20noticia%20en%20\" class=\"btCompartirWa btCompartir\"\/><\/div>\n<\/div>\n<p><script>try{comprobarImagen();fixBtnRedes();hitsMedellin();}catch(e){}<\/script><\/div>\n","protected":false},"excerpt":{"rendered":"<p>Puentes verdes y jardines verticales impulsan la consolidaci\u00f3n de Medell\u00edn como una ecociudad Foto Alcald\u00eda de Medelll\u00edn 2020-11-15 Puentes verdes y jardines verticales impulsan la consolidaci\u00f3n de Medell\u00edn como una ecociudad Por Prensa Alcald\u00eda de &#8230;<\/p>\n","protected":false},"author":1,"featured_media":58560,"comment_status":"open","ping_status":"open","sticky":false,"template":"","format":"standard","meta":[],"categories":[13],"tags":[451,441,436],"formato_nota":[],"programas_tax":[],"acf":[],"_links":{"self":[{"href":"https:\/\/www.medellin.gov.co\/es\/wp-json\/wp\/v2\/posts\/34768"}],"collection":[{"href":"https:\/\/www.medellin.gov.co\/es\/wp-json\/wp\/v2\/posts"}],"about":[{"href":"https:\/\/www.medellin.gov.co\/es\/wp-json\/wp\/v2\/types\/post"}],"author":[{"embeddable":true,"href":"https:\/\/www.medellin.gov.co\/es\/wp-json\/wp\/v2\/users\/1"}],"replies":[{"embeddable":true,"href":"https:\/\/www.medellin.gov.co\/es\/wp-json\/wp\/v2\/comments?post=34768"}],"version-history":[{"count":1,"href":"https:\/\/www.medellin.gov.co\/es\/wp-json\/wp\/v2\/posts\/34768\/revisions"}],"predecessor-version":[{"id":37795,"href":"https:\/\/www.medellin.gov.co\/es\/wp-json\/wp\/v2\/posts\/34768\/revisions\/37795"}],"wp:featuredmedia":[{"embeddable":true,"href":"https:\/\/www.medellin.gov.co\/es\/wp-json\/wp\/v2\/media\/58560"}],"wp:attachment":[{"href":"https:\/\/www.medellin.gov.co\/es\/wp-json\/wp\/v2\/media?parent=34768"}],"wp:term":[{"taxonomy":"category","embeddable":true,"href":"https:\/\/www.medellin.gov.co\/es\/wp-json\/wp\/v2\/categories?post=34768"},{"taxonomy":"post_tag","embeddable":true,"href":"https:\/\/www.medellin.gov.co\/es\/wp-json\/wp\/v2\/tags?post=34768"},{"taxonomy":"formato_nota","embeddable":true,"href":"https:\/\/www.medellin.gov.co\/es\/wp-json\/wp\/v2\/formato_nota?post=34768"},{"taxonomy":"programas_tax","embeddable":true,"href":"https:\/\/www.medellin.gov.co\/es\/wp-json\/wp\/v2\/programas_tax?post=34768"}],"curies":[{"name":"wp","href":"https:\/\/api.w.org\/{rel}","templated":true}]}}