{"id":347708,"date":"2024-09-25T06:52:06","date_gmt":"2024-09-25T11:52:06","guid":{"rendered":"https:\/\/www.medellin.gov.co\/es\/?p=347708"},"modified":"2024-09-25T06:52:06","modified_gmt":"2024-09-25T11:52:06","slug":"por-incumplimiento-de-las-normas-urbanisticas-una-estructura-fue-demolida-en-el-sector-de-aranjuez","status":"publish","type":"post","link":"https:\/\/www.medellin.gov.co\/es\/sala-de-prensa\/noticias\/por-incumplimiento-de-las-normas-urbanisticas-una-estructura-fue-demolida-en-el-sector-de-aranjuez\/","title":{"rendered":"Por incumplimiento de las normas urban\u00edsticas, una estructura fue demolida en el sector de Aranjuez"},"content":{"rendered":"<!--[if lt IE 9]><script>document.createElement('audio');<\/script><![endif]-->\n\t<div class=\"wp-playlist wp-audio-playlist wp-playlist-light\">\n\t\t\t<div class=\"wp-playlist-current-item\"><\/div>\n\t\t<audio controls=\"controls\" preload=\"none\" width=\"640\"\n\t\t\t><\/audio>\n\t<div class=\"wp-playlist-next\"><\/div>\n\t<div class=\"wp-playlist-prev\"><\/div>\n\t<noscript>\n\t<ol>\n\t\t<li><a href='https:\/\/www.medellin.gov.co\/es\/wp-content\/uploads\/2024\/09\/demolicion-en-aranjuez-por-incumplimiento-de-normas-urbanisticas-01.mp3'>Palabras de Manuel Villa Mej\u00eda, secretario de Seguridad y Convivencia de Medell\u00edn<\/a><\/li>\t<\/ol>\n\t<\/noscript>\n\t<script type=\"application\/json\" class=\"wp-playlist-script\">{\"type\":\"audio\",\"tracklist\":true,\"tracknumbers\":true,\"images\":true,\"artists\":true,\"tracks\":[{\"src\":\"https:\\\/\\\/www.medellin.gov.co\\\/es\\\/wp-content\\\/uploads\\\/2024\\\/09\\\/demolicion-en-aranjuez-por-incumplimiento-de-normas-urbanisticas-01.mp3\",\"type\":\"audio\\\/mpeg\",\"title\":\"Palabras de Manuel Villa Mej\\u00eda, secretario de Seguridad y Convivencia de Medell\\u00edn\",\"caption\":\"\",\"description\":\"\\u00abPalabras de Manuel Villa Mej\\u00eda, secretario de Seguridad y Convivencia de Medell\\u00edn\\u00bb.\",\"meta\":{\"length_formatted\":\"1:32\"},\"image\":{\"src\":\"https:\\\/\\\/www.medellin.gov.co\\\/es\\\/wp-includes\\\/images\\\/media\\\/audio.png\",\"width\":48,\"height\":64},\"thumb\":{\"src\":\"https:\\\/\\\/www.medellin.gov.co\\\/es\\\/wp-includes\\\/images\\\/media\\\/audio.png\",\"width\":48,\"height\":64}}]}<\/script>\n<\/div>\n\t\n<p class=\"p1\">Por orden de una Inspecci\u00f3n de Polic\u00eda, la Secretar\u00eda de Seguridad y Convivencia\u00a0hizo la demolici\u00f3n de una construcci\u00f3n ilegal en el barrio Aranjuez, cerca del\u00a0puente de la Madre Laura.<\/p>\n<div id=\"attachment_347712\" style=\"width: 1210px\" class=\"wp-caption aligncenter\"><a href=\"https:\/\/www.medellin.gov.co\/es\/wp-content\/uploads\/2024\/09\/demolicion-en-aranjuez-por-incumplimiento-de-normas-urbanisticas-3.jpg\" target=\"_blank\" rel=\"noopener\"><img aria-describedby=\"caption-attachment-347712\" loading=\"lazy\" class=\"wp-image-347712 size-full\" title=\"Por incumplimiento de las normas urban\u00edsticas, una estructura fue demolida en el sector de Aranjuez\" src=\"https:\/\/www.medellin.gov.co\/es\/wp-content\/uploads\/2024\/09\/demolicion-en-aranjuez-por-incumplimiento-de-normas-urbanisticas-3.jpg\" alt=\"Por incumplimiento de las normas urban\u00edsticas, una estructura fue demolida en el sector de Aranjuez\" width=\"1200\" height=\"675\" srcset=\"https:\/\/www.medellin.gov.co\/es\/wp-content\/uploads\/2024\/09\/demolicion-en-aranjuez-por-incumplimiento-de-normas-urbanisticas-3.jpg 1200w, https:\/\/www.medellin.gov.co\/es\/wp-content\/uploads\/2024\/09\/demolicion-en-aranjuez-por-incumplimiento-de-normas-urbanisticas-3-300x169.jpg 300w, https:\/\/www.medellin.gov.co\/es\/wp-content\/uploads\/2024\/09\/demolicion-en-aranjuez-por-incumplimiento-de-normas-urbanisticas-3-1024x576.jpg 1024w, https:\/\/www.medellin.gov.co\/es\/wp-content\/uploads\/2024\/09\/demolicion-en-aranjuez-por-incumplimiento-de-normas-urbanisticas-3-150x84.jpg 150w, https:\/\/www.medellin.gov.co\/es\/wp-content\/uploads\/2024\/09\/demolicion-en-aranjuez-por-incumplimiento-de-normas-urbanisticas-3-768x432.jpg 768w\" sizes=\"(max-width: 1200px) 100vw, 1200px\" \/><\/a><p id=\"caption-attachment-347712\" class=\"wp-caption-text\">Por incumplimiento de las normas urban\u00edsticas, una estructura fue demolida en el sector de Aranjuez &#8211; Foto alcaldia de Medell\u00edn<\/p><\/div>\n<p class=\"p1\">La edificaci\u00f3n, que hab\u00eda sido inspeccionada en dos ocasiones, fue suspendida,\u00a0pero el responsable no acat\u00f3 las indicaciones de detener la obra. A pesar de las\u00a0advertencias, la construcci\u00f3n fue finalizada en 2020, lo que motiv\u00f3 la emisi\u00f3n de\u00a0una orden de demolici\u00f3n que estaba pendiente de ejecuci\u00f3n desde entonces.<\/p>\n<p class=\"p1\">El inmueble, construido de manera irregular en espacio p\u00fablico, fue objeto de una\u00a0caracterizaci\u00f3n de sus ocupantes 15 d\u00edas antes de la diligencia. En este proceso,\u00a0se identific\u00f3 a una persona v\u00edctima de desplazamiento forzado, a quien la Unidad\u00a0de V\u00edctimas y la Secretar\u00eda de Inclusi\u00f3n Social y Familia, junto con la Secretar\u00eda\u00a0de Paz y Derechos Humanos, otorgaron un subsidio de vivienda temporal por tres\u00a0meses, como apoyo frente a su situaci\u00f3n de vulnerabilidad.<\/p>\n\n\t\t<style type=\"text\/css\">\n\t\t\t#gallery-1 {\n\t\t\t\tmargin: auto;\n\t\t\t}\n\t\t\t#gallery-1 .gallery-item {\n\t\t\t\tfloat: left;\n\t\t\t\tmargin-top: 10px;\n\t\t\t\ttext-align: center;\n\t\t\t\twidth: 50%;\n\t\t\t}\n\t\t\t#gallery-1 img {\n\t\t\t\tborder: 2px solid #cfcfcf;\n\t\t\t}\n\t\t\t#gallery-1 .gallery-caption {\n\t\t\t\tmargin-left: 0;\n\t\t\t}\n\t\t\t\/* see gallery_shortcode() in wp-includes\/media.php *\/\n\t\t<\/style>\n\t\t<div id='gallery-1' class='gallery galleryid-347708 gallery-columns-2 gallery-size-large'><dl class='gallery-item'>\n\t\t\t<dt class='gallery-icon landscape'>\n\t\t\t\t<a href='https:\/\/www.medellin.gov.co\/es\/sala-de-prensa\/noticias\/por-incumplimiento-de-las-normas-urbanisticas-una-estructura-fue-demolida-en-el-sector-de-aranjuez\/demolicion-en-aranjuez-por-incumplimiento-de-normas-urbanisticas-2\/'><img width=\"1024\" height=\"576\" src=\"https:\/\/www.medellin.gov.co\/es\/wp-content\/uploads\/2024\/09\/demolicion-en-aranjuez-por-incumplimiento-de-normas-urbanisticas-2-1024x576.jpg\" class=\"attachment-large size-large\" alt=\"Por incumplimiento de las normas urban\u00edsticas, una estructura fue demolida en el sector de Aranjuez\" loading=\"lazy\" aria-describedby=\"gallery-1-347711\" srcset=\"https:\/\/www.medellin.gov.co\/es\/wp-content\/uploads\/2024\/09\/demolicion-en-aranjuez-por-incumplimiento-de-normas-urbanisticas-2-1024x576.jpg 1024w, https:\/\/www.medellin.gov.co\/es\/wp-content\/uploads\/2024\/09\/demolicion-en-aranjuez-por-incumplimiento-de-normas-urbanisticas-2-300x169.jpg 300w, https:\/\/www.medellin.gov.co\/es\/wp-content\/uploads\/2024\/09\/demolicion-en-aranjuez-por-incumplimiento-de-normas-urbanisticas-2-150x84.jpg 150w, https:\/\/www.medellin.gov.co\/es\/wp-content\/uploads\/2024\/09\/demolicion-en-aranjuez-por-incumplimiento-de-normas-urbanisticas-2-768x432.jpg 768w, https:\/\/www.medellin.gov.co\/es\/wp-content\/uploads\/2024\/09\/demolicion-en-aranjuez-por-incumplimiento-de-normas-urbanisticas-2.jpg 1200w\" sizes=\"(max-width: 1024px) 100vw, 1024px\" \/><\/a>\n\t\t\t<\/dt>\n\t\t\t\t<dd class='wp-caption-text gallery-caption' id='gallery-1-347711'>\n\t\t\t\tPor incumplimiento de las normas urban\u00edsticas, una estructura fue demolida en el sector de Aranjuez &#8211; Foto alcaldia de Medell\u00edn\n\t\t\t\t<\/dd><\/dl><dl class='gallery-item'>\n\t\t\t<dt class='gallery-icon landscape'>\n\t\t\t\t<a href='https:\/\/www.medellin.gov.co\/es\/sala-de-prensa\/noticias\/por-incumplimiento-de-las-normas-urbanisticas-una-estructura-fue-demolida-en-el-sector-de-aranjuez\/demolicion-en-aranjuez-por-incumplimiento-de-normas-urbanisticas-5\/'><img width=\"1024\" height=\"576\" src=\"https:\/\/www.medellin.gov.co\/es\/wp-content\/uploads\/2024\/09\/demolicion-en-aranjuez-por-incumplimiento-de-normas-urbanisticas-5-1024x576.jpg\" class=\"attachment-large size-large\" alt=\"Por incumplimiento de las normas urban\u00edsticas, una estructura fue demolida en el sector de Aranjuez\" loading=\"lazy\" aria-describedby=\"gallery-1-347714\" srcset=\"https:\/\/www.medellin.gov.co\/es\/wp-content\/uploads\/2024\/09\/demolicion-en-aranjuez-por-incumplimiento-de-normas-urbanisticas-5-1024x576.jpg 1024w, https:\/\/www.medellin.gov.co\/es\/wp-content\/uploads\/2024\/09\/demolicion-en-aranjuez-por-incumplimiento-de-normas-urbanisticas-5-300x169.jpg 300w, https:\/\/www.medellin.gov.co\/es\/wp-content\/uploads\/2024\/09\/demolicion-en-aranjuez-por-incumplimiento-de-normas-urbanisticas-5-150x84.jpg 150w, https:\/\/www.medellin.gov.co\/es\/wp-content\/uploads\/2024\/09\/demolicion-en-aranjuez-por-incumplimiento-de-normas-urbanisticas-5-768x432.jpg 768w, https:\/\/www.medellin.gov.co\/es\/wp-content\/uploads\/2024\/09\/demolicion-en-aranjuez-por-incumplimiento-de-normas-urbanisticas-5.jpg 1200w\" sizes=\"(max-width: 1024px) 100vw, 1024px\" \/><\/a>\n\t\t\t<\/dt>\n\t\t\t\t<dd class='wp-caption-text gallery-caption' id='gallery-1-347714'>\n\t\t\t\tPor incumplimiento de las normas urban\u00edsticas, una estructura fue demolida en el sector de Aranjuez &#8211; Foto alcaldia de Medell\u00edn\n\t\t\t\t<\/dd><\/dl><br style=\"clear: both\" \/>\n\t\t<\/div>\n\n<p class=\"p1\">La demolici\u00f3n se hizo con la presencia de la Polic\u00eda Nacional, junto a diversas\u00a0entidades como la Personer\u00eda, la Secretar\u00eda de Paz y Derechos Humanos, EPM,\u00a0la Subsecretar\u00eda de Espacio P\u00fablico y la Secretar\u00eda de Inclusi\u00f3n Social, que\u00a0entreg\u00f3 paquetes alimentarios. Este operativo hace parte de los esfuerzos de la\u00a0Administraci\u00f3n Distrital para garantizar el cumplimiento de las normas urban\u00edsticas\u00a0y proteger el espacio p\u00fablico.<\/p>\n","protected":false},"excerpt":{"rendered":"<p>Por orden de una Inspecci\u00f3n de Polic\u00eda, la Secretar\u00eda de Seguridad y Convivencia\u00a0hizo la demolici\u00f3n de una construcci\u00f3n ilegal en el barrio Aranjuez, cerca del\u00a0puente de la Madre Laura. La edificaci\u00f3n, que hab\u00eda sido inspeccionada &#8230;<\/p>\n","protected":false},"author":84,"featured_media":347709,"comment_status":"open","ping_status":"open","sticky":false,"template":"","format":"standard","meta":[],"categories":[21],"tags":[455,619],"formato_nota":[],"programas_tax":[],"acf":[],"_links":{"self":[{"href":"https:\/\/www.medellin.gov.co\/es\/wp-json\/wp\/v2\/posts\/347708"}],"collection":[{"href":"https:\/\/www.medellin.gov.co\/es\/wp-json\/wp\/v2\/posts"}],"about":[{"href":"https:\/\/www.medellin.gov.co\/es\/wp-json\/wp\/v2\/types\/post"}],"author":[{"embeddable":true,"href":"https:\/\/www.medellin.gov.co\/es\/wp-json\/wp\/v2\/users\/84"}],"replies":[{"embeddable":true,"href":"https:\/\/www.medellin.gov.co\/es\/wp-json\/wp\/v2\/comments?post=347708"}],"version-history":[{"count":1,"href":"https:\/\/www.medellin.gov.co\/es\/wp-json\/wp\/v2\/posts\/347708\/revisions"}],"predecessor-version":[{"id":347717,"href":"https:\/\/www.medellin.gov.co\/es\/wp-json\/wp\/v2\/posts\/347708\/revisions\/347717"}],"wp:featuredmedia":[{"embeddable":true,"href":"https:\/\/www.medellin.gov.co\/es\/wp-json\/wp\/v2\/media\/347709"}],"wp:attachment":[{"href":"https:\/\/www.medellin.gov.co\/es\/wp-json\/wp\/v2\/media?parent=347708"}],"wp:term":[{"taxonomy":"category","embeddable":true,"href":"https:\/\/www.medellin.gov.co\/es\/wp-json\/wp\/v2\/categories?post=347708"},{"taxonomy":"post_tag","embeddable":true,"href":"https:\/\/www.medellin.gov.co\/es\/wp-json\/wp\/v2\/tags?post=347708"},{"taxonomy":"formato_nota","embeddable":true,"href":"https:\/\/www.medellin.gov.co\/es\/wp-json\/wp\/v2\/formato_nota?post=347708"},{"taxonomy":"programas_tax","embeddable":true,"href":"https:\/\/www.medellin.gov.co\/es\/wp-json\/wp\/v2\/programas_tax?post=347708"}],"curies":[{"name":"wp","href":"https:\/\/api.w.org\/{rel}","templated":true}]}}