{"id":347719,"date":"2024-09-25T09:06:04","date_gmt":"2024-09-25T14:06:04","guid":{"rendered":"https:\/\/www.medellin.gov.co\/es\/?p=347719"},"modified":"2024-09-25T09:06:04","modified_gmt":"2024-09-25T14:06:04","slug":"metrosalud-traslada-temporalmente-la-atencion-de-partos-y-urgencias-de-la-uh-de-manrique-a-otras-unidades-hospitalarias","status":"publish","type":"post","link":"https:\/\/www.medellin.gov.co\/es\/sala-de-prensa\/noticias\/metrosalud-traslada-temporalmente-la-atencion-de-partos-y-urgencias-de-la-uh-de-manrique-a-otras-unidades-hospitalarias\/","title":{"rendered":"Metrosalud traslada temporalmente la atenci\u00f3n de partos y urgencias de la UH de Manrique a otras unidades hospitalarias"},"content":{"rendered":"<ul>\n<li class=\"p1\"><b>La medida se tomar\u00e1 mientras se hacen mejoras en la infraestructura f\u00edsica <\/b><b>de esa sede.<\/b><\/li>\n<\/ul>\n<!--[if lt IE 9]><script>document.createElement('audio');<\/script><![endif]-->\n\t<div class=\"wp-playlist wp-audio-playlist wp-playlist-light\">\n\t\t\t<div class=\"wp-playlist-current-item\"><\/div>\n\t\t<audio controls=\"controls\" preload=\"none\" width=\"640\"\n\t\t\t><\/audio>\n\t<div class=\"wp-playlist-next\"><\/div>\n\t<div class=\"wp-playlist-prev\"><\/div>\n\t<noscript>\n\t<ol>\n\t\t<li><a href='https:\/\/www.medellin.gov.co\/es\/wp-content\/uploads\/2024\/09\/Metrosalud-traslada-temporalmente-atencion-de-partos-01.mp3'>Palabras de Javier Antonio Guti\u00e9rrez Rodas, subgerente de la Red de Servicios de Metrosalud<\/a><\/li><li><a href='https:\/\/www.medellin.gov.co\/es\/wp-content\/uploads\/2024\/09\/Metrosalud-traslada-temporalmente-atencion-de-partos-02.mp3'>Palabras de Kelli Acevedo, habitante de Manrique Central y usuaria de la red de Metrosalud<\/a><\/li><li><a href='https:\/\/www.medellin.gov.co\/es\/wp-content\/uploads\/2024\/09\/Metrosalud-traslada-temporalmente-atencion-de-partos-03.mp3'>Palabras de Nelly Hern\u00e1ndez, auxiliar de enfermer\u00eda Metrosalud<\/a><\/li>\t<\/ol>\n\t<\/noscript>\n\t<script type=\"application\/json\" class=\"wp-playlist-script\">{\"type\":\"audio\",\"tracklist\":true,\"tracknumbers\":true,\"images\":true,\"artists\":true,\"tracks\":[{\"src\":\"https:\\\/\\\/www.medellin.gov.co\\\/es\\\/wp-content\\\/uploads\\\/2024\\\/09\\\/Metrosalud-traslada-temporalmente-atencion-de-partos-01.mp3\",\"type\":\"audio\\\/mpeg\",\"title\":\"Palabras de Javier Antonio Guti\\u00e9rrez Rodas, subgerente de la Red de Servicios de Metrosalud\",\"caption\":\"\",\"description\":\"\\u00abPalabras de Javier Antonio Guti\\u00e9rrez Rodas, subgerente de la Red de Servicios de Metrosalud\\u00bb.\",\"meta\":{\"year\":\"2024\",\"length_formatted\":\"0:58\"},\"image\":{\"src\":\"https:\\\/\\\/www.medellin.gov.co\\\/es\\\/wp-includes\\\/images\\\/media\\\/audio.png\",\"width\":48,\"height\":64},\"thumb\":{\"src\":\"https:\\\/\\\/www.medellin.gov.co\\\/es\\\/wp-includes\\\/images\\\/media\\\/audio.png\",\"width\":48,\"height\":64}},{\"src\":\"https:\\\/\\\/www.medellin.gov.co\\\/es\\\/wp-content\\\/uploads\\\/2024\\\/09\\\/Metrosalud-traslada-temporalmente-atencion-de-partos-02.mp3\",\"type\":\"audio\\\/mpeg\",\"title\":\"Palabras de Kelli Acevedo, habitante de Manrique Central y usuaria de la red de Metrosalud\",\"caption\":\"\",\"description\":\"\\u00abPalabras de Kelli Acevedo, habitante de Manrique Central y usuaria de la red de Metrosalud\\u00bb.\",\"meta\":{\"year\":\"2024\",\"length_formatted\":\"1:19\"},\"image\":{\"src\":\"https:\\\/\\\/www.medellin.gov.co\\\/es\\\/wp-includes\\\/images\\\/media\\\/audio.png\",\"width\":48,\"height\":64},\"thumb\":{\"src\":\"https:\\\/\\\/www.medellin.gov.co\\\/es\\\/wp-includes\\\/images\\\/media\\\/audio.png\",\"width\":48,\"height\":64}},{\"src\":\"https:\\\/\\\/www.medellin.gov.co\\\/es\\\/wp-content\\\/uploads\\\/2024\\\/09\\\/Metrosalud-traslada-temporalmente-atencion-de-partos-03.mp3\",\"type\":\"audio\\\/mpeg\",\"title\":\"Palabras de Nelly Hern\\u00e1ndez, auxiliar de enfermer\\u00eda Metrosalud\",\"caption\":\"\",\"description\":\"\\u00abPalabras de Nelly Hern\\u00e1ndez, auxiliar de enfermer\\u00eda Metrosalud\\u00bb.\",\"meta\":{\"year\":\"2024\",\"length_formatted\":\"0:44\"},\"image\":{\"src\":\"https:\\\/\\\/www.medellin.gov.co\\\/es\\\/wp-includes\\\/images\\\/media\\\/audio.png\",\"width\":48,\"height\":64},\"thumb\":{\"src\":\"https:\\\/\\\/www.medellin.gov.co\\\/es\\\/wp-includes\\\/images\\\/media\\\/audio.png\",\"width\":48,\"height\":64}}]}<\/script>\n<\/div>\n\t\n<p class=\"p1\">Varios de los servicios que atiende la unidad hospitalaria de Manrique ser\u00e1n\u00a0trasladados por aproximadamente seis meses, a partir de este viernes 27 de\u00a0septiembre, a las unidades hospitalarias de Bel\u00e9n, Buenos Aires y Nuevo\u00a0Occidente.<\/p>\n<p class=\"p1\">Esto se hace para garantizar la continuidad y calidad en la atenci\u00f3n a los usuarios\u00a0del r\u00e9gimen subsidiado y contributivo de la EPS Savia Salud y a la poblaci\u00f3n de\u00a0escasos recursos sin aseguramiento en salud, mientras se realizan las\u00a0intervenciones.<\/p>\n<p class=\"p1\">La distribuci\u00f3n temporal para la atenci\u00f3n de servicios a las mujeres gestantes de\u00a0Metrosalud hacia otras unidades hospitalarias, se hace considerando la capacidad\u00a0instalada en infraestructura y talento humano de los puntos hacia donde fueron\u00a0destinadas.<\/p>\n<div id=\"attachment_347762\" style=\"width: 1210px\" class=\"wp-caption aligncenter\"><a href=\"https:\/\/www.medellin.gov.co\/es\/wp-content\/uploads\/2024\/09\/Metrosalud-traslada-temporalmente-atencion-de-partos-1.jpg\" target=\"_blank\" rel=\"noopener\"><img aria-describedby=\"caption-attachment-347762\" loading=\"lazy\" class=\"wp-image-347762 size-full\" title=\"Metrosalud traslada temporalmente la atenci\u00f3n de partos y urgencias de la UH de Manrique a otras unidades hospitalarias\" src=\"https:\/\/www.medellin.gov.co\/es\/wp-content\/uploads\/2024\/09\/Metrosalud-traslada-temporalmente-atencion-de-partos-1.jpg\" alt=\"Metrosalud traslada temporalmente la atenci\u00f3n de partos y urgencias de la UH de Manrique a otras unidades hospitalarias\" width=\"1200\" height=\"799\" srcset=\"https:\/\/www.medellin.gov.co\/es\/wp-content\/uploads\/2024\/09\/Metrosalud-traslada-temporalmente-atencion-de-partos-1.jpg 1200w, https:\/\/www.medellin.gov.co\/es\/wp-content\/uploads\/2024\/09\/Metrosalud-traslada-temporalmente-atencion-de-partos-1-300x200.jpg 300w, https:\/\/www.medellin.gov.co\/es\/wp-content\/uploads\/2024\/09\/Metrosalud-traslada-temporalmente-atencion-de-partos-1-1024x682.jpg 1024w, https:\/\/www.medellin.gov.co\/es\/wp-content\/uploads\/2024\/09\/Metrosalud-traslada-temporalmente-atencion-de-partos-1-150x100.jpg 150w, https:\/\/www.medellin.gov.co\/es\/wp-content\/uploads\/2024\/09\/Metrosalud-traslada-temporalmente-atencion-de-partos-1-768x511.jpg 768w\" sizes=\"(max-width: 1200px) 100vw, 1200px\" \/><\/a><p id=\"caption-attachment-347762\" class=\"wp-caption-text\">Metrosalud traslada temporalmente la atenci\u00f3n de partos y urgencias de la UH de Manrique a otras unidades hospitalarias &#8211; Foto alcaldia de Medell\u00edn<\/p><\/div>\n<p class=\"p1\"><i>\u201cA partir del 27 de septiembre, nuestras usuarias y nuestros usuarios podr\u00e1n\u00a0<\/i><i>consultar en otras unidades hospitalarias. Esperamos realizar con \u00e9xito ese\u00a0<\/i><i>traslado temporal y reabrir nuevamente nuestros servicios en la unidad\u00a0<\/i><i>hospitalaria de Manrique en un plazo aproximado de cuatro a seis meses\u201d,<\/i> dijo el\u00a0subgerente de la Red de Servicios de Metrosalud, Javier Antonio Guti\u00e9rrez Rodas.<\/p>\n<p class=\"p1\">Los traslados impactan temporalmente la atenci\u00f3n quir\u00fargica de emergencias y\u00a0programada para maternas que requieran intervenci\u00f3n inmediata o planificada, la\u00a0cual se realizar\u00e1 en la UH Nuevo Occidente; el servicio de ginecobstetricia, que\u00a0cubre la atenci\u00f3n de mujeres embarazadas, proporcionando servicios de parto y\u00a0ces\u00e1rea, lo que incluye el cuidado prenatal y posnatal, ser\u00e1 atendido en la UH\u00a0Bel\u00e9n y en la UH Nuevo Occidente.<\/p>\n<p class=\"p1\">Adem\u00e1s la hospitalizaci\u00f3n derivada de complicaciones relacionadas con el\u00a0embarazo o por condiciones ginecol\u00f3gicas, se prestar\u00e1 en la UH Nuevo Occidente.<\/p>\n<p class=\"p1\">El servicio de urgencias, que ofrece atenci\u00f3n inmediata a pacientes en estado\u00a0cr\u00edtico o que presentan emergencias m\u00e9dicas, se trasladar\u00e1 provisionalmente\u00a0durante estos seis meses hacia la UH Buenos Aires. Sin embargo, en este\u00a0periodo, la poblaci\u00f3n de Manrique ser\u00e1 atendida en los dem\u00e1s sitios de urgencias\u00a0de la red de Metrosalud, asegurando as\u00ed la cobertura y atenci\u00f3n oportuna.<\/p>\n<div id=\"attachment_347768\" style=\"width: 1210px\" class=\"wp-caption aligncenter\"><a href=\"https:\/\/www.medellin.gov.co\/es\/wp-content\/uploads\/2024\/09\/Metrosalud-traslada-temporalmente-atencion-de-partos-3.jpg\" target=\"_blank\" rel=\"noopener\"><img aria-describedby=\"caption-attachment-347768\" loading=\"lazy\" class=\"wp-image-347768 size-full\" title=\"Metrosalud traslada temporalmente la atenci\u00f3n de partos y urgencias de la UH de Manrique a otras unidades hospitalarias\" src=\"https:\/\/www.medellin.gov.co\/es\/wp-content\/uploads\/2024\/09\/Metrosalud-traslada-temporalmente-atencion-de-partos-3.jpg\" alt=\"Metrosalud traslada temporalmente la atenci\u00f3n de partos y urgencias de la UH de Manrique a otras unidades hospitalarias\" width=\"1200\" height=\"799\" srcset=\"https:\/\/www.medellin.gov.co\/es\/wp-content\/uploads\/2024\/09\/Metrosalud-traslada-temporalmente-atencion-de-partos-3.jpg 1200w, https:\/\/www.medellin.gov.co\/es\/wp-content\/uploads\/2024\/09\/Metrosalud-traslada-temporalmente-atencion-de-partos-3-300x200.jpg 300w, https:\/\/www.medellin.gov.co\/es\/wp-content\/uploads\/2024\/09\/Metrosalud-traslada-temporalmente-atencion-de-partos-3-1024x682.jpg 1024w, https:\/\/www.medellin.gov.co\/es\/wp-content\/uploads\/2024\/09\/Metrosalud-traslada-temporalmente-atencion-de-partos-3-150x100.jpg 150w, https:\/\/www.medellin.gov.co\/es\/wp-content\/uploads\/2024\/09\/Metrosalud-traslada-temporalmente-atencion-de-partos-3-768x511.jpg 768w\" sizes=\"(max-width: 1200px) 100vw, 1200px\" \/><\/a><p id=\"caption-attachment-347768\" class=\"wp-caption-text\">Metrosalud traslada temporalmente la atenci\u00f3n de partos y urgencias de la UH de Manrique a otras unidades hospitalarias &#8211; Foto alcaldia de Medell\u00edn<\/p><\/div>\n<p class=\"p1\">En la UH Manrique se contin\u00faan prestado con normalidad servicios como\u00a0hospitalizaci\u00f3n de medicina interna, consulta m\u00e9dica general, consulta pedi\u00e1trica,\u00a0consulta obst\u00e9trica, programas de enfermer\u00eda, servicio de im\u00e1genes diagn\u00f3sticas\u00a0y servicio de laboratorio, entre otros.<\/p>\n<p class=\"p1\"><i>\u00abMe siento muy contenta de que vaya a ver un cambio en la infraestructura de la\u00a0<\/i><i>UH Manrique, porque eso nos garantiza, a nosotras las gestantes, m\u00e1s comodidad\u00a0<\/i><i>a la hora de consultar\u201d, <\/i>expres\u00f3<i> <\/i>Kelli Acevedo, habitante de Manrique Central y\u00a0usuaria de la red de Metrosalud.<\/p>\n<p class=\"p1\">Para avanzar en la orientaci\u00f3n al usuario y minimizar el impacto de esta medida,\u00a0el personal asistencial de Metrosalud socializa el traslado con las madres\u00a0gestantes que adelantan sus controles prenatales en la red de servicios. De igual\u00a0manera, se le informa a la comunidad sobre los nuevos puntos de atenci\u00f3n.<\/p>\n","protected":false},"excerpt":{"rendered":"<p>La medida se tomar\u00e1 mientras se hacen mejoras en la infraestructura f\u00edsica de esa sede. Varios de los servicios que atiende la unidad hospitalaria de Manrique ser\u00e1n\u00a0trasladados por aproximadamente seis meses, a partir de este &#8230;<\/p>\n","protected":false},"author":84,"featured_media":347764,"comment_status":"open","ping_status":"open","sticky":false,"template":"","format":"standard","meta":[],"categories":[17],"tags":[437,455,452],"formato_nota":[],"programas_tax":[],"acf":[],"_links":{"self":[{"href":"https:\/\/www.medellin.gov.co\/es\/wp-json\/wp\/v2\/posts\/347719"}],"collection":[{"href":"https:\/\/www.medellin.gov.co\/es\/wp-json\/wp\/v2\/posts"}],"about":[{"href":"https:\/\/www.medellin.gov.co\/es\/wp-json\/wp\/v2\/types\/post"}],"author":[{"embeddable":true,"href":"https:\/\/www.medellin.gov.co\/es\/wp-json\/wp\/v2\/users\/84"}],"replies":[{"embeddable":true,"href":"https:\/\/www.medellin.gov.co\/es\/wp-json\/wp\/v2\/comments?post=347719"}],"version-history":[{"count":1,"href":"https:\/\/www.medellin.gov.co\/es\/wp-json\/wp\/v2\/posts\/347719\/revisions"}],"predecessor-version":[{"id":347772,"href":"https:\/\/www.medellin.gov.co\/es\/wp-json\/wp\/v2\/posts\/347719\/revisions\/347772"}],"wp:featuredmedia":[{"embeddable":true,"href":"https:\/\/www.medellin.gov.co\/es\/wp-json\/wp\/v2\/media\/347764"}],"wp:attachment":[{"href":"https:\/\/www.medellin.gov.co\/es\/wp-json\/wp\/v2\/media?parent=347719"}],"wp:term":[{"taxonomy":"category","embeddable":true,"href":"https:\/\/www.medellin.gov.co\/es\/wp-json\/wp\/v2\/categories?post=347719"},{"taxonomy":"post_tag","embeddable":true,"href":"https:\/\/www.medellin.gov.co\/es\/wp-json\/wp\/v2\/tags?post=347719"},{"taxonomy":"formato_nota","embeddable":true,"href":"https:\/\/www.medellin.gov.co\/es\/wp-json\/wp\/v2\/formato_nota?post=347719"},{"taxonomy":"programas_tax","embeddable":true,"href":"https:\/\/www.medellin.gov.co\/es\/wp-json\/wp\/v2\/programas_tax?post=347719"}],"curies":[{"name":"wp","href":"https:\/\/api.w.org\/{rel}","templated":true}]}}