{"id":34779,"date":"2020-04-11T00:00:00","date_gmt":"2020-04-11T05:00:00","guid":{"rendered":"https:\/\/www.medellin.gov.co\/es\/saladeprensa\/noticias\/alcalde-de-medellin-solicito-a-organos-de-control-acompanamiento-y-vigilancia-de-las-acciones-realizadas-en-medio-de-la-contingencia-por-el-coronavirus\/"},"modified":"2022-03-27T22:50:56","modified_gmt":"2022-03-28T03:50:56","slug":"alcalde-de-medellin-solicito-a-organos-de-control-acompanamiento-y-vigilancia-de-las-acciones-realizadas-en-medio-de-la-contingencia-por-el-coronavirus","status":"publish","type":"post","link":"https:\/\/www.medellin.gov.co\/es\/sala-de-prensa\/noticias\/alcalde-de-medellin-solicito-a-organos-de-control-acompanamiento-y-vigilancia-de-las-acciones-realizadas-en-medio-de-la-contingencia-por-el-coronavirus\/","title":{"rendered":"Alcalde de Medell\u00edn solicit\u00f3 a \u00f3rganos de control acompa\u00f1amiento y vigilancia de las acciones realizadas en medio de la contingencia por el coronavirus"},"content":{"rendered":"<div class=\"wrap contenido\">\n<div class=\"noticia\">\n<div class=\"imagen\">\n<div class=\"divContImageNoticia\" style=\"background-image:url('\/irj\/go\/km\/docs\/galerias\/Imagenes\/Galer\u00eda d\u00eda a d\u00eda 2020\/500_400\/20200403_PlanMil2.jpg')\" rel=\"\/irj\/go\/km\/docs\/galerias\/Imagenes\/Galer\u00eda d\u00eda a d\u00eda 2020\/500_400\/20200403_PlanMil2.jpg\"><span style=\"display:none\"\/><\/div>\n<p>Plan Mil.<\/p>\n<p>Alcald\u00eda de Medell\u00edn<\/p><\/div>\n<p class=\"fecha\"><span>2020-04-11<\/span><\/p>\n<p itemprop=\"name\">Alcalde solicit\u00f3 a \u00f3rganos de control acompa\u00f1amiento y vigilancia de las acciones realizadas en medio de la contingencia<\/p>\n<p>Por Jefatura de prensa<\/p>\n<div class=\"cuerpo\">\n<p><p>.: Para garantizar el cumplimiento de la Constituci\u00f3n y la legislaci\u00f3n, se les solicit\u00f3 a los \u00f3rganos de control las medidas de vigilancia preventiva.<br \/>.: Se busca que se verifique la transparencia del proceso de acompa\u00f1amiento a las poblaciones vulnerables y el cumplimiento de las funciones p\u00fablicas.<\/p>\n<p>El alcalde Daniel Quintero Calle solicit\u00f3 formalmente a William Vivas, personero de Medell\u00edn; Diana Torres, contralora general; Luis Fernando Bustamante, procurador regional y Jhon Mario Guerra, procurador provincial, que vigilen el proceso de entrega de los beneficios en efectivo para la poblaci\u00f3n vulnerable, conforme a las competencias que la ley les otorga; esto, con la intenci\u00f3n de reforzar la transparencia de la Administraci\u00f3n Municipal en medio de la contingencia por el coronavirus.<\/p>\n<p>Teniendo en cuenta que la Personer\u00eda de Medell\u00edn act\u00faa para la guarda y promoci\u00f3n de los Derechos Humanos, la protecci\u00f3n del inter\u00e9s p\u00fablico y la vigilancia de la conducta de quienes desempe\u00f1an funciones p\u00fablicas, el alcalde le solicit\u00f3 iniciar acciones de vigilancia preventiva con el fin de verificar que el tr\u00e1mite se lleve a cabo de forma transparente y conforme a la Constituci\u00f3n y la ley.<\/p>\n<p>A la Contralor\u00eda General de Medell\u00edn le solicit\u00f3 una vigilancia fiscal sobre los auxilios en dinero para que observe el desarrollo del proceso de entrega de los beneficios, cuyo objetivo es aliviar las dificultades econ\u00f3micas que atravesar\u00edan los hogares de escasos recursos producto de la extensi\u00f3n del aislamiento preventivo obligatorio.<\/p>\n<p>Adem\u00e1s, le pidi\u00f3 a los Procuradores Regional y Provincial, vigilancia y acompa\u00f1amiento en las acciones desplegadas por la contingencia y hacerlo de manera extensiva a las actuaciones efectuadas por los servidores municipales.<\/p>\n<p>La Alcald\u00eda de Medell\u00edn ha tomado decisiones para atender y favorecer a la poblaci\u00f3n m\u00e1s vulnerable durante la crisis generada por el coronavirus. En aras de la transparencia, el cumplimiento de la Constituci\u00f3n y la legislaci\u00f3n, se solicit\u00f3 esta vigilancia a los \u00f3rganos de control.<\/p>\n<p><strong>Cartas a entidades de vigilancia y control<\/strong><\/p>\n<div class=\"programas todosProgramas contAdicionalHome\">\n<ul class=\"categoriaPrincipal categoriaPrincipal1 col3 ulAjustada listaGenerica-NoBorde-NoTam\">\n<li>\n<div><a target=\"_blank\" href=\"\/irj\/go\/km\/docs\/pccdesign\/medellin\/Temas\/COVID-19\/Noticias\/Shared Content\/Imagenes\/2020\/Carta Contralor\u00eda.jpg\" title=\"Recomendaciones para prevenir el Coronavirus\" rel=\"noopener\"><img width=\"100%\" src=\"\/irj\/go\/km\/docs\/pccdesign\/medellin\/Temas\/COVID-19\/Noticias\/Shared Content\/Imagenes\/2020\/Carta Contralor\u00eda.jpg\" alt=\"Recomendaciones para prevenir el Coronavirus\" title=\"Carta Contralor\u00eda General de Medell\u00edn\"\/><\/a>Carta Contralor\u00eda General de Medell\u00edn<\/div>\n<\/li>\n<li>\n<div><a target=\"_blank\" href=\"\/irj\/go\/km\/docs\/pccdesign\/medellin\/Temas\/COVID-19\/Noticias\/Shared Content\/Imagenes\/2020\/Carta Personer\u00eda.jpg\" title=\"Recomendaciones para prevenir el Coronavirus\" rel=\"noopener\"><img width=\"100%\" src=\"\/irj\/go\/km\/docs\/pccdesign\/medellin\/Temas\/COVID-19\/Noticias\/Shared Content\/Imagenes\/2020\/Carta Personer\u00eda.jpg\" alt=\"Recomendaciones para prevenir el Coronavirus\" title=\"Carta Personero Municipal de Medell\u00edn\"\/><\/a>Carta Personero Municipal de Medell\u00edn<\/div>\n<\/li>\n<li>\n<div><a target=\"_blank\" href=\"\/irj\/go\/km\/docs\/pccdesign\/medellin\/Temas\/COVID-19\/Noticias\/Shared Content\/Imagenes\/2020\/Carta Procuradores.jpg\" title=\"Recomendaciones para prevenir el Coronavirus\" rel=\"noopener\"><img width=\"100%\" src=\"\/irj\/go\/km\/docs\/pccdesign\/medellin\/Temas\/COVID-19\/Noticias\/Shared Content\/Imagenes\/2020\/Carta Procuradores.jpg\" alt=\"Recomendaciones para prevenir el Coronavirus\" title=\"Carta Procuradores\"\/><\/a>Carta Procuradores<\/div>\n<\/li>\n<\/ul><\/div>\n<\/p>\n<p><span style=\"display:none\"\/><\/div>\n<div class=\"compartir\">Compartir en: <a title=\"\" href=\"http:\/\/www.facebook.com\/share.php?u=\" class=\"btCompartirFacebook btCompartir\" target=\"_blank\" rel=\"noopener\"><a title=\"\" href=\"http:\/\/twitter.com\/home?status=Haz%20clic%20para%20ver%20esta%20noticia%20en%20\" class=\"btCompartirTwitter btCompartir\"\/><a title=\"\" href=\"whatsapp:\/\/send?text=Haz%20clic%20para%20ver%20esta%20noticia%20en%20\" class=\"btCompartirWa btCompartir\"\/><\/div>\n<\/div>\n<p><script>try{comprobarImagen();fixBtnRedes();hitsMedellin();}catch(e){}<\/script><\/div>\n","protected":false},"excerpt":{"rendered":"<p>Plan Mil. Alcald\u00eda de Medell\u00edn 2020-04-11 Alcalde solicit\u00f3 a \u00f3rganos de control acompa\u00f1amiento y vigilancia de las acciones realizadas en medio de la contingencia Por Jefatura de prensa .: Para garantizar el cumplimiento de la &#8230;<\/p>\n","protected":false},"author":1,"featured_media":59072,"comment_status":"open","ping_status":"open","sticky":false,"template":"","format":"standard","meta":[],"categories":[8,18],"tags":[453,435,455,452],"formato_nota":[],"programas_tax":[],"acf":[],"_links":{"self":[{"href":"https:\/\/www.medellin.gov.co\/es\/wp-json\/wp\/v2\/posts\/34779"}],"collection":[{"href":"https:\/\/www.medellin.gov.co\/es\/wp-json\/wp\/v2\/posts"}],"about":[{"href":"https:\/\/www.medellin.gov.co\/es\/wp-json\/wp\/v2\/types\/post"}],"author":[{"embeddable":true,"href":"https:\/\/www.medellin.gov.co\/es\/wp-json\/wp\/v2\/users\/1"}],"replies":[{"embeddable":true,"href":"https:\/\/www.medellin.gov.co\/es\/wp-json\/wp\/v2\/comments?post=34779"}],"version-history":[{"count":1,"href":"https:\/\/www.medellin.gov.co\/es\/wp-json\/wp\/v2\/posts\/34779\/revisions"}],"predecessor-version":[{"id":37806,"href":"https:\/\/www.medellin.gov.co\/es\/wp-json\/wp\/v2\/posts\/34779\/revisions\/37806"}],"wp:featuredmedia":[{"embeddable":true,"href":"https:\/\/www.medellin.gov.co\/es\/wp-json\/wp\/v2\/media\/59072"}],"wp:attachment":[{"href":"https:\/\/www.medellin.gov.co\/es\/wp-json\/wp\/v2\/media?parent=34779"}],"wp:term":[{"taxonomy":"category","embeddable":true,"href":"https:\/\/www.medellin.gov.co\/es\/wp-json\/wp\/v2\/categories?post=34779"},{"taxonomy":"post_tag","embeddable":true,"href":"https:\/\/www.medellin.gov.co\/es\/wp-json\/wp\/v2\/tags?post=34779"},{"taxonomy":"formato_nota","embeddable":true,"href":"https:\/\/www.medellin.gov.co\/es\/wp-json\/wp\/v2\/formato_nota?post=34779"},{"taxonomy":"programas_tax","embeddable":true,"href":"https:\/\/www.medellin.gov.co\/es\/wp-json\/wp\/v2\/programas_tax?post=34779"}],"curies":[{"name":"wp","href":"https:\/\/api.w.org\/{rel}","templated":true}]}}