{"id":34796,"date":"2020-04-14T00:00:00","date_gmt":"2020-04-14T05:00:00","guid":{"rendered":"https:\/\/www.medellin.gov.co\/es\/saladeprensa\/noticias\/con-educacion-flexible-se-garantiza-la-formacion-academica-en-medellin\/"},"modified":"2022-03-27T22:51:16","modified_gmt":"2022-03-28T03:51:16","slug":"con-educacion-flexible-se-garantiza-la-formacion-academica-en-medellin","status":"publish","type":"post","link":"https:\/\/www.medellin.gov.co\/es\/sala-de-prensa\/noticias\/con-educacion-flexible-se-garantiza-la-formacion-academica-en-medellin\/","title":{"rendered":"Con educaci\u00f3n flexible se garantiza la formaci\u00f3n acad\u00e9mica en Medell\u00edn"},"content":{"rendered":"<div class=\"wrap contenido\">\n<div class=\"noticia\">\n<div class=\"imagen\">\n<div class=\"divContImageNoticia\" style=\"background-image:url('\/irj\/go\/km\/docs\/galerias\/Imagenes\/Medell\u00edn sos vos\/500_400\/20180322_Estudiantes-(4).jpg')\" rel=\"\/irj\/go\/km\/docs\/galerias\/Imagenes\/Medell\u00edn sos vos\/500_400\/20180322_Estudiantes-(4).jpg\"><span style=\"display:none\"\/><\/div>\n<p>Estudiantes en Medell\u00edn<\/p>\n<p>Ver\u00f3nica Echeverri<\/p><\/div>\n<p class=\"fecha\"><span>2020-04-14<\/span><\/p>\n<p itemprop=\"name\">Con educaci\u00f3n flexible se garantiza la formaci\u00f3n acad\u00e9mica en Medell\u00edn<\/p>\n<p>Por Paola Molina<\/p>\n<div class=\"cuerpo\">\n<p><p>.: Desde el lunes 20 de abril se retoman las clases no presenciales en las instituciones educativas de la Ciudad.<br \/>.: Los estudiantes contar&aacute;n con plataformas tecnol&oacute;gicas, cartillas impresas, programas de radio y televisi&oacute;n para su aprendizaje.<br \/>.: Los directivos docentes ser&aacute;n capacitados para implementar la nueva estrategia multimodal.<b><br \/><\/b>.: <a title=\"|| Audio || Declaraciones Alexandra Agudelo Ruiz, secretaria de Educaci&oacute;n de Medell&iacute;n\" target=\"_blank\" href=\"\/irj\/go\/km\/docs\/\/galerias\/Audios\/Audios d\u00eda a d\u00eda 2020\/20200414_Regresoclasesnopresenciales_01.mp3\" rel=\"noopener\"><span style=\"color: #3366ff;\">|| Audio || Declaraciones Alexandra Agudelo Ruiz, secretaria de Educaci&oacute;n de Medell&iacute;n<\/span><\/a>.<\/p>\n<p>La Secretar&iacute;a de Educaci&oacute;n de Medell&iacute;n, en el marco de la Contingencia Nacional, implementa la estrategia <b>&ldquo;Por tu vida y por la nuestra, qu&eacute;date y aprende en casa&rdquo;,<\/b> mediante la cual se acompa&ntilde;a a las familias en el proceso formativo de sus hijos.<\/p>\n<p>Elementos pedag&oacute;gicos, acad&eacute;micos y de apoyo sicosocial enmarcados en la estrategia &ldquo;<b>En Casa Aprendemos&rdquo;<\/b>, ser&aacute;n distribuidos a trav&eacute;s de recursos an&aacute;logos y digitales, sin afectar la calidad de la educaci&oacute;n.<\/p>\n<p><i>&ldquo;Las estrategias se plantean desde diferentes escenarios. El primero corresponde a <b>docentes y estudiantes con equipamiento tecnol&oacute;gico<\/b>, a los cuales llegaremos por medio de multiplataformas educativas como juegos, bibliotecas, videos, p&aacute;ginas web donde se alojar&aacute;n las tareas; entre otros. <br \/><\/i><\/p>\n<p><i>El segundo, es para <b>aquellos que no tienen conectividad<\/b>, para los cuales la TV y la radio ser&aacute;n nuestro aliado. Por Telemedell&iacute;n se compartir&aacute;n contenidos de &aacute;reas del conocimiento como tecnolog&iacute;a, lengua castellana, ciencias naturales, ciencias sociales, matem&aacute;ticas, lengua extranjera y art&iacute;stica. Para este grupo y aquellos estudiantes que <b>no tienen dispositivos tecnol&oacute;gicos,<\/b> se apoyar&aacute; la formaci&oacute;n con textos, m&oacute;dulos, gu&iacute;as y dem&aacute;s impresos que ser&aacute;n entregados por medio de <b>citaci&oacute;n a las instituciones educativas para evitar aglomeraci&oacute;n de personas<\/b>&rdquo;. <\/i><\/p>\n<p>As&iacute; lo explica Alexandra Agudelo Ruiz, secretaria de Educaci&oacute;n de Medell&iacute;n.&nbsp;<\/p>\n<p>El acompa&ntilde;amiento a los participantes de Buen Comienzo tambi&eacute;n contin&uacute;a. Por contacto telef&oacute;nico monitoreamos el estado de la poblaci&oacute;n, identificaci&oacute;n de necesidades especiales, orientaciones para el desarrollo de actividades en casa y encuentros por Facebook Live con apoyo sicosocial.<\/p>\n<p>Adem&aacute;s de las herramientas de aprendizaje acad&eacute;mico, se presentan herramientas que permitan a la comunidad acad&eacute;mica disminuir los <b>niveles de ansiedad y estr&eacute;s<\/b>, contribuyendo a fomentar un clima familiar en el que el respeto, el di&aacute;logo y la tolerancia propicien el desarrollo integral.<\/p>\n<\/p>\n<p><span style=\"display:none\"\/><\/div>\n<div class=\"compartir\">Compartir en: <a title=\"\" href=\"http:\/\/www.facebook.com\/share.php?u=\" class=\"btCompartirFacebook btCompartir\" target=\"_blank\" rel=\"noopener\"><a title=\"\" href=\"http:\/\/twitter.com\/home?status=Haz%20clic%20para%20ver%20esta%20noticia%20en%20\" class=\"btCompartirTwitter btCompartir\"\/><a title=\"\" href=\"whatsapp:\/\/send?text=Haz%20clic%20para%20ver%20esta%20noticia%20en%20\" class=\"btCompartirWa btCompartir\"\/><\/div>\n<\/div>\n<p><script>try{comprobarImagen();fixBtnRedes();hitsMedellin();}catch(e){}<\/script><\/div>\n","protected":false},"excerpt":{"rendered":"<p>Estudiantes en Medell\u00edn Ver\u00f3nica Echeverri 2020-04-14 Con educaci\u00f3n flexible se garantiza la formaci\u00f3n acad\u00e9mica en Medell\u00edn Por Paola Molina .: Desde el lunes 20 de abril se retoman las clases no presenciales en las instituciones &#8230;<\/p>\n","protected":false},"author":1,"featured_media":59089,"comment_status":"open","ping_status":"open","sticky":false,"template":"","format":"standard","meta":[],"categories":[4,8],"tags":[451,431,453],"formato_nota":[],"programas_tax":[],"acf":[],"_links":{"self":[{"href":"https:\/\/www.medellin.gov.co\/es\/wp-json\/wp\/v2\/posts\/34796"}],"collection":[{"href":"https:\/\/www.medellin.gov.co\/es\/wp-json\/wp\/v2\/posts"}],"about":[{"href":"https:\/\/www.medellin.gov.co\/es\/wp-json\/wp\/v2\/types\/post"}],"author":[{"embeddable":true,"href":"https:\/\/www.medellin.gov.co\/es\/wp-json\/wp\/v2\/users\/1"}],"replies":[{"embeddable":true,"href":"https:\/\/www.medellin.gov.co\/es\/wp-json\/wp\/v2\/comments?post=34796"}],"version-history":[{"count":1,"href":"https:\/\/www.medellin.gov.co\/es\/wp-json\/wp\/v2\/posts\/34796\/revisions"}],"predecessor-version":[{"id":37823,"href":"https:\/\/www.medellin.gov.co\/es\/wp-json\/wp\/v2\/posts\/34796\/revisions\/37823"}],"wp:featuredmedia":[{"embeddable":true,"href":"https:\/\/www.medellin.gov.co\/es\/wp-json\/wp\/v2\/media\/59089"}],"wp:attachment":[{"href":"https:\/\/www.medellin.gov.co\/es\/wp-json\/wp\/v2\/media?parent=34796"}],"wp:term":[{"taxonomy":"category","embeddable":true,"href":"https:\/\/www.medellin.gov.co\/es\/wp-json\/wp\/v2\/categories?post=34796"},{"taxonomy":"post_tag","embeddable":true,"href":"https:\/\/www.medellin.gov.co\/es\/wp-json\/wp\/v2\/tags?post=34796"},{"taxonomy":"formato_nota","embeddable":true,"href":"https:\/\/www.medellin.gov.co\/es\/wp-json\/wp\/v2\/formato_nota?post=34796"},{"taxonomy":"programas_tax","embeddable":true,"href":"https:\/\/www.medellin.gov.co\/es\/wp-json\/wp\/v2\/programas_tax?post=34796"}],"curies":[{"name":"wp","href":"https:\/\/api.w.org\/{rel}","templated":true}]}}