{"id":34835,"date":"2020-04-13T00:00:00","date_gmt":"2020-04-13T05:00:00","guid":{"rendered":"https:\/\/www.medellin.gov.co\/es\/saladeprensa\/noticias\/modificacion-en-pico-y-cedula-hasta-el-26-de-abril-para-mitigar-al-coronavirus\/"},"modified":"2022-03-27T22:52:01","modified_gmt":"2022-03-28T03:52:01","slug":"modificacion-en-pico-y-cedula-hasta-el-26-de-abril-para-mitigar-al-coronavirus","status":"publish","type":"post","link":"https:\/\/www.medellin.gov.co\/es\/sala-de-prensa\/noticias\/modificacion-en-pico-y-cedula-hasta-el-26-de-abril-para-mitigar-al-coronavirus\/","title":{"rendered":"Modificaci\u00f3n en pico y c\u00e9dula hasta el 26 de abril para mitigar al coronavirus"},"content":{"rendered":"<div class=\"wrap contenido\">\n<div class=\"noticia\">\n<div class=\"imagen\">\n<div class=\"divContImageNoticia\" style=\"background-image:url('\/irj\/go\/km\/docs\/galerias\/Imagenes\/Galer\u00eda d\u00eda a d\u00eda 2020\/500_400\/20200412_DOnatonPorMedellinDonaciones (1).jpg')\" rel=\"\/irj\/go\/km\/docs\/galerias\/Imagenes\/Galer\u00eda d\u00eda a d\u00eda 2020\/500_400\/20200412_DOnatonPorMedellinDonaciones (1).jpg\"><span style=\"display:none\"\/><\/div>\n<p>Caravana #Donat\u00f3nPorMedell\u00edn en las comunas Castilla, Robledo, Laureles \u2013 Estadio y la Am\u00e9rica.<\/p>\n<p>Foto Alcald\u00eda de Medell\u00edn<\/p><\/div>\n<p class=\"fecha\"><span>2020-04-13<\/span><\/p>\n<p itemprop=\"name\">Modificaci\u00f3n en pico y c\u00e9dula hasta el 26 de abril para mitigar al coronavirus<\/p>\n<p>Por Prensa Alcald\u00eda de Medell\u00edn<\/p>\n<div class=\"cuerpo\">\n<p><p>.: Los ciudadanos deber&aacute;n cumplir con la medida durante el aislamiento obligatorio declarado por el Gobierno Nacional.<br \/>.: Hoy lunes 13 de abril la jornada ser&aacute; pedag&oacute;gica.&nbsp;<\/p>\n<p>La Alcald&iacute;a de Medell&iacute;n modific&oacute; la medida del pico y c&eacute;dula que regir&aacute; hasta el 26 de abril para que los ciudadanos puedan abastecerse durante los d&iacute;as de la medida nacional adoptando el decreto 457 de 2020.&nbsp;<\/p>\n<p>La medida aplica en todo el territorio municipal y permite que un miembro de la familia pueda salir a proveer su hogar de v&iacute;veres y realizar diligencias bancarias si el &uacute;ltimo n&uacute;mero de su c&eacute;dula coincide con el d&iacute;a.&nbsp;<\/p>\n<p>El pico y c&eacute;dula se imparte de la siguiente manera, podr&aacute;n salir seg&uacute;n el d&iacute;a indicado:&nbsp;<\/p>\n<p><a target=\"_blank\" title=\"Modificaci&oacute;n en pico y c&eacute;dula hasta el 26 de abril para mitigar al coronavirus\" href=\"\/irj\/go\/km\/docs\/pccdesign\/medellin\/Temas\/AtencionCiudadana\/Noticias\/Shared Content\/Imagenes\/2020\/20200412_PicoyCedula.jpeg\" rel=\"noopener\"><img title=\"Modificaci&oacute;n en pico y c&eacute;dula hasta el 26 de abril para mitigar al coronavirus\" alt=\"Modificaci&oacute;n en pico y c&eacute;dula hasta el 26 de abril para mitigar al coronavirus\" width=\"100%\" src=\"\/irj\/go\/km\/docs\/pccdesign\/medellin\/Temas\/AtencionCiudadana\/Noticias\/Shared Content\/Imagenes\/2020\/20200412_PicoyCedula.jpeg\"\/><\/a><\/p>\n<p>De esta manera los ciudadanos podr&aacute;n salir 3 veces durante estas dos semanas.&nbsp;<\/p>\n<p>Quienes no cumplan la medida ser&aacute;n sancionados como se ha realizado durante la cuarentena.&nbsp;<\/p>\n<p>La Administraci&oacute;n Municipal reitera que el estricto cumplimiento de las medidas establecidas para la cuarentena depende que el virus Covid-19 no se siga propagando, y continuar&aacute; garantizando la provisi&oacute;n en plazas y mercados de la ciudad para evitar la adquisici&oacute;n excesiva de productos ante la contingencia.<\/p>\n<\/p>\n<p><span style=\"display:none\"\/><\/div>\n<div class=\"compartir\">Compartir en: <a title=\"\" href=\"http:\/\/www.facebook.com\/share.php?u=\" class=\"btCompartirFacebook btCompartir\" target=\"_blank\" rel=\"noopener\"><a title=\"\" href=\"http:\/\/twitter.com\/home?status=Haz%20clic%20para%20ver%20esta%20noticia%20en%20\" class=\"btCompartirTwitter btCompartir\"\/><a title=\"\" href=\"whatsapp:\/\/send?text=Haz%20clic%20para%20ver%20esta%20noticia%20en%20\" class=\"btCompartirWa btCompartir\"\/><\/div>\n<\/div>\n<p><script>try{comprobarImagen();fixBtnRedes();hitsMedellin();}catch(e){}<\/script><\/div>\n","protected":false},"excerpt":{"rendered":"<p>Caravana #Donat\u00f3nPorMedell\u00edn en las comunas Castilla, Robledo, Laureles \u2013 Estadio y la Am\u00e9rica. Foto Alcald\u00eda de Medell\u00edn 2020-04-13 Modificaci\u00f3n en pico y c\u00e9dula hasta el 26 de abril para mitigar al coronavirus Por Prensa Alcald\u00eda &#8230;<\/p>\n","protected":false},"author":1,"featured_media":59129,"comment_status":"open","ping_status":"open","sticky":false,"template":"","format":"standard","meta":[],"categories":[5,8,6,17],"tags":[451,435,452],"formato_nota":[],"programas_tax":[],"acf":[],"_links":{"self":[{"href":"https:\/\/www.medellin.gov.co\/es\/wp-json\/wp\/v2\/posts\/34835"}],"collection":[{"href":"https:\/\/www.medellin.gov.co\/es\/wp-json\/wp\/v2\/posts"}],"about":[{"href":"https:\/\/www.medellin.gov.co\/es\/wp-json\/wp\/v2\/types\/post"}],"author":[{"embeddable":true,"href":"https:\/\/www.medellin.gov.co\/es\/wp-json\/wp\/v2\/users\/1"}],"replies":[{"embeddable":true,"href":"https:\/\/www.medellin.gov.co\/es\/wp-json\/wp\/v2\/comments?post=34835"}],"version-history":[{"count":1,"href":"https:\/\/www.medellin.gov.co\/es\/wp-json\/wp\/v2\/posts\/34835\/revisions"}],"predecessor-version":[{"id":46458,"href":"https:\/\/www.medellin.gov.co\/es\/wp-json\/wp\/v2\/posts\/34835\/revisions\/46458"}],"wp:featuredmedia":[{"embeddable":true,"href":"https:\/\/www.medellin.gov.co\/es\/wp-json\/wp\/v2\/media\/59129"}],"wp:attachment":[{"href":"https:\/\/www.medellin.gov.co\/es\/wp-json\/wp\/v2\/media?parent=34835"}],"wp:term":[{"taxonomy":"category","embeddable":true,"href":"https:\/\/www.medellin.gov.co\/es\/wp-json\/wp\/v2\/categories?post=34835"},{"taxonomy":"post_tag","embeddable":true,"href":"https:\/\/www.medellin.gov.co\/es\/wp-json\/wp\/v2\/tags?post=34835"},{"taxonomy":"formato_nota","embeddable":true,"href":"https:\/\/www.medellin.gov.co\/es\/wp-json\/wp\/v2\/formato_nota?post=34835"},{"taxonomy":"programas_tax","embeddable":true,"href":"https:\/\/www.medellin.gov.co\/es\/wp-json\/wp\/v2\/programas_tax?post=34835"}],"curies":[{"name":"wp","href":"https:\/\/api.w.org\/{rel}","templated":true}]}}