{"id":34837,"date":"2020-04-01T00:00:00","date_gmt":"2020-04-01T05:00:00","guid":{"rendered":"https:\/\/www.medellin.gov.co\/es\/saladeprensa\/noticias\/otros-3-000-jovenes-de-medellin-recibiran-becas-para-estudiar-tecnologias\/"},"modified":"2022-03-27T22:52:04","modified_gmt":"2022-03-28T03:52:04","slug":"otros-3-000-jovenes-de-medellin-recibiran-becas-para-estudiar-tecnologias","status":"publish","type":"post","link":"https:\/\/www.medellin.gov.co\/es\/sala-de-prensa\/noticias\/otros-3-000-jovenes-de-medellin-recibiran-becas-para-estudiar-tecnologias\/","title":{"rendered":"Otros 3.000 j\u00f3venes de Medell\u00edn recibir\u00e1n becas para estudiar tecnolog\u00edas"},"content":{"rendered":"<div class=\"wrap contenido\">\n<div class=\"noticia\">\n<div class=\"imagen\">\n<div class=\"divContImageNoticia\" style=\"background-image:url('\/irj\/go\/km\/docs\/galerias\/Imagenes\/Medell\u00edn sos vos\/500_400\/09.10.2017_PascualBravo (20).jpg')\" rel=\"\/irj\/go\/km\/docs\/galerias\/Imagenes\/Medell\u00edn sos vos\/500_400\/09.10.2017_PascualBravo (20).jpg\"><span style=\"display:none\"\/><\/div>\n<p>Educaci\u00f3n superior<\/p>\n<p>Carlos Vidal<\/p><\/div>\n<p class=\"fecha\"><span>2020-04-01<\/span><\/p>\n<p itemprop=\"name\">Otros 3.000 j\u00f3venes de Medell\u00edn recibir\u00e1n becas para estudiar tecnolog\u00edas<\/p>\n<p>Por Luz Adriana Ortiz D\u00e1vila<\/p>\n<div class=\"cuerpo\">\n<p><p>.: Ellos podr&aacute;n ingresar a alguno de los 47 programas que ofrece Sapiencia en las seis instituciones de educaci&oacute;n superior aliadas.<br \/>.: El programa Becas Tecnolog&iacute;as da estas oportunidades a ciudadanos hasta los 28 a&ntilde;os que vivan en Medell&iacute;n.&nbsp;<\/p>\n<p>En la apuesta de Medell&iacute;n Futuro, la Administraci&oacute;n Municipal est&aacute; convencida del poder de la educaci&oacute;n y su capacidad para transformar a la sociedad, por eso, por medio de Sapiencia, tendr&aacute; abierta hasta el 6 de mayo la s&eacute;ptima edici&oacute;n de la convocatoria Becas Tecnolog&iacute;as.&nbsp;<\/p>\n<p>Durante la contingencia por la pandemia del Covid-19, Sapiencia pone en marcha esta estrategia completamente digital para que 3.000 j&oacute;venes de Medell&iacute;n, graduados de bachillerato y que tengan no m&aacute;s de 28 a&ntilde;os de edad, reciban becas completas para estudiar tecnolog&iacute;as.&nbsp;<\/p>\n<p>Las instituciones de educaci&oacute;n superior: Instituto Tecnol&oacute;gico Metropolitano, Pascual Bravo, Colegio Mayor de Antioquia, Tecnol&oacute;gico de Antioquia, I.U. Digital de Antioquia y Polit&eacute;cnico Jaime Isaza Cadavid se articulan con la Agencia de Educaci&oacute;n Superior, para poner en marcha programas como: Mantenimiento de Equipo Biom&eacute;dico y Gesti&oacute;n Comunitaria, ambas muy necesarias para afrontar situaciones como la actual.&nbsp;<\/p>\n<p>&nbsp;&ldquo;La educaci&oacute;n debe garantizar el desarrollo individual y la construcci&oacute;n de una ciudad que se apasione por la discusi&oacute;n argumentada, el aprendizaje, la ense&ntilde;anza, el pensamiento cient&iacute;fico, la creaci&oacute;n art&iacute;stica y la participaci&oacute;n pol&iacute;tica&rdquo;, dijo el alcalde de Medell&iacute;n, Daniel Quintero Calle.&nbsp;<\/p>\n<p>Tambi&eacute;n se ofrecer&aacute;n programas que, seg&uacute;n el Observatorio de Educaci&oacute;n Superior, presentan una tasa de cotizaci&oacute;n laboral, de ingreso promedio e inserci&oacute;n laboral muy alta, algunos de ellos son: Desarrollo de Software, Sistemas Electromec&aacute;nicos, Electr&oacute;nica y Gesti&oacute;n Inform&aacute;tica.&nbsp;<\/p>\n<p>En esta edici&oacute;n se beneficiar&aacute;n los habitantes de 10 comunas priorizadas de Medell&iacute;n: Popular, Santa Cruz, Manrique, Aranjuez, Castilla, Doce de Octubre, Robledo, Villa Hermosa, Buenos Aires y San Javier; y los corregimientos: San Sebasti&aacute;n de Palmitas, San Crist&oacute;bal, Altavista, San Antonio de Prado y Santa Elena.&nbsp;<\/p>\n<p>Mar&iacute;a Salazar, una de las 13.717 personas que hoy disfrutan de este beneficio, dijo: &ldquo;es una satisfacci&oacute;n muy grande tener la oportunidad de estudiar, siempre dir&eacute; que gracias a Sapiencia logr&eacute; todos mis sue&ntilde;os&rdquo;.&nbsp;<\/p>\n<p>La Alcald&iacute;a de Medell&iacute;n le apuesta a la educaci&oacute;n superior y a los j&oacute;venes de la ciudad, para que cada vez sean m&aacute;s los que se benefician de esta oportunidad que garantiza el pago de la matr&iacute;cula durante los seis semestres que dura la tecnolog&iacute;a.&nbsp;<\/p>\n<p>Sapiencia se articula con las instituciones aliadas para ofrecer 41 tecnolog&iacute;as presenciales y seis en modalidad virtual, con una inversi&oacute;n de $31.834 millones.&nbsp;<\/p>\n<p>Las inscripciones no tienen costo, ni se requiere de intermediarios, se realizan directamente a trav&eacute;s del sitio web <a href=\"http:\/\/www.sapiencia.gov.co\/\"><span style=\"color: #3366ff;\">www.sapiencia.gov.co<\/span><\/a>&nbsp;<\/p>\n<\/p>\n<p><span style=\"display:none\"\/><\/div>\n<div class=\"compartir\">Compartir en: <a title=\"\" href=\"http:\/\/www.facebook.com\/share.php?u=\" class=\"btCompartirFacebook btCompartir\" target=\"_blank\" rel=\"noopener\"><a title=\"\" href=\"http:\/\/twitter.com\/home?status=Haz%20clic%20para%20ver%20esta%20noticia%20en%20\" class=\"btCompartirTwitter btCompartir\"\/><a title=\"\" href=\"whatsapp:\/\/send?text=Haz%20clic%20para%20ver%20esta%20noticia%20en%20\" class=\"btCompartirWa btCompartir\"\/><\/div>\n<\/div>\n<p><script>try{comprobarImagen();fixBtnRedes();hitsMedellin();}catch(e){}<\/script><\/div>\n","protected":false},"excerpt":{"rendered":"<p>Educaci\u00f3n superior Carlos Vidal 2020-04-01 Otros 3.000 j\u00f3venes de Medell\u00edn recibir\u00e1n becas para estudiar tecnolog\u00edas Por Luz Adriana Ortiz D\u00e1vila .: Ellos podr&aacute;n ingresar a alguno de los 47 programas que ofrece Sapiencia en las &#8230;<\/p>\n","protected":false},"author":1,"featured_media":59131,"comment_status":"open","ping_status":"open","sticky":false,"template":"","format":"standard","meta":[],"categories":[8,12],"tags":[431,453,435],"formato_nota":[],"programas_tax":[],"acf":[],"_links":{"self":[{"href":"https:\/\/www.medellin.gov.co\/es\/wp-json\/wp\/v2\/posts\/34837"}],"collection":[{"href":"https:\/\/www.medellin.gov.co\/es\/wp-json\/wp\/v2\/posts"}],"about":[{"href":"https:\/\/www.medellin.gov.co\/es\/wp-json\/wp\/v2\/types\/post"}],"author":[{"embeddable":true,"href":"https:\/\/www.medellin.gov.co\/es\/wp-json\/wp\/v2\/users\/1"}],"replies":[{"embeddable":true,"href":"https:\/\/www.medellin.gov.co\/es\/wp-json\/wp\/v2\/comments?post=34837"}],"version-history":[{"count":1,"href":"https:\/\/www.medellin.gov.co\/es\/wp-json\/wp\/v2\/posts\/34837\/revisions"}],"predecessor-version":[{"id":46462,"href":"https:\/\/www.medellin.gov.co\/es\/wp-json\/wp\/v2\/posts\/34837\/revisions\/46462"}],"wp:featuredmedia":[{"embeddable":true,"href":"https:\/\/www.medellin.gov.co\/es\/wp-json\/wp\/v2\/media\/59131"}],"wp:attachment":[{"href":"https:\/\/www.medellin.gov.co\/es\/wp-json\/wp\/v2\/media?parent=34837"}],"wp:term":[{"taxonomy":"category","embeddable":true,"href":"https:\/\/www.medellin.gov.co\/es\/wp-json\/wp\/v2\/categories?post=34837"},{"taxonomy":"post_tag","embeddable":true,"href":"https:\/\/www.medellin.gov.co\/es\/wp-json\/wp\/v2\/tags?post=34837"},{"taxonomy":"formato_nota","embeddable":true,"href":"https:\/\/www.medellin.gov.co\/es\/wp-json\/wp\/v2\/formato_nota?post=34837"},{"taxonomy":"programas_tax","embeddable":true,"href":"https:\/\/www.medellin.gov.co\/es\/wp-json\/wp\/v2\/programas_tax?post=34837"}],"curies":[{"name":"wp","href":"https:\/\/api.w.org\/{rel}","templated":true}]}}