{"id":34853,"date":"2020-01-02T00:00:00","date_gmt":"2020-01-02T05:00:00","guid":{"rendered":"https:\/\/www.medellin.gov.co\/es\/saladeprensa\/noticias\/alcalde-de-medellin-daniel-quintero-instalo-el-primer-periodo-de-sesiones-ordinarias-en-el-concejo\/"},"modified":"2022-03-27T22:52:22","modified_gmt":"2022-03-28T03:52:22","slug":"alcalde-de-medellin-daniel-quintero-instalo-el-primer-periodo-de-sesiones-ordinarias-en-el-concejo","status":"publish","type":"post","link":"https:\/\/www.medellin.gov.co\/es\/sala-de-prensa\/noticias\/alcalde-de-medellin-daniel-quintero-instalo-el-primer-periodo-de-sesiones-ordinarias-en-el-concejo\/","title":{"rendered":"Alcalde de Medell\u00edn, Daniel Quintero, instal\u00f3 el primer per\u00edodo de sesiones ordinarias en el Concejo"},"content":{"rendered":"<div class=\"wrap contenido\">\n<div class=\"noticia\">\n<div class=\"imagen\">\n<div class=\"divContImageNoticia\" style=\"background-image:url('\/irj\/go\/km\/docs\/galerias\/Imagenes\/Galer\u00eda d\u00eda a d\u00eda 2020\/500_400\/20200102_SesionesConcejoAlcalde1.jpg')\" rel=\"\/irj\/go\/km\/docs\/galerias\/Imagenes\/Galer\u00eda d\u00eda a d\u00eda 2020\/500_400\/20200102_SesionesConcejoAlcalde1.jpg\"><span style=\"display:none\"\/><\/div>\n<p>Alcalde de Medell\u00edn, Daniel Quintero, instal\u00f3 el primer per\u00edodo de sesiones ordinarias en el Concejo.<\/p>\n<p>Foto Alcald\u00eda de Medell\u00edn<\/p><\/div>\n<p class=\"fecha\"><span>2020-01-02<\/span><\/p>\n<p itemprop=\"name\">Alcalde de Medell\u00edn, Daniel Quintero, instal\u00f3 el primer per\u00edodo de sesiones ordinarias en el Concejo<\/p>\n<p>Por Juan Jos\u00e9 Aux Trujillo \/ Jefe de prensa<\/p>\n<div class=\"cuerpo\">\n<p><p>\u25cf El alcalde present&oacute; los ejes alrededor de los cuales construir&aacute; el Plan de Desarrollo.<br \/>\u25cf Hizo un llamado a fortalecer los debates t&eacute;cnicos en la ciudad.<br \/>\u25cf Anunci&oacute; que gestionar&aacute; EPM con confianza, respaldo y garant&iacute;a hacia los funcionarios.<br \/>\u25cf&nbsp;<a target=\"_blank\" href=\"\/irj\/go\/km\/docs\/pccdesign\/medellin\/Temas\/NuestroGobierno\/Noticias\/Shared Content\/Documentos\/2020\/20200102_Discurso_alcalde_instalacion_ConcejoMedellin.pdf\" title=\"Discurso del alcalde Daniel Quintero en la instalaci&oacute;n del Concejo de Medell&iacute;n\" rel=\"noopener\"><span style=\"color: #3366ff;\">((Pdf)) Discurso del alcalde Daniel Quintero en la instalaci&oacute;n del Concejo de Medell&iacute;n<\/span><\/a>.<\/p>\n<p style=\"text-align: left;\">El&nbsp;jueves&nbsp;2 de enero, el alcalde de Medell&iacute;n, Daniel Quintero, lider&oacute; la instalaci&oacute;n del primer per&iacute;odo de sesiones ordinarias en el Concejo de la ciudad. Luego de posesionarse el pasado 1 de enero, el m&aacute;ximo mandatario de los medellinenses particip&oacute; de la ceremonia que tuvo lugar en el recinto oficial de la corporaci&oacute;n.<\/p>\n<p>En su intervenci&oacute;n, el alcalde present&oacute; a los corporados el paquete de propuestas que buscar&aacute; tramitar en el Concejo durante el per&iacute;odo 2020-2023, entre las cuales se encuentra la recuperaci&oacute;n de lo social, la disminuci&oacute;n de la desigualdad, el fortalecimiento de la seguridad con el uso de tecnolog&iacute;a, convertir a Medell&iacute;n en Valle del Software, la transformaci&oacute;n de la educaci&oacute;n y el trasegar hacia una ecociudad.<\/p>\n<p><a target=\"_blank\" href=\"\/irj\/go\/km\/docs\/galerias\/Imagenes\/Galer&iacute;a d&iacute;a a d&iacute;a 2020\/20200102_SesionesConcejoAlcalde2.jpeg\" title=\"Alcalde de Medell&iacute;n, Daniel Quintero, instal&oacute; el primer per&iacute;odo de sesiones ordinarias en el Concejo\" rel=\"noopener\"><img width=\"100%\" src=\"\/irj\/go\/km\/docs\/galerias\/Imagenes\/Galer&iacute;a d&iacute;a a d&iacute;a 2020\/1000_450\/20200102_SesionesConcejoAlcalde2.jpg\" alt=\"Alcalde de Medell&iacute;n, Daniel Quintero, instal&oacute; el primer per&iacute;odo de sesiones ordinarias en el Concejo\" title=\"Alcalde de Medell&iacute;n, Daniel Quintero, instal&oacute; el primer per&iacute;odo de sesiones ordinarias en el Concejo\"\/><\/a><\/p>\n<p>As&iacute;, el alcalde record&oacute; que la propuesta de Medell&iacute;n Futuro apunta a la soluci&oacute;n de diferentes problem&aacute;ticas a partir de la construcci&oacute;n de un Plan de Desarrollo de la mano de diferentes sectores y grupos ciudadanos; por lo cual exhort&oacute; a que se fortalezcan los debates t&eacute;cnicos en beneficio de &ldquo;construir instituciones que tomen las decisiones m&aacute;s trascendentales y decisivas para Medell&iacute;n&rdquo;.<\/p>\n<p>Finalmente, mencion&oacute; que gestionar&aacute; los proyectos de EPM a partir de la confianza, respaldo y garant&iacute;a hacia los funcionarios con una visi&oacute;n que &ldquo;va m&aacute;s all&aacute; de los resultados financieros, tenemos que actuar para seguir mejorando la calidad de vida de los medellinenses cumpliendo nuestro plan de desarrollo&rdquo;.<\/p>\n<\/p>\n<p><span style=\"display:none\"\/><\/div>\n<div class=\"compartir\">Compartir en: <a title=\"\" href=\"http:\/\/www.facebook.com\/share.php?u=\" class=\"btCompartirFacebook btCompartir\" target=\"_blank\" rel=\"noopener\"><a title=\"\" href=\"http:\/\/twitter.com\/home?status=Haz%20clic%20para%20ver%20esta%20noticia%20en%20\" class=\"btCompartirTwitter btCompartir\"\/><a title=\"\" href=\"whatsapp:\/\/send?text=Haz%20clic%20para%20ver%20esta%20noticia%20en%20\" class=\"btCompartirWa btCompartir\"\/><\/div>\n<\/div>\n<p><script>try{comprobarImagen();fixBtnRedes();hitsMedellin();}catch(e){}<\/script><\/div>\n","protected":false},"excerpt":{"rendered":"<p>Alcalde de Medell\u00edn, Daniel Quintero, instal\u00f3 el primer per\u00edodo de sesiones ordinarias en el Concejo. Foto Alcald\u00eda de Medell\u00edn 2020-01-02 Alcalde de Medell\u00edn, Daniel Quintero, instal\u00f3 el primer per\u00edodo de sesiones ordinarias en el Concejo &#8230;<\/p>\n","protected":false},"author":1,"featured_media":59150,"comment_status":"open","ping_status":"open","sticky":false,"template":"","format":"standard","meta":[],"categories":[293,1,8],"tags":[453,455],"formato_nota":[],"programas_tax":[],"acf":[],"_links":{"self":[{"href":"https:\/\/www.medellin.gov.co\/es\/wp-json\/wp\/v2\/posts\/34853"}],"collection":[{"href":"https:\/\/www.medellin.gov.co\/es\/wp-json\/wp\/v2\/posts"}],"about":[{"href":"https:\/\/www.medellin.gov.co\/es\/wp-json\/wp\/v2\/types\/post"}],"author":[{"embeddable":true,"href":"https:\/\/www.medellin.gov.co\/es\/wp-json\/wp\/v2\/users\/1"}],"replies":[{"embeddable":true,"href":"https:\/\/www.medellin.gov.co\/es\/wp-json\/wp\/v2\/comments?post=34853"}],"version-history":[{"count":1,"href":"https:\/\/www.medellin.gov.co\/es\/wp-json\/wp\/v2\/posts\/34853\/revisions"}],"predecessor-version":[{"id":46486,"href":"https:\/\/www.medellin.gov.co\/es\/wp-json\/wp\/v2\/posts\/34853\/revisions\/46486"}],"wp:featuredmedia":[{"embeddable":true,"href":"https:\/\/www.medellin.gov.co\/es\/wp-json\/wp\/v2\/media\/59150"}],"wp:attachment":[{"href":"https:\/\/www.medellin.gov.co\/es\/wp-json\/wp\/v2\/media?parent=34853"}],"wp:term":[{"taxonomy":"category","embeddable":true,"href":"https:\/\/www.medellin.gov.co\/es\/wp-json\/wp\/v2\/categories?post=34853"},{"taxonomy":"post_tag","embeddable":true,"href":"https:\/\/www.medellin.gov.co\/es\/wp-json\/wp\/v2\/tags?post=34853"},{"taxonomy":"formato_nota","embeddable":true,"href":"https:\/\/www.medellin.gov.co\/es\/wp-json\/wp\/v2\/formato_nota?post=34853"},{"taxonomy":"programas_tax","embeddable":true,"href":"https:\/\/www.medellin.gov.co\/es\/wp-json\/wp\/v2\/programas_tax?post=34853"}],"curies":[{"name":"wp","href":"https:\/\/api.w.org\/{rel}","templated":true}]}}