{"id":34876,"date":"2020-01-03T00:00:00","date_gmt":"2020-01-03T05:00:00","guid":{"rendered":"https:\/\/www.medellin.gov.co\/es\/saladeprensa\/noticias\/el-alcalde-de-medellin-daniel-quintero-calle-posesiono-al-nuevo-gerente-general-de-empresas-publicas-de-medellin\/"},"modified":"2022-03-27T22:52:52","modified_gmt":"2022-03-28T03:52:52","slug":"el-alcalde-de-medellin-daniel-quintero-calle-posesiono-al-nuevo-gerente-general-de-empresas-publicas-de-medellin","status":"publish","type":"post","link":"https:\/\/www.medellin.gov.co\/es\/sala-de-prensa\/noticias\/el-alcalde-de-medellin-daniel-quintero-calle-posesiono-al-nuevo-gerente-general-de-empresas-publicas-de-medellin\/","title":{"rendered":"El alcalde de Medell\u00edn, Daniel Quintero Calle, posesion\u00f3 al nuevo gerente general de Empresas P\u00fablicas de Medell\u00edn"},"content":{"rendered":"<div class=\"wrap contenido\">\n<div class=\"noticia\">\n<div class=\"imagen\">\n<div class=\"divContImageNoticia\" style=\"background-image:url('\/irj\/go\/km\/docs\/galerias\/Imagenes\/Galer\u00eda d\u00eda a d\u00eda 2020\/500_400\/20200103_PosesionGerenteEPM1.jpg')\" rel=\"\/irj\/go\/km\/docs\/galerias\/Imagenes\/Galer\u00eda d\u00eda a d\u00eda 2020\/500_400\/20200103_PosesionGerenteEPM1.jpg\"><span style=\"display:none\"\/><\/div>\n<p>Nombramiento del nuevo gerente general de EPM, \u00c1lvaro Guillermo Rend\u00f3n.<\/p>\n<p>Alcald\u00eda de Medell\u00edn<\/p><\/div>\n<p class=\"fecha\"><span>2020-01-03<\/span><\/p>\n<p itemprop=\"name\">El alcalde de Medell\u00edn, Daniel Quintero Calle, posesion\u00f3 al nuevo gerente general de Empresas P\u00fablicas de Medell\u00edn<\/p>\n<p>Por Juan Jos\u00e9 Aux Trujillo<\/p>\n<div class=\"cuerpo\">\n<p><p>&#8211; El nuevo gerente tendr&aacute; el reto de poner en funcionamiento a Hidroituango.<br \/>&#8211; La reducci&oacute;n de las tarifas de los servicios p&uacute;blicos de la ciudad y la incursi&oacute;n en las nuevas energ&iacute;as ser&aacute;n los m&aacute;s grandes desaf&iacute;os del nuevo gerente.<br \/>&#8211; ((Audio)) <a target=\"_blank\" href=\"\/irj\/go\/km\/docs\/galerias\/Audios\/Audios d&iacute;a a d&iacute;a 2020\/20200103_PosesionGerenteEPM_01.mp3\" rel=\"noopener\"><span style=\"color: #0000ff;\">Daniel Quintero, Alcalde de Medell&iacute;n<\/span><\/a>.<br \/>&#8211; ((Audio)) <a target=\"_blank\" href=\"\/irj\/go\/km\/docs\/galerias\/Audios\/Audios d&iacute;a a d&iacute;a 2020\/20200103_PosesionGerenteEPM_02.mp3\" rel=\"noopener\"><span style=\"color: #0000ff;\">&Aacute;lvaro Guillermo Rend&oacute;n, gerente de EPM<\/span><\/a>.<\/p>\n<p>El alcalde de Medell&iacute;n, Daniel Quintero Calle, posesion&oacute; como nuevo gerente general de Empresas P&uacute;blicas de Medell&iacute;n a &Aacute;lvaro Guillermo Rend&oacute;n, quien tendr&aacute; el reto de manejar las riendas de la empresa multilatina prestadora de servicios p&uacute;blicos m&aacute;s querida por los antioque&ntilde;os.<\/p>\n<p>El nuevo gerente de epm es abogado con posgrado en Derecho Administrativo de la Universidad Pontificia Bolivariana y se ha desempe&ntilde;ado&nbsp; a lo largo de su carrera profesional como personero del municipio de Envigado, secretario general de Findeter (1998-2000) y auditor General de la Rep&uacute;blica en el periodo 2000-2002. Actualmente es representante principal de la junta directiva de Arona Grupo Empresarial S.A.&nbsp;<\/p>\n<div class=\"programas todosProgramas contAdicionalHome\">\n<ul class=\"categoriaPrincipal categoriaPrincipal1 col2 ulAjustada\">\n<li><a target=\"_blank\" href=\"\/irj\/go\/km\/docs\/galerias\/Imagenes\/Galer&iacute;a d&iacute;a a d&iacute;a 2020\/20200103_PosesionGerenteEPM2.jpeg\" title=\"Nombramiento del nuevo gerente general de EPM, &Aacute;lvaro Guillermo Rend&oacute;n\" rel=\"noopener\"><img loading=\"lazy\" height=\"400\" width=\"500\" src=\"\/irj\/go\/km\/docs\/galerias\/Imagenes\/Galer&iacute;a d&iacute;a a d&iacute;a 2020\/500_400\/20200103_PosesionGerenteEPM2.jpg\" alt=\"Nombramiento gerente general de EPM, &Aacute;lvaro Guillermo Rend&oacute;n\" title=\"Nombramiento gerente general de EPM, &Aacute;lvaro Guillermo Rend&oacute;n\"\/><\/a><a target=\"_blank\" href=\"\/irj\/go\/km\/docs\/pccdesign\/medellin\/Temas\/Cultura\/Programas\/Shared Content\/Imagenes\/2018\/CiudadanoscomoVos2.jpg\" rel=\"noopener\"><\/a><\/li>\n<li><a target=\"_blank\" href=\"\/irj\/go\/km\/docs\/galerias\/Imagenes\/Galer&iacute;a d&iacute;a a d&iacute;a 2020\/20200103_PosesionGerenteEPM3.jpeg\" title=\"Nombramiento del nuevo gerente general de EPM, &Aacute;lvaro Guillermo Rend&oacute;n\" rel=\"noopener\"><img loading=\"lazy\" height=\"400\" width=\"500\" src=\"\/irj\/go\/km\/docs\/galerias\/Imagenes\/Galer&iacute;a d&iacute;a a d&iacute;a 2020\/500_400\/20200103_PosesionGerenteEPM3.jpg\" alt=\"7&ordf; Fiesta de la Diversidad\" title=\"7&ordf; Fiesta de la Diversidad\"\/><\/a><a target=\"_blank\" href=\"\/irj\/go\/km\/docs\/pccdesign\/medellin\/Temas\/Cultura\/Programas\/Shared Content\/Imagenes\/2018\/CiudadanoscomoVos3.jpg\" rel=\"noopener\"><\/a><\/li>\n<\/ul><\/div>\n<p>Rend&oacute;n liderar&aacute; la situaci&oacute;n que atraviesa el proyecto hidroel&eacute;ctrico de Ituango (Hidroituango) y tendr&aacute; el reto de ponerlo en funcionamiento; tambi&eacute;n estar&aacute; al frente del tema de la reducci&oacute;n de tarifas de servicios p&uacute;blicos y la incursi&oacute;n en los mercados de las energ&iacute;as solares, e&oacute;licas y de gas.&nbsp;<\/p>\n<p>Durante el acto de posesi&oacute;n, el&nbsp; alcalde de Medell&iacute;n, Daniel Quintero, lo destac&oacute; como un empresario amigo, cercano, honesto, transparente y con alta capacidad en la resoluci&oacute;n de temas jur&iacute;dicos; adem&aacute;s, lo invit&oacute; a trabajar por todas y cada una de las personas que hacen parte de esa Organizaci&oacute;n.&nbsp;<\/p>\n<p>&ldquo;A Hidroituango lo tenemos que sacar adelante, es el proyecto de infraestructura m&aacute;s grande del pa&iacute;s. Hoy Medell&iacute;n y Antioquia est&aacute;n ante un reto importante y la historia va a ser clave para cumplir ese prop&oacute;sito. El mundo tiene nuevos retos: la energ&iacute;a solar, la e&oacute;lica y de gas. El reto se&ntilde;or gerente es hacer que esta empresa entre a competir en los mercados de las nuevas energ&iacute;as&rdquo;, resalto el mandatario.&nbsp;<\/p>\n<p>Por su parte, en su primera intervenci&oacute;n como gerente general, Rend&oacute;n destac&oacute; ante la presencia de colaboradores de la empresa e invitados especiales, la relevancia de hacer parte de un equipo joven que exige desaf&iacute;os importantes. &ldquo;Hoy tenemos como gerentes la obligaci&oacute;n de llegarle al coraz&oacute;n de los ciudadanos, esta es una empresa que tiene todo por conquistar y esta misi&oacute;n que presenta un honor tambi&eacute;n conforta (&hellip;). Hoy vengo a pedirles permiso para poder gerenciar esta empresa, aqu&iacute; estamos para apostarle al futuro&rdquo;, se&ntilde;al&oacute; Rend&oacute;n.<\/p>\n<\/p>\n<p><span style=\"display:none\"\/><\/div>\n<div class=\"tituloArchAmpliada\">Multimedia<\/div>\n<div class=\"compartir\">Compartir en: <a title=\"\" href=\"http:\/\/www.facebook.com\/share.php?u=\" class=\"btCompartirFacebook btCompartir\" target=\"_blank\" rel=\"noopener\"><a title=\"\" href=\"http:\/\/twitter.com\/home?status=Haz%20clic%20para%20ver%20esta%20noticia%20en%20\" class=\"btCompartirTwitter btCompartir\"\/><a title=\"\" href=\"whatsapp:\/\/send?text=Haz%20clic%20para%20ver%20esta%20noticia%20en%20\" class=\"btCompartirWa btCompartir\"\/><\/div>\n<\/div>\n<p><script>try{comprobarImagen();fixBtnRedes();hitsMedellin();}catch(e){}<\/script><\/div>\n","protected":false},"excerpt":{"rendered":"<p>Nombramiento del nuevo gerente general de EPM, \u00c1lvaro Guillermo Rend\u00f3n. Alcald\u00eda de Medell\u00edn 2020-01-03 El alcalde de Medell\u00edn, Daniel Quintero Calle, posesion\u00f3 al nuevo gerente general de Empresas P\u00fablicas de Medell\u00edn Por Juan Jos\u00e9 Aux &#8230;<\/p>\n","protected":false},"author":1,"featured_media":59174,"comment_status":"open","ping_status":"open","sticky":false,"template":"","format":"standard","meta":[],"categories":[8,17],"tags":[453,455],"formato_nota":[],"programas_tax":[],"acf":[],"_links":{"self":[{"href":"https:\/\/www.medellin.gov.co\/es\/wp-json\/wp\/v2\/posts\/34876"}],"collection":[{"href":"https:\/\/www.medellin.gov.co\/es\/wp-json\/wp\/v2\/posts"}],"about":[{"href":"https:\/\/www.medellin.gov.co\/es\/wp-json\/wp\/v2\/types\/post"}],"author":[{"embeddable":true,"href":"https:\/\/www.medellin.gov.co\/es\/wp-json\/wp\/v2\/users\/1"}],"replies":[{"embeddable":true,"href":"https:\/\/www.medellin.gov.co\/es\/wp-json\/wp\/v2\/comments?post=34876"}],"version-history":[{"count":1,"href":"https:\/\/www.medellin.gov.co\/es\/wp-json\/wp\/v2\/posts\/34876\/revisions"}],"predecessor-version":[{"id":46529,"href":"https:\/\/www.medellin.gov.co\/es\/wp-json\/wp\/v2\/posts\/34876\/revisions\/46529"}],"wp:featuredmedia":[{"embeddable":true,"href":"https:\/\/www.medellin.gov.co\/es\/wp-json\/wp\/v2\/media\/59174"}],"wp:attachment":[{"href":"https:\/\/www.medellin.gov.co\/es\/wp-json\/wp\/v2\/media?parent=34876"}],"wp:term":[{"taxonomy":"category","embeddable":true,"href":"https:\/\/www.medellin.gov.co\/es\/wp-json\/wp\/v2\/categories?post=34876"},{"taxonomy":"post_tag","embeddable":true,"href":"https:\/\/www.medellin.gov.co\/es\/wp-json\/wp\/v2\/tags?post=34876"},{"taxonomy":"formato_nota","embeddable":true,"href":"https:\/\/www.medellin.gov.co\/es\/wp-json\/wp\/v2\/formato_nota?post=34876"},{"taxonomy":"programas_tax","embeddable":true,"href":"https:\/\/www.medellin.gov.co\/es\/wp-json\/wp\/v2\/programas_tax?post=34876"}],"curies":[{"name":"wp","href":"https:\/\/api.w.org\/{rel}","templated":true}]}}