{"id":34916,"date":"2020-01-02T00:00:00","date_gmt":"2020-01-02T05:00:00","guid":{"rendered":"https:\/\/www.medellin.gov.co\/es\/saladeprensa\/noticias\/un-recorrido-hacia-el-futuro\/"},"modified":"2022-03-27T22:53:51","modified_gmt":"2022-03-28T03:53:51","slug":"un-recorrido-hacia-el-futuro","status":"publish","type":"post","link":"https:\/\/www.medellin.gov.co\/es\/sala-de-prensa\/noticias\/un-recorrido-hacia-el-futuro\/","title":{"rendered":"Un recorrido hacia el futuro"},"content":{"rendered":"<div class=\"wrap contenido\">\n<div class=\"noticia\">\n<div class=\"imagen\">\n<div class=\"divContImageNoticia\" style=\"background-image:url('\/irj\/go\/km\/docs\/galerias\/Imagenes\/Galer\u00eda d\u00eda a d\u00eda 2020\/500_400\/20200101_PosesionAlcalde1.jpg')\" rel=\"\/irj\/go\/km\/docs\/galerias\/Imagenes\/Galer\u00eda d\u00eda a d\u00eda 2020\/500_400\/20200101_PosesionAlcalde1.jpg\"><span style=\"display:none\"\/><\/div>\n<p>Con un mensaje de unidad y apuesta al futuro de Medell\u00edn, Daniel Quintero se posesion\u00f3 oficialmente como el alcalde de nuestra ciudad.<\/p>\n<p>Foto Alcaldia de Medell\u00edn<\/p><\/div>\n<p class=\"fecha\"><span>2020-01-02<\/span><\/p>\n<p itemprop=\"name\">Un recorrido hacia el futuro<\/p>\n<p>Por Juan David Murillo Hoyos<\/p>\n<div class=\"cuerpo\">\n<p><p>Sin importar el calor del 1 de enero y la resaca propia de fin de a&ntilde;o, los rostros inquietos se comenzaron a congregar desde muy temprano en el Parque de las Banderas, del barrio Tricentenario, al norte de la ciudad, para estar cerca y saludar al nuevo alcalde Daniel Quintero Calle. Muchos de ellos lo conocieron cuando era un ni&ntilde;o que corr&iacute;a por aquellas calles y fueron testigos de sus recorridos a pie hasta la Universidad de Antioquia, donde, con constante sacrificio, pudo alcanzar su t&iacute;tulo como ingeniero electr&oacute;nico.&nbsp;<\/p>\n<p>En el ambiente, todav&iacute;a se sent&iacute;a el aroma de los sancochos tradicionales de la &eacute;poca y en los balcones se ve&iacute;an los adornos navide&ntilde;os, en el ocaso de su temporada decorativa.<\/p>\n<p>All&iacute;, entre el p&uacute;blico, estaba do&ntilde;a Luz Fanny Castro Jaramillo, quien, sin importar su brazo en cabestrillo, sali&oacute; de su casa para acompa&ntilde;ar a Daniel, porque, en sus palabras, &ldquo;le dio el mejor regalo al Tricentenario&rdquo;.<\/p>\n<p>A las 4:15 p.m. lleg&oacute; Daniel y, antes de emprender el recorrido, se tom&oacute; unos minutos para saludar a do&ntilde;a Fanny y a las personas que desde temprano se encontraron en este lugar. De viva voz les dio las gracias por estar all&iacute; y ponerse los tenis en este recorrido hacia la UdeA. Un trayecto para recordar, porque, como &eacute;l mismo lo expres&oacute;, muchas personas olvidan de d&oacute;nde vienen.<\/p>\n<p>&ldquo;Este recorrido tiene un car&aacute;cter simb&oacute;lico y espiritual&rdquo;, afirm&oacute; Daniel, ahora alcalde electo de la ciudad, y con estas palabras inici&oacute; la marcha, que se dirigi&oacute; hacia la Avenida Regional, para seguir por el llamado Puente del Mico y buscar la Avenida del Ferrocarril.&nbsp;<\/p>\n<p>Desde balcones y ventanas comenzaron a aparecer rostros curiosos. Los aplausos se escucharon al paso de la comitiva y las manos se agitaron en fren&eacute;ticos saludos. Otras personas suspendieron la preparaci&oacute;n del sancocho y unos m&aacute;s, con platos en mano, interrumpieron el bocado para dar un c&aacute;lido apret&oacute;n de manos a su nuevo alcalde.<\/p>\n<p>Do&ntilde;a Fanny, en medio de la comitiva, afirm&oacute; sin titubeos que &ldquo;Daniel siempre fue muy aberraca&iacute;to para estudiar&rdquo;, y con sus ojos llenos de orgullo reforz&oacute; cada una de estas palabras. Por eso, en medio de una alegr&iacute;a desbordada, comenz&oacute; a corear: &ldquo;Eo, eo, eo&hellip;&iexcl;Daniel Quintero ya lleg&oacute;!&rdquo;.<\/p>\n<p>Los pasos fueron avanzando y, poco antes de aparecer a un costado el Parque Norte, la m&uacute;sica y el color llenaron el recorrido. La chirim&iacute;a de la banda Tropical Dance se uni&oacute; a esta fiesta, que convoc&oacute; tambi&eacute;n a quienes miraban at&oacute;nitos desde las aceras. El sol empez&oacute; a caer y los tonos amarillos, azules y fucsia, que vest&iacute;an m&uacute;sicos y zanqueros, contagiaron de alegr&iacute;a a los marchantes.<\/p>\n<p>A eso de las 5:30 p.m., este grupo de ciudadanos y su nuevo alcalde llegaron al lugar escogido para la posesi&oacute;n, entre la Calle Barranquilla y la Avenida Ferrocarril, donde Ruta N y la Universidad de Antioquia, se integran como s&iacute;mbolo de transformaci&oacute;n.<\/p>\n<p>De esta manera, paso a paso, este 1 de enero se comenz&oacute; a escribir la historia de la Medell&iacute;n del futuro. Una ciudad que cree en el encuentro pac&iacute;fico de sus ciudadanos en el espacio p&uacute;blico y que le apuesta a la educaci&oacute;n y la tecnolog&iacute;a como motor de la transformaci&oacute;n. &nbsp;<\/p>\n<p><img width=\"100%\" title=\"Un recorrido hacia el futuro\" alt=\"Un recorrido hacia el futuro\" src=\"\/irj\/go\/km\/docs\/galerias\/Imagenes\/Galer&iacute;a d&iacute;a a d&iacute;a 2020\/1000_450\/20200101_PosesionAlcalde3.jpg\"\/><\/p>\n<\/p>\n<p><span style=\"display:none\"\/><\/div>\n<div class=\"compartir\">Compartir en: <a title=\"\" href=\"http:\/\/www.facebook.com\/share.php?u=\" class=\"btCompartirFacebook btCompartir\" target=\"_blank\" rel=\"noopener\"><a title=\"\" href=\"http:\/\/twitter.com\/home?status=Haz%20clic%20para%20ver%20esta%20noticia%20en%20\" class=\"btCompartirTwitter btCompartir\"\/><a title=\"\" href=\"whatsapp:\/\/send?text=Haz%20clic%20para%20ver%20esta%20noticia%20en%20\" class=\"btCompartirWa btCompartir\"\/><\/div>\n<\/div>\n<p><script>try{comprobarImagen();fixBtnRedes();hitsMedellin();}catch(e){}<\/script><\/div>\n","protected":false},"excerpt":{"rendered":"<p>Con un mensaje de unidad y apuesta al futuro de Medell\u00edn, Daniel Quintero se posesion\u00f3 oficialmente como el alcalde de nuestra ciudad. Foto Alcaldia de Medell\u00edn 2020-01-02 Un recorrido hacia el futuro Por Juan David &#8230;<\/p>\n","protected":false},"author":1,"featured_media":59216,"comment_status":"open","ping_status":"open","sticky":false,"template":"","format":"standard","meta":[],"categories":[8],"tags":[453,455],"formato_nota":[],"programas_tax":[],"acf":[],"_links":{"self":[{"href":"https:\/\/www.medellin.gov.co\/es\/wp-json\/wp\/v2\/posts\/34916"}],"collection":[{"href":"https:\/\/www.medellin.gov.co\/es\/wp-json\/wp\/v2\/posts"}],"about":[{"href":"https:\/\/www.medellin.gov.co\/es\/wp-json\/wp\/v2\/types\/post"}],"author":[{"embeddable":true,"href":"https:\/\/www.medellin.gov.co\/es\/wp-json\/wp\/v2\/users\/1"}],"replies":[{"embeddable":true,"href":"https:\/\/www.medellin.gov.co\/es\/wp-json\/wp\/v2\/comments?post=34916"}],"version-history":[{"count":1,"href":"https:\/\/www.medellin.gov.co\/es\/wp-json\/wp\/v2\/posts\/34916\/revisions"}],"predecessor-version":[{"id":46600,"href":"https:\/\/www.medellin.gov.co\/es\/wp-json\/wp\/v2\/posts\/34916\/revisions\/46600"}],"wp:featuredmedia":[{"embeddable":true,"href":"https:\/\/www.medellin.gov.co\/es\/wp-json\/wp\/v2\/media\/59216"}],"wp:attachment":[{"href":"https:\/\/www.medellin.gov.co\/es\/wp-json\/wp\/v2\/media?parent=34916"}],"wp:term":[{"taxonomy":"category","embeddable":true,"href":"https:\/\/www.medellin.gov.co\/es\/wp-json\/wp\/v2\/categories?post=34916"},{"taxonomy":"post_tag","embeddable":true,"href":"https:\/\/www.medellin.gov.co\/es\/wp-json\/wp\/v2\/tags?post=34916"},{"taxonomy":"formato_nota","embeddable":true,"href":"https:\/\/www.medellin.gov.co\/es\/wp-json\/wp\/v2\/formato_nota?post=34916"},{"taxonomy":"programas_tax","embeddable":true,"href":"https:\/\/www.medellin.gov.co\/es\/wp-json\/wp\/v2\/programas_tax?post=34916"}],"curies":[{"name":"wp","href":"https:\/\/api.w.org\/{rel}","templated":true}]}}