{"id":34928,"date":"2020-02-09T00:00:00","date_gmt":"2020-02-09T05:00:00","guid":{"rendered":"https:\/\/www.medellin.gov.co\/es\/saladeprensa\/noticias\/muchas-ideas-aportan-a-medellin-futuro\/"},"modified":"2022-03-27T22:54:04","modified_gmt":"2022-03-28T03:54:04","slug":"muchas-ideas-aportan-a-medellin-futuro","status":"publish","type":"post","link":"https:\/\/www.medellin.gov.co\/es\/sala-de-prensa\/noticias\/muchas-ideas-aportan-a-medellin-futuro\/","title":{"rendered":"Muchas ideas aportan a Medell\u00edn Futuro"},"content":{"rendered":"<div class=\"wrap contenido\">\n<div class=\"noticia\">\n<div class=\"imagen\">\n<div class=\"divContImageNoticia\" style=\"background-image:url('\/irj\/go\/km\/docs\/galerias\/Imagenes\/Galer\u00eda d\u00eda a d\u00eda 2020\/500_400\/20200205_PDAranjuez8.jpg')\" rel=\"\/irj\/go\/km\/docs\/galerias\/Imagenes\/Galer\u00eda d\u00eda a d\u00eda 2020\/500_400\/20200205_PDAranjuez8.jpg\"><span style=\"display:none\"\/><\/div>\n<p>Encuentros territoriales del Plan de Desarrollo 2020-2023 Medell\u00edn Futuro | Comuna 4 &#8211; Aranjuez.<\/p>\n<p>Foto Alcald\u00eda de Medell\u00edn<\/p><\/div>\n<p class=\"fecha\"><span>2020-02-09<\/span><\/p>\n<p itemprop=\"name\">Muchas ideas aportan a Medell\u00edn Futuro<\/p>\n<p>Por Prensa Alcald\u00eda de Medell\u00edn<\/p>\n<div class=\"cuerpo\">\n<p><p>Por estos d&iacute;as, los ciudadanos se escuchan en todos los rincones, gracias a los encuentros territoriales para la formulaci&oacute;n del Plan de Desarrollo <i>Medell&iacute;n Futuro<\/i>. Hablan de salud, inclusi&oacute;n, infraestructura, espacio p&uacute;blico, movilidad, tecnolog&iacute;a y muchas otras tem&aacute;ticas que identifican como prioridades para sus territorios.&nbsp;<\/p>\n<p>Entre esas voces est&aacute; la de Luis Alfonso Agudelo, docente jubilado y presidente de la Junta de Acci&oacute;n Comunal La Salle, quien particip&oacute; recientemente en la actividad realizada en la Instituci&oacute;n Educativa Gabriel Restrepo Moreno de la Comuna 3 &ndash; Manrique. Desde que supo de la convocatoria tom&oacute; nota de fecha, hora y lugar con la certeza de que no hay propuestas imposibles, que se vale la creatividad para trazar la ruta.&nbsp;&nbsp;<\/p>\n<p><i>&ldquo;Es importante que estos espacios se abran a la comunidad. Que los fines de semana puedan venir ni&ntilde;os, ni&ntilde;as y adultos mayores&rdquo;<\/i>, dice, mientras se&ntilde;ala la cancha de baloncesto del plantel. Le parece clave aprovechar los escenarios l&uacute;dicos y deportivos existentes. Eso s&iacute;, con la convicci&oacute;n de que se debe cuidar la infraestructura educativa.&nbsp;<\/p>\n<p>En cada una de sus palabras, Luis demuestra amor por su sector. Cree en el Valle del Software, sue&ntilde;a con un metrocable para la comuna y m&aacute;s educaci&oacute;n para afrontar asuntos como la salud mental y el embarazo adolescente. Est&aacute; convencido de que todo esto debe tratarse de la mano de las organizaciones sociales.&nbsp;<\/p>\n<p>Esa misma convicci&oacute;n la comparte Luz Stella Rend&oacute;n, quien aprovech&oacute; para plasmar sus propuestas en un letrero gigante de &ldquo;Medell&iacute;n&rdquo;, en formato 3D, ubicado muy a la entrada de la Instituci&oacute;n Educativa Gabriel Restrepo Moreno. All&iacute;, con marcador en mano y buen pulso, invit&oacute; a trabajar por una ciudadan&iacute;a incluyente y respetuosa por el espacio p&uacute;blico. <i>&ldquo;El peat&oacute;n no tiene por d&oacute;nde pasar&rdquo;<\/i>, expresa esta habitante del barrio El Raizal, quien considera que la ocupaci&oacute;n indebida de andenes es un riesgo latente en su barrio.<\/p>\n<p>Como ellos, cientos de personas participan en los encuentros territoriales que se adelantan en las 21 comunas y corregimientos de la capital antioque&ntilde;a para la formulaci&oacute;n de la propuesta de Plan de Desarrollo que ser&aacute; consolidada por el Consejo Municipal de Planeaci&oacute;n, antes de ser tramitada en el Concejo de Medell&iacute;n.&nbsp;<\/p>\n<p>En estas jornadas las personas pueden escoger y participar en la mesa de su preferencia, entre <i>Valle del Software<\/i>, <i>Transformaci&oacute;n educativa<\/i>, <i>Ecociudad<\/i>, <i>Gobernanza y gobernabilidad<\/i> y <i>Recuperemos lo social<\/i>.&nbsp;<\/p>\n<p>Para el alcalde Daniel Quintero, <i>&ldquo;este proceso es uno de los m&aacute;s importantes porque nos permite recoger las ideas de los ciudadanos con relaci&oacute;n a su territorio. Nadie sabe m&aacute;s de su comuna que quienes la viven todos los d&iacute;as. Que esto se convierta en oportunidades de educaci&oacute;n, para pensarnos como ecociudad, para crear empleo a trav&eacute;s del Valle del Software&rdquo;.<\/i><i>&nbsp;<\/i><\/p>\n<p>La programaci&oacute;n va hasta el mi&eacute;rcoles 12 de febrero. Hay cabida para todas las iniciativas, pues muchas ideas peque&ntilde;as hacen una gran propuesta.<\/p>\n<\/p>\n<p><span style=\"display:none\"\/><\/div>\n<div class=\"compartir\">Compartir en: <a title=\"\" href=\"http:\/\/www.facebook.com\/share.php?u=\" class=\"btCompartirFacebook btCompartir\" target=\"_blank\" rel=\"noopener\"><a title=\"\" href=\"http:\/\/twitter.com\/home?status=Haz%20clic%20para%20ver%20esta%20noticia%20en%20\" class=\"btCompartirTwitter btCompartir\"\/><a title=\"\" href=\"whatsapp:\/\/send?text=Haz%20clic%20para%20ver%20esta%20noticia%20en%20\" class=\"btCompartirWa btCompartir\"\/><\/div>\n<\/div>\n<p><script>try{comprobarImagen();fixBtnRedes();hitsMedellin();}catch(e){}<\/script><\/div>\n","protected":false},"excerpt":{"rendered":"<p>Encuentros territoriales del Plan de Desarrollo 2020-2023 Medell\u00edn Futuro | Comuna 4 &#8211; Aranjuez. Foto Alcald\u00eda de Medell\u00edn 2020-02-09 Muchas ideas aportan a Medell\u00edn Futuro Por Prensa Alcald\u00eda de Medell\u00edn Por estos d&iacute;as, los ciudadanos &#8230;<\/p>\n","protected":false},"author":1,"featured_media":59231,"comment_status":"open","ping_status":"open","sticky":false,"template":"","format":"standard","meta":[],"categories":[16],"tags":[437,450],"formato_nota":[],"programas_tax":[],"acf":[],"_links":{"self":[{"href":"https:\/\/www.medellin.gov.co\/es\/wp-json\/wp\/v2\/posts\/34928"}],"collection":[{"href":"https:\/\/www.medellin.gov.co\/es\/wp-json\/wp\/v2\/posts"}],"about":[{"href":"https:\/\/www.medellin.gov.co\/es\/wp-json\/wp\/v2\/types\/post"}],"author":[{"embeddable":true,"href":"https:\/\/www.medellin.gov.co\/es\/wp-json\/wp\/v2\/users\/1"}],"replies":[{"embeddable":true,"href":"https:\/\/www.medellin.gov.co\/es\/wp-json\/wp\/v2\/comments?post=34928"}],"version-history":[{"count":1,"href":"https:\/\/www.medellin.gov.co\/es\/wp-json\/wp\/v2\/posts\/34928\/revisions"}],"predecessor-version":[{"id":46620,"href":"https:\/\/www.medellin.gov.co\/es\/wp-json\/wp\/v2\/posts\/34928\/revisions\/46620"}],"wp:featuredmedia":[{"embeddable":true,"href":"https:\/\/www.medellin.gov.co\/es\/wp-json\/wp\/v2\/media\/59231"}],"wp:attachment":[{"href":"https:\/\/www.medellin.gov.co\/es\/wp-json\/wp\/v2\/media?parent=34928"}],"wp:term":[{"taxonomy":"category","embeddable":true,"href":"https:\/\/www.medellin.gov.co\/es\/wp-json\/wp\/v2\/categories?post=34928"},{"taxonomy":"post_tag","embeddable":true,"href":"https:\/\/www.medellin.gov.co\/es\/wp-json\/wp\/v2\/tags?post=34928"},{"taxonomy":"formato_nota","embeddable":true,"href":"https:\/\/www.medellin.gov.co\/es\/wp-json\/wp\/v2\/formato_nota?post=34928"},{"taxonomy":"programas_tax","embeddable":true,"href":"https:\/\/www.medellin.gov.co\/es\/wp-json\/wp\/v2\/programas_tax?post=34928"}],"curies":[{"name":"wp","href":"https:\/\/api.w.org\/{rel}","templated":true}]}}