{"id":34943,"date":"2020-08-31T00:00:00","date_gmt":"2020-08-31T05:00:00","guid":{"rendered":"https:\/\/www.medellin.gov.co\/es\/saladeprensa\/noticias\/inicia-mes-por-la-paz-en-medellin-y-antioquia-con-mas-de-120-eventos\/"},"modified":"2022-03-27T22:54:21","modified_gmt":"2022-03-28T03:54:21","slug":"inicia-mes-por-la-paz-en-medellin-y-antioquia-con-mas-de-120-eventos","status":"publish","type":"post","link":"https:\/\/www.medellin.gov.co\/es\/sala-de-prensa\/noticias\/inicia-mes-por-la-paz-en-medellin-y-antioquia-con-mas-de-120-eventos\/","title":{"rendered":"Inicia Mes por la Paz en Medell\u00edn y Antioquia con m\u00e1s de 120 eventos"},"content":{"rendered":"<div class=\"wrap contenido\">\n<div class=\"noticia\">\n<div class=\"imagen\">\n<div class=\"divContImageNoticia\" style=\"background-image:url('\/irj\/go\/km\/docs\/galerias\/Imagenes\/Galer\u00eda d\u00eda a d\u00eda 2020\/500_400\/20200831-Mes-paz.jpg')\" rel=\"\/irj\/go\/km\/docs\/galerias\/Imagenes\/Galer\u00eda d\u00eda a d\u00eda 2020\/500_400\/20200831-Mes-paz.jpg\"><span style=\"display:none\"\/><\/div>\n<p>Mes por la Paz en Medell\u00edn y Antioquia.<\/p>\n<p>Foto Alcald\u00eda de Medelll\u00edn<\/p><\/div>\n<p class=\"fecha\"><span>2020-08-31<\/span><\/p>\n<p itemprop=\"name\">Inicia Mes por la Paz en Medell\u00edn y Antioquia con m\u00e1s de 120 eventos<\/p>\n<p>Por Katherine Loaiza<\/p>\n<div class=\"cuerpo\">\n<p><p>.: La invitaci&oacute;n es a participar en las decenas de actividades disponibles, tanto presenciales como virtuales.<br \/>.: La Gestora Social de Medell&iacute;n invita a que los temas de paz no se queden en las instituciones, sino que lleguen a todos los ciudadanos.<br \/>.: La ONU, organizaciones sociales y comunitarias, iglesias y las administraciones Municipal y Departamental se unen alrededor de la propuesta.<\/p>\n<p><strong><a target=\"_blank\" title=\"|| Audio || Palabras de la gestora social, Diana Osorio\" href=\"\/irj\/go\/km\/docs\/\/galerias\/Audios\/Audios d&iacute;a a d&iacute;a 2020\/20200831-Mes-paz_01.mp3\" rel=\"noopener\"><span style=\"color: #3366ff;\">|| Audio || Palabras de la gestora social, Diana Osorio<br \/><\/span><\/a><\/strong><\/p>\n<p><strong><a title=\"|| Documento || Programaci&oacute;n Mes por la Paz en Medell&iacute;n y Antioquia\" target=\"_blank\" href=\"\/irj\/go\/km\/docs\/pccdesign\/medellin\/Temas\/ParticipacionCiudadana\/Noticias\/Shared Content\/Documentos\/2020\/Programaci\u00f3n Mes por la Paz Versi\u00f3n 30 de agosto.pdf\" rel=\"noopener\"><span style=\"color: #3366ff;\">|| Documento || Programaci&oacute;n Mes por la Paz en Medell&iacute;n y Antioquia<\/span><\/a><\/strong><\/p>\n<p>Durante todo septiembre ser&aacute; posible asistir a diferentes eventos que tienen una consigna en com&uacute;n: El reencuentro es con la paz. <\/p>\n<p>M&aacute;s de 120 actividades en Medell&iacute;n y Antioquia tendr&aacute;n lugar desde ahora y hasta el pr&oacute;ximo 4 de octubre. Los ciudadanos pueden participar y expresar sus deseos de paz a trav&eacute;s de las etiquetas #Mov&aacute;monos y #MesPorLaPazAnt. <\/p>\n<p>\u00abEn Medell&iacute;n todos somos uno y nos duele lo que pasa en Segovia, lo que pasa en Nari&ntilde;o. Esto no es un tema de territorios, esto nos debe doler a todos como naci&oacute;n\u00bb, dijo la gestora social, Diana Osorio, durante el lanzamiento. <\/p>\n<p>El Mes por la Paz es una movilizaci&oacute;n ciudadana, cuyo objetivo es hacer visible el esfuerzo cotidiano de miles de personas que trabajan en la construcci&oacute;n y consolidaci&oacute;n de iniciativas que dignifiquen la vida. <\/p>\n<p>\u00abEmpezamos el mes muy tristes por todo lo que est&aacute; pasando. Tenemos que bajar la paz y convertirla en una forma de vida. Nos tenemos que mover por la paz\u00bb, afirm&oacute; el secretario de Participaci&oacute;n Ciudadana y de Desarrollo Social de la Gobernaci&oacute;n de Antioquia, Juan Correa Mej&iacute;a. <\/p>\n<p>Este 2020, la Semana por la Paz cumple 33 a&ntilde;os a nivel nacional. Antioquia celebra el Mes por la Paz desde hace cinco a&ntilde;os, como apoyo a diversas iniciativas ciudadanas, con acciones y mensajes acordes con el contexto y momento pol&iacute;tico del pa&iacute;s, fortaleciendo la conciencia social sobre la urgencia de construir en Colombia un proceso plural, participativo, firme y duradero, con miras a la reconciliaci&oacute;n nacional.<\/p>\n<p>\u00abDesde la Alcald&iacute;a de Medell&iacute;n nos sumamos al Mes por la Paz con diversas actividades que buscar&aacute;n involucrar a toda la ciudadan&iacute;a en la reflexi&oacute;n sobre la paz a partir de la no violencia. Queremos hacer pedagog&iacute;a y proponer encuentros que potencien la construcci&oacute;n de una ciudad m&aacute;s pac&iacute;fica desde las acciones cotidianas durante todo este mes. Hay que hablar en positivo, sobre todo en esta &eacute;poca en la que estamos recuperando esos sue&ntilde;os aplazados, por eso hablamos de paz y de #TodoVaAEstarBien\u00bb, finaliz&oacute; la Gestora Social de Medell&iacute;n.<\/p>\n<\/p>\n<p><span style=\"display:none\"\/><\/div>\n<div class=\"compartir\">Compartir en: <a title=\"\" href=\"http:\/\/www.facebook.com\/share.php?u=\" class=\"btCompartirFacebook btCompartir\" target=\"_blank\" rel=\"noopener\"><a title=\"\" href=\"http:\/\/twitter.com\/home?status=Haz%20clic%20para%20ver%20esta%20noticia%20en%20\" class=\"btCompartirTwitter btCompartir\"\/><a title=\"\" href=\"whatsapp:\/\/send?text=Haz%20clic%20para%20ver%20esta%20noticia%20en%20\" class=\"btCompartirWa btCompartir\"\/><\/div>\n<\/div>\n<p><script>try{comprobarImagen();fixBtnRedes();hitsMedellin();}catch(e){}<\/script><\/div>\n","protected":false},"excerpt":{"rendered":"<p>Mes por la Paz en Medell\u00edn y Antioquia. Foto Alcald\u00eda de Medelll\u00edn 2020-08-31 Inicia Mes por la Paz en Medell\u00edn y Antioquia con m\u00e1s de 120 eventos Por Katherine Loaiza .: La invitaci&oacute;n es a &#8230;<\/p>\n","protected":false},"author":1,"featured_media":59245,"comment_status":"open","ping_status":"open","sticky":false,"template":"","format":"standard","meta":[],"categories":[31,12,20,16],"tags":[453,450],"formato_nota":[],"programas_tax":[],"acf":[],"_links":{"self":[{"href":"https:\/\/www.medellin.gov.co\/es\/wp-json\/wp\/v2\/posts\/34943"}],"collection":[{"href":"https:\/\/www.medellin.gov.co\/es\/wp-json\/wp\/v2\/posts"}],"about":[{"href":"https:\/\/www.medellin.gov.co\/es\/wp-json\/wp\/v2\/types\/post"}],"author":[{"embeddable":true,"href":"https:\/\/www.medellin.gov.co\/es\/wp-json\/wp\/v2\/users\/1"}],"replies":[{"embeddable":true,"href":"https:\/\/www.medellin.gov.co\/es\/wp-json\/wp\/v2\/comments?post=34943"}],"version-history":[{"count":1,"href":"https:\/\/www.medellin.gov.co\/es\/wp-json\/wp\/v2\/posts\/34943\/revisions"}],"predecessor-version":[{"id":46648,"href":"https:\/\/www.medellin.gov.co\/es\/wp-json\/wp\/v2\/posts\/34943\/revisions\/46648"}],"wp:featuredmedia":[{"embeddable":true,"href":"https:\/\/www.medellin.gov.co\/es\/wp-json\/wp\/v2\/media\/59245"}],"wp:attachment":[{"href":"https:\/\/www.medellin.gov.co\/es\/wp-json\/wp\/v2\/media?parent=34943"}],"wp:term":[{"taxonomy":"category","embeddable":true,"href":"https:\/\/www.medellin.gov.co\/es\/wp-json\/wp\/v2\/categories?post=34943"},{"taxonomy":"post_tag","embeddable":true,"href":"https:\/\/www.medellin.gov.co\/es\/wp-json\/wp\/v2\/tags?post=34943"},{"taxonomy":"formato_nota","embeddable":true,"href":"https:\/\/www.medellin.gov.co\/es\/wp-json\/wp\/v2\/formato_nota?post=34943"},{"taxonomy":"programas_tax","embeddable":true,"href":"https:\/\/www.medellin.gov.co\/es\/wp-json\/wp\/v2\/programas_tax?post=34943"}],"curies":[{"name":"wp","href":"https:\/\/api.w.org\/{rel}","templated":true}]}}