{"id":349522,"date":"2024-09-29T11:36:43","date_gmt":"2024-09-29T16:36:43","guid":{"rendered":"https:\/\/www.medellin.gov.co\/es\/?p=349522"},"modified":"2024-09-29T11:36:43","modified_gmt":"2024-09-29T16:36:43","slug":"con-la-entrega-de-350-kits-de-autocuidado-el-distrito-impulsa-el-bienestar-de-las-personas-con-discapacidad-y-personas-cuidadoras","status":"publish","type":"post","link":"https:\/\/www.medellin.gov.co\/es\/sala-de-prensa\/noticias\/con-la-entrega-de-350-kits-de-autocuidado-el-distrito-impulsa-el-bienestar-de-las-personas-con-discapacidad-y-personas-cuidadoras\/","title":{"rendered":"Con la entrega de 350 kits de autocuidado, el Distrito impulsa el bienestar de las personas con discapacidad y personas cuidadoras"},"content":{"rendered":"<ul>\n<li class=\"p1\"><b>Para la distribuci\u00f3n de estos paquetes se cont\u00f3 con recursos ordinarios y <\/b><b>de Presupuesto Participativo.<\/b><\/li>\n<li class=\"p1\"><b>La actividad se hizo en 13 comunas y dos corregimientos: San Crist\u00f3bal y <\/b><b>San Antonio de Prado.<\/b><\/li>\n<li class=\"p1\"><b>A los beneficiarios tambi\u00e9n se les <\/b><span class=\"s1\"><b>ofrece <\/b><\/span><b>asistencia psicosocial individual\u00a0<\/b><b>y grupal.<\/b><\/li>\n<\/ul>\n<!--[if lt IE 9]><script>document.createElement('audio');<\/script><![endif]-->\n\t<div class=\"wp-playlist wp-audio-playlist wp-playlist-light\">\n\t\t\t<div class=\"wp-playlist-current-item\"><\/div>\n\t\t<audio controls=\"controls\" preload=\"none\" width=\"640\"\n\t\t\t><\/audio>\n\t<div class=\"wp-playlist-next\"><\/div>\n\t<div class=\"wp-playlist-prev\"><\/div>\n\t<noscript>\n\t<ol>\n\t\t<li><a href='https:\/\/www.medellin.gov.co\/es\/wp-content\/uploads\/2024\/09\/Entrega-kits-autocuidado-personas-con-discapacidad-01.mp3'>Palabras de Camilo Vel\u00e1squez, director t\u00e9cnico del Equipo de Discapacidad de la Secretar\u00eda de Inclusi\u00f3n Social y Familia<\/a><\/li><li><a href='https:\/\/www.medellin.gov.co\/es\/wp-content\/uploads\/2024\/09\/Entrega-kits-autocuidado-personas-con-discapacidad-02.mp3'>Palabras de Ana Luc\u00eda Vergara, beneficiaria del kit de autocuidado<\/a><\/li>\t<\/ol>\n\t<\/noscript>\n\t<script type=\"application\/json\" class=\"wp-playlist-script\">{\"type\":\"audio\",\"tracklist\":true,\"tracknumbers\":true,\"images\":true,\"artists\":true,\"tracks\":[{\"src\":\"https:\\\/\\\/www.medellin.gov.co\\\/es\\\/wp-content\\\/uploads\\\/2024\\\/09\\\/Entrega-kits-autocuidado-personas-con-discapacidad-01.mp3\",\"type\":\"audio\\\/mpeg\",\"title\":\"Palabras de Camilo Vel\\u00e1squez, director t\\u00e9cnico del Equipo de Discapacidad de la Secretar\\u00eda de Inclusi\\u00f3n Social y Familia\",\"caption\":\"\",\"description\":\"\\u00abPalabras de Camilo Vel\\u00e1squez, director t\\u00e9cnico del Equipo de Discapacidad de la Secretar\\u00eda de Inclusi\\u00f3n Social y Familia\\u00bb.\",\"meta\":{\"length_formatted\":\"0:56\"},\"image\":{\"src\":\"https:\\\/\\\/www.medellin.gov.co\\\/es\\\/wp-includes\\\/images\\\/media\\\/audio.png\",\"width\":48,\"height\":64},\"thumb\":{\"src\":\"https:\\\/\\\/www.medellin.gov.co\\\/es\\\/wp-includes\\\/images\\\/media\\\/audio.png\",\"width\":48,\"height\":64}},{\"src\":\"https:\\\/\\\/www.medellin.gov.co\\\/es\\\/wp-content\\\/uploads\\\/2024\\\/09\\\/Entrega-kits-autocuidado-personas-con-discapacidad-02.mp3\",\"type\":\"audio\\\/mpeg\",\"title\":\"Palabras de Ana Luc\\u00eda Vergara, beneficiaria del kit de autocuidado\",\"caption\":\"\",\"description\":\"\\u00abPalabras de Ana Luc\\u00eda Vergara, beneficiaria del kit de autocuidado\\u00bb.\",\"meta\":{\"length_formatted\":\"1:36\"},\"image\":{\"src\":\"https:\\\/\\\/www.medellin.gov.co\\\/es\\\/wp-includes\\\/images\\\/media\\\/audio.png\",\"width\":48,\"height\":64},\"thumb\":{\"src\":\"https:\\\/\\\/www.medellin.gov.co\\\/es\\\/wp-includes\\\/images\\\/media\\\/audio.png\",\"width\":48,\"height\":64}}]}<\/script>\n<\/div>\n\t\n<p class=\"p1\">Como parte de las estrategias para brindar una atenci\u00f3n integral a las personas\u00a0con discapacidad y personas cuidadoras, la Administraci\u00f3n Distrital entreg\u00f3 350\u00a0kits de autocuidado. Con estos elementos, se busca propiciar espacios de\u00a0bienestar que contribuyan al mejoramiento de las condiciones de vida.<\/p>\n<div id=\"attachment_349526\" style=\"width: 1210px\" class=\"wp-caption aligncenter\"><a href=\"https:\/\/www.medellin.gov.co\/es\/wp-content\/uploads\/2024\/09\/Entrega-kits-autocuidado-personas-con-discapacidad-2.jpg\" target=\"_blank\" rel=\"noopener\"><img aria-describedby=\"caption-attachment-349526\" loading=\"lazy\" class=\"wp-image-349526 size-full\" title=\"Con la entrega de 350 kits de autocuidado, el Distrito impulsa el bienestar de las personas con discapacidad y personas cuidadoras\" src=\"https:\/\/www.medellin.gov.co\/es\/wp-content\/uploads\/2024\/09\/Entrega-kits-autocuidado-personas-con-discapacidad-2.jpg\" alt=\"Con la entrega de 350 kits de autocuidado, el Distrito impulsa el bienestar de las personas con discapacidad y personas cuidadoras\" width=\"1200\" height=\"900\" srcset=\"https:\/\/www.medellin.gov.co\/es\/wp-content\/uploads\/2024\/09\/Entrega-kits-autocuidado-personas-con-discapacidad-2.jpg 1200w, https:\/\/www.medellin.gov.co\/es\/wp-content\/uploads\/2024\/09\/Entrega-kits-autocuidado-personas-con-discapacidad-2-300x225.jpg 300w, https:\/\/www.medellin.gov.co\/es\/wp-content\/uploads\/2024\/09\/Entrega-kits-autocuidado-personas-con-discapacidad-2-1024x768.jpg 1024w, https:\/\/www.medellin.gov.co\/es\/wp-content\/uploads\/2024\/09\/Entrega-kits-autocuidado-personas-con-discapacidad-2-150x113.jpg 150w, https:\/\/www.medellin.gov.co\/es\/wp-content\/uploads\/2024\/09\/Entrega-kits-autocuidado-personas-con-discapacidad-2-768x576.jpg 768w\" sizes=\"(max-width: 1200px) 100vw, 1200px\" \/><\/a><p id=\"caption-attachment-349526\" class=\"wp-caption-text\">Con la entrega de 350 kits de autocuidado, el Distrito impulsa el bienestar de las personas con discapacidad y personas cuidadoras &#8211; Foto alcaldia de Medell\u00edn<\/p><\/div>\n<p class=\"p1\"><i>\u00abEsto permite que las personas tengan una iniciativa, un espacio, un instrumento\u00a0<\/i><i>para el autocuidado, para que no dependan del otro, sino que se facilite el\u00a0<\/i><i>desarrollo de su personalidad y de su propio bienestar\u201d, <\/i>se\u00f1al\u00f3 el director t\u00e9cnico\u00a0del Equipo de Discapacidad de la Secretar\u00eda de Inclusi\u00f3n Social y Familia,\u00a0Camilo Vel\u00e1squez.<\/p>\n<p class=\"p1\">Los paquetes de autocuidado contienen colchoneta de yoga, una m\u00e1scara facial\u00a0para dolores y m\u00e1scara de relajaci\u00f3n, bandas el\u00e1sticas para estiramiento y\u00a0fortalecimiento de m\u00fasculos, y un par de pesas, entre otros. Esta entrega\u00a0benefici\u00f3 a 115 personas con discapacidad y 235 personas cuidadoras.<\/p>\n<div id=\"attachment_349530\" style=\"width: 1210px\" class=\"wp-caption aligncenter\"><a href=\"https:\/\/www.medellin.gov.co\/es\/wp-content\/uploads\/2024\/09\/Entrega-kits-autocuidado-personas-con-discapacidad-3.jpg\" target=\"_blank\" rel=\"noopener\"><img aria-describedby=\"caption-attachment-349530\" loading=\"lazy\" class=\"wp-image-349530 size-full\" title=\"Con la entrega de 350 kits de autocuidado, el Distrito impulsa el bienestar de las personas con discapacidad y personas cuidadoras\" src=\"https:\/\/www.medellin.gov.co\/es\/wp-content\/uploads\/2024\/09\/Entrega-kits-autocuidado-personas-con-discapacidad-3.jpg\" alt=\"Con la entrega de 350 kits de autocuidado, el Distrito impulsa el bienestar de las personas con discapacidad y personas cuidadoras\" width=\"1200\" height=\"738\" srcset=\"https:\/\/www.medellin.gov.co\/es\/wp-content\/uploads\/2024\/09\/Entrega-kits-autocuidado-personas-con-discapacidad-3.jpg 1200w, https:\/\/www.medellin.gov.co\/es\/wp-content\/uploads\/2024\/09\/Entrega-kits-autocuidado-personas-con-discapacidad-3-300x185.jpg 300w, https:\/\/www.medellin.gov.co\/es\/wp-content\/uploads\/2024\/09\/Entrega-kits-autocuidado-personas-con-discapacidad-3-1024x630.jpg 1024w, https:\/\/www.medellin.gov.co\/es\/wp-content\/uploads\/2024\/09\/Entrega-kits-autocuidado-personas-con-discapacidad-3-150x92.jpg 150w, https:\/\/www.medellin.gov.co\/es\/wp-content\/uploads\/2024\/09\/Entrega-kits-autocuidado-personas-con-discapacidad-3-768x472.jpg 768w\" sizes=\"(max-width: 1200px) 100vw, 1200px\" \/><\/a><p id=\"caption-attachment-349530\" class=\"wp-caption-text\">Con la entrega de 350 kits de autocuidado, el Distrito impulsa el bienestar de las personas con discapacidad y personas cuidadoras &#8211; Foto alcaldia de Medell\u00edn<\/p><\/div>\n<p class=\"p1\"><i>\u201cA uno a veces no le queda tiempo de asistir a un gimnasio o de estar en otra\u00a0<\/i><i>parte donde le puedan hacer un masaje o una terapia. En este momento tengo\u00a0<\/i><i>artrosis, tengo fibromialgia, entonces este kit aporta a mejorar la calidad de vida\u00a0<\/i><i>que uno debe tener, porque puedo hacer la terapia en mi casa, inclusive puedo\u00a0<\/i><i>hacerla con mi hijo que tiene autismo. \u00c9l tiene una vida muy sedentaria,\u00a0<\/i><i>entonces me ayuda mucho porque hacemos juntos las terapias. Esto es\u00a0<\/i><i>maravilloso porque es un tiempo que nos regalan, es un tiempo que nos\u00a0<\/i><i>merecemos\u201d, <\/i>expres\u00f3 Ana Luc\u00eda Vergara, beneficiaria del kit de autocuidado.<\/p>\n<p class=\"p1\">Los paquetes se entregaron en 13 comunas y dos corregimientos: San Antonio\u00a0de Prado y San Crist\u00f3bal.<\/p>\n\n\t\t<style type=\"text\/css\">\n\t\t\t#gallery-1 {\n\t\t\t\tmargin: auto;\n\t\t\t}\n\t\t\t#gallery-1 .gallery-item {\n\t\t\t\tfloat: left;\n\t\t\t\tmargin-top: 10px;\n\t\t\t\ttext-align: center;\n\t\t\t\twidth: 50%;\n\t\t\t}\n\t\t\t#gallery-1 img {\n\t\t\t\tborder: 2px solid #cfcfcf;\n\t\t\t}\n\t\t\t#gallery-1 .gallery-caption {\n\t\t\t\tmargin-left: 0;\n\t\t\t}\n\t\t\t\/* see gallery_shortcode() in wp-includes\/media.php *\/\n\t\t<\/style>\n\t\t<div id='gallery-1' class='gallery galleryid-349522 gallery-columns-2 gallery-size-large'><dl class='gallery-item'>\n\t\t\t<dt class='gallery-icon landscape'>\n\t\t\t\t<a href='https:\/\/www.medellin.gov.co\/es\/sala-de-prensa\/noticias\/con-la-entrega-de-350-kits-de-autocuidado-el-distrito-impulsa-el-bienestar-de-las-personas-con-discapacidad-y-personas-cuidadoras\/entrega-kits-autocuidado-personas-con-discapacidad-5\/'><img width=\"1024\" height=\"576\" src=\"https:\/\/www.medellin.gov.co\/es\/wp-content\/uploads\/2024\/09\/Entrega-kits-autocuidado-personas-con-discapacidad-5-1024x576.jpg\" class=\"attachment-large size-large\" alt=\"Con la entrega de 350 kits de autocuidado, el Distrito impulsa el bienestar de las personas con discapacidad y personas cuidadoras\" loading=\"lazy\" aria-describedby=\"gallery-1-349532\" srcset=\"https:\/\/www.medellin.gov.co\/es\/wp-content\/uploads\/2024\/09\/Entrega-kits-autocuidado-personas-con-discapacidad-5-1024x576.jpg 1024w, https:\/\/www.medellin.gov.co\/es\/wp-content\/uploads\/2024\/09\/Entrega-kits-autocuidado-personas-con-discapacidad-5-300x169.jpg 300w, https:\/\/www.medellin.gov.co\/es\/wp-content\/uploads\/2024\/09\/Entrega-kits-autocuidado-personas-con-discapacidad-5-150x84.jpg 150w, https:\/\/www.medellin.gov.co\/es\/wp-content\/uploads\/2024\/09\/Entrega-kits-autocuidado-personas-con-discapacidad-5-768x432.jpg 768w, https:\/\/www.medellin.gov.co\/es\/wp-content\/uploads\/2024\/09\/Entrega-kits-autocuidado-personas-con-discapacidad-5.jpg 1200w\" sizes=\"(max-width: 1024px) 100vw, 1024px\" \/><\/a>\n\t\t\t<\/dt>\n\t\t\t\t<dd class='wp-caption-text gallery-caption' id='gallery-1-349532'>\n\t\t\t\tCon la entrega de 350 kits de autocuidado, el Distrito impulsa el bienestar de las personas con discapacidad y personas cuidadoras &#8211; Foto alcaldia de Medell\u00edn\n\t\t\t\t<\/dd><\/dl><dl class='gallery-item'>\n\t\t\t<dt class='gallery-icon landscape'>\n\t\t\t\t<a href='https:\/\/www.medellin.gov.co\/es\/sala-de-prensa\/noticias\/con-la-entrega-de-350-kits-de-autocuidado-el-distrito-impulsa-el-bienestar-de-las-personas-con-discapacidad-y-personas-cuidadoras\/entrega-kits-autocuidado-personas-con-discapacidad-4\/'><img width=\"1024\" height=\"576\" src=\"https:\/\/www.medellin.gov.co\/es\/wp-content\/uploads\/2024\/09\/Entrega-kits-autocuidado-personas-con-discapacidad-4-1024x576.jpg\" class=\"attachment-large size-large\" alt=\"Con la entrega de 350 kits de autocuidado, el Distrito impulsa el bienestar de las personas con discapacidad y personas cuidadoras\" loading=\"lazy\" aria-describedby=\"gallery-1-349531\" srcset=\"https:\/\/www.medellin.gov.co\/es\/wp-content\/uploads\/2024\/09\/Entrega-kits-autocuidado-personas-con-discapacidad-4-1024x576.jpg 1024w, https:\/\/www.medellin.gov.co\/es\/wp-content\/uploads\/2024\/09\/Entrega-kits-autocuidado-personas-con-discapacidad-4-300x169.jpg 300w, https:\/\/www.medellin.gov.co\/es\/wp-content\/uploads\/2024\/09\/Entrega-kits-autocuidado-personas-con-discapacidad-4-150x84.jpg 150w, https:\/\/www.medellin.gov.co\/es\/wp-content\/uploads\/2024\/09\/Entrega-kits-autocuidado-personas-con-discapacidad-4-768x432.jpg 768w, https:\/\/www.medellin.gov.co\/es\/wp-content\/uploads\/2024\/09\/Entrega-kits-autocuidado-personas-con-discapacidad-4.jpg 1200w\" sizes=\"(max-width: 1024px) 100vw, 1024px\" \/><\/a>\n\t\t\t<\/dt>\n\t\t\t\t<dd class='wp-caption-text gallery-caption' id='gallery-1-349531'>\n\t\t\t\tCon la entrega de 350 kits de autocuidado, el Distrito impulsa el bienestar de las personas con discapacidad y personas cuidadoras &#8211; Foto alcaldia de Medell\u00edn\n\t\t\t\t<\/dd><\/dl><br style=\"clear: both\" \/>\n\t\t<\/div>\n\n<p class=\"p1\">Actualmente, el Distrito atiende con diferentes estrategias a 4.458 personas con\u00a0discapacidad y personas cuidadoras.<\/p>\n","protected":false},"excerpt":{"rendered":"<p>Para la distribuci\u00f3n de estos paquetes se cont\u00f3 con recursos ordinarios y de Presupuesto Participativo. La actividad se hizo en 13 comunas y dos corregimientos: San Crist\u00f3bal y San Antonio de Prado. A los beneficiarios &#8230;<\/p>\n","protected":false},"author":84,"featured_media":349523,"comment_status":"open","ping_status":"open","sticky":false,"template":"","format":"standard","meta":[],"categories":[706],"tags":[437,451,455],"formato_nota":[],"programas_tax":[],"acf":[],"_links":{"self":[{"href":"https:\/\/www.medellin.gov.co\/es\/wp-json\/wp\/v2\/posts\/349522"}],"collection":[{"href":"https:\/\/www.medellin.gov.co\/es\/wp-json\/wp\/v2\/posts"}],"about":[{"href":"https:\/\/www.medellin.gov.co\/es\/wp-json\/wp\/v2\/types\/post"}],"author":[{"embeddable":true,"href":"https:\/\/www.medellin.gov.co\/es\/wp-json\/wp\/v2\/users\/84"}],"replies":[{"embeddable":true,"href":"https:\/\/www.medellin.gov.co\/es\/wp-json\/wp\/v2\/comments?post=349522"}],"version-history":[{"count":1,"href":"https:\/\/www.medellin.gov.co\/es\/wp-json\/wp\/v2\/posts\/349522\/revisions"}],"predecessor-version":[{"id":349534,"href":"https:\/\/www.medellin.gov.co\/es\/wp-json\/wp\/v2\/posts\/349522\/revisions\/349534"}],"wp:featuredmedia":[{"embeddable":true,"href":"https:\/\/www.medellin.gov.co\/es\/wp-json\/wp\/v2\/media\/349523"}],"wp:attachment":[{"href":"https:\/\/www.medellin.gov.co\/es\/wp-json\/wp\/v2\/media?parent=349522"}],"wp:term":[{"taxonomy":"category","embeddable":true,"href":"https:\/\/www.medellin.gov.co\/es\/wp-json\/wp\/v2\/categories?post=349522"},{"taxonomy":"post_tag","embeddable":true,"href":"https:\/\/www.medellin.gov.co\/es\/wp-json\/wp\/v2\/tags?post=349522"},{"taxonomy":"formato_nota","embeddable":true,"href":"https:\/\/www.medellin.gov.co\/es\/wp-json\/wp\/v2\/formato_nota?post=349522"},{"taxonomy":"programas_tax","embeddable":true,"href":"https:\/\/www.medellin.gov.co\/es\/wp-json\/wp\/v2\/programas_tax?post=349522"}],"curies":[{"name":"wp","href":"https:\/\/api.w.org\/{rel}","templated":true}]}}