{"id":349539,"date":"2024-09-30T08:04:34","date_gmt":"2024-09-30T13:04:34","guid":{"rendered":"https:\/\/www.medellin.gov.co\/es\/?p=349539"},"modified":"2024-09-30T10:05:59","modified_gmt":"2024-09-30T15:05:59","slug":"desde-hoy-las-urgencias-de-la-unidad-hospitalaria-de-manrique-se-atienden-temporalmente-en-la-unidad-hospitalaria-de-buenos-aires","status":"publish","type":"post","link":"https:\/\/www.medellin.gov.co\/es\/sala-de-prensa\/noticias\/desde-hoy-las-urgencias-de-la-unidad-hospitalaria-de-manrique-se-atienden-temporalmente-en-la-unidad-hospitalaria-de-buenos-aires\/","title":{"rendered":"Desde hoy, las urgencias de la Unidad Hospitalaria de Manrique se atienden temporalmente en la Unidad Hospitalaria de Buenos Aires"},"content":{"rendered":"<ul>\n<li class=\"p1\"><b>Este traslado provisional se da debido a la intervenci\u00f3n en la <\/b><b>infraestructura de la UH de Manrique.<\/b><\/li>\n<\/ul>\n<!--[if lt IE 9]><script>document.createElement('audio');<\/script><![endif]-->\n\t<div class=\"wp-playlist wp-audio-playlist wp-playlist-light\">\n\t\t\t<div class=\"wp-playlist-current-item\"><\/div>\n\t\t<audio controls=\"controls\" preload=\"none\" width=\"640\"\n\t\t\t><\/audio>\n\t<div class=\"wp-playlist-next\"><\/div>\n\t<div class=\"wp-playlist-prev\"><\/div>\n\t<noscript>\n\t<ol>\n\t\t<li><a href='https:\/\/www.medellin.gov.co\/es\/wp-content\/uploads\/2024\/09\/Urgencias-unidad-hospitalaria-Manrique-01.mp3'>Palabras de Javier Antonio Guti\u00e9rrez Rodas, subgerente de la Red de Servicios de Metrosalud<\/a><\/li><li><a href='https:\/\/www.medellin.gov.co\/es\/wp-content\/uploads\/2024\/09\/Urgencias-unidad-hospitalaria-Manrique-02.mp3'>Palabras de Mar\u00eda Isabel P\u00e9rez, usuaria de urgencias de la UH Buenos Aires<\/a><\/li>\t<\/ol>\n\t<\/noscript>\n\t<script type=\"application\/json\" class=\"wp-playlist-script\">{\"type\":\"audio\",\"tracklist\":true,\"tracknumbers\":true,\"images\":true,\"artists\":true,\"tracks\":[{\"src\":\"https:\\\/\\\/www.medellin.gov.co\\\/es\\\/wp-content\\\/uploads\\\/2024\\\/09\\\/Urgencias-unidad-hospitalaria-Manrique-01.mp3\",\"type\":\"audio\\\/mpeg\",\"title\":\"Palabras de Javier Antonio Guti\\u00e9rrez Rodas, subgerente de la Red de Servicios de Metrosalud\",\"caption\":\"\",\"description\":\"\\u00abPalabras de Javier Antonio Guti\\u00e9rrez Rodas, subgerente de la Red de Servicios de Metrosalud\\u00bb.\",\"meta\":{\"year\":\"2024\",\"length_formatted\":\"1:53\"},\"image\":{\"src\":\"https:\\\/\\\/www.medellin.gov.co\\\/es\\\/wp-includes\\\/images\\\/media\\\/audio.png\",\"width\":48,\"height\":64},\"thumb\":{\"src\":\"https:\\\/\\\/www.medellin.gov.co\\\/es\\\/wp-includes\\\/images\\\/media\\\/audio.png\",\"width\":48,\"height\":64}},{\"src\":\"https:\\\/\\\/www.medellin.gov.co\\\/es\\\/wp-content\\\/uploads\\\/2024\\\/09\\\/Urgencias-unidad-hospitalaria-Manrique-02.mp3\",\"type\":\"audio\\\/mpeg\",\"title\":\"Palabras de Mar\\u00eda Isabel P\\u00e9rez, usuaria de urgencias de la UH Buenos Aires\",\"caption\":\"\",\"description\":\"\\u00abPalabras de Mar\\u00eda Isabel P\\u00e9rez, usuaria de urgencias de la UH Buenos Aires\\u00bb.\",\"meta\":{\"year\":\"2024\",\"length_formatted\":\"0:33\"},\"image\":{\"src\":\"https:\\\/\\\/www.medellin.gov.co\\\/es\\\/wp-includes\\\/images\\\/media\\\/audio.png\",\"width\":48,\"height\":64},\"thumb\":{\"src\":\"https:\\\/\\\/www.medellin.gov.co\\\/es\\\/wp-includes\\\/images\\\/media\\\/audio.png\",\"width\":48,\"height\":64}}]}<\/script>\n<\/div>\n\t\n<p>Los servicios de urgencias que normalmente presta la Unidad Hospitalaria (UH) de Manrique fueron traslados el pasado fin de semana a la de Buenos Aires. Adicionalmente, atenci\u00f3n de partos, cirug\u00eda y hospitalizaci\u00f3n ginecobst\u00e9trica pasaron a la UH Nuevo Occidente y la atenci\u00f3n de partos de primer nivel a la UH de Bel\u00e9n.<\/p>\n<p class=\"p1\">Para atender las urgencias, la UH de Buenos Aires ahora cuenta con un\u00a0equipamiento de \u00faltima tecnolog\u00eda y con 25 camillas: 10 para la atenci\u00f3n de los\u00a0hombres, 10 para las mujeres y cinco para los ni\u00f1os, adicionalmente con cinco\u00a0consultorios en los cuales se realizar\u00e1n actividades de triage y consulta\u00a0prioritaria.<\/p>\n<div id=\"attachment_349545\" style=\"width: 1210px\" class=\"wp-caption aligncenter\"><a href=\"https:\/\/www.medellin.gov.co\/es\/wp-content\/uploads\/2024\/09\/Urgencias-unidad-hospitalaria-Manrique-2.jpg\" target=\"_blank\" rel=\"noopener\"><img aria-describedby=\"caption-attachment-349545\" loading=\"lazy\" class=\"wp-image-349545 size-full\" title=\"Desde hoy, las urgencias de la Unidad Hospitalaria de Manrique se atienden temporalmente en la Unidad Hospitalaria de Buenos Aires\" src=\"https:\/\/www.medellin.gov.co\/es\/wp-content\/uploads\/2024\/09\/Urgencias-unidad-hospitalaria-Manrique-2.jpg\" alt=\"Desde hoy, las urgencias de la Unidad Hospitalaria de Manrique se atienden temporalmente en la Unidad Hospitalaria de Buenos Aires\" width=\"1200\" height=\"732\" srcset=\"https:\/\/www.medellin.gov.co\/es\/wp-content\/uploads\/2024\/09\/Urgencias-unidad-hospitalaria-Manrique-2.jpg 1200w, https:\/\/www.medellin.gov.co\/es\/wp-content\/uploads\/2024\/09\/Urgencias-unidad-hospitalaria-Manrique-2-300x183.jpg 300w, https:\/\/www.medellin.gov.co\/es\/wp-content\/uploads\/2024\/09\/Urgencias-unidad-hospitalaria-Manrique-2-1024x625.jpg 1024w, https:\/\/www.medellin.gov.co\/es\/wp-content\/uploads\/2024\/09\/Urgencias-unidad-hospitalaria-Manrique-2-150x92.jpg 150w, https:\/\/www.medellin.gov.co\/es\/wp-content\/uploads\/2024\/09\/Urgencias-unidad-hospitalaria-Manrique-2-768x468.jpg 768w\" sizes=\"(max-width: 1200px) 100vw, 1200px\" \/><\/a><p id=\"caption-attachment-349545\" class=\"wp-caption-text\">Desde hoy, las urgencias de la Unidad Hospitalaria de Manrique se atienden temporalmente en la Unidad Hospitalaria de Buenos Aires &#8211; Foto alcaldia de Medell\u00edn<\/p><\/div>\n<p class=\"p1\">El personal que estar\u00e1 a cargo proviene en un 50 % de la UH de Manrique y el\u00a050 % restante es talento humano nuevo que ha venido adelantando el proceso\u00a0de entrenamiento y que inicia turnos a partir de este 1 de octubre.<\/p>\n<p class=\"p1\">El paso provisional del servicio de urgencias de la UH de Manrique a la UH de\u00a0Buenos Aires comenz\u00f3 el pasado viernes 27 de septiembre y durante el fin de\u00a0semana cont\u00f3 con dos ambulancias para hacer el traslado de casos de mayor\u00a0complejidad entre ambos lugares.<\/p>\n<p class=\"p1\"><i>\u201cEsta apertura de servicios la hemos podido llevar a cabo gracias a que la\u00a0<\/i><i>intervenci\u00f3n de la infraestructura que estamos haciendo en la unidad hospitalaria\u00a0<\/i><i>de Manrique nos permite trasladar todo el equipo humano y toda la dotaci\u00f3n de\u00a0<\/i><i>las urgencias de Manrique, aqu\u00ed, al servicio de urgencias de Buenos Aires. Con\u00a0<\/i><i>ello vamos a poder trabajar durante los 4 o 5 meses que dure la intervenci\u00f3n en\u00a0<\/i><i>la unidad hospitalaria de Manrique en la puesta a punto en condiciones de\u00a0<\/i><i>habilitaci\u00f3n y calidad de la unidad hospitalaria de Buenos Aires\u201d, <\/i>dijo el\u00a0subgerente de la Red de Servicios de Metrosalud, Javier Antonio Guti\u00e9rrez\u00a0Rodas.<\/p>\n<p class=\"p1\">El objetivo de la ESE Metrosalud, adem\u00e1s de evolucionar en la calidad de la\u00a0prestaci\u00f3n de sus servicios, es que las urgencias en la UH de Buenos Aires\u00a0queden habilitadas nuevamente, de manera definitiva, cumpliendo con todas las\u00a0condiciones de calidad que exige la normatividad vigente, al momento en que\u00a0retorne el servicio de urgencias a Manrique.<\/p>\n<div id=\"attachment_349542\" style=\"width: 1210px\" class=\"wp-caption aligncenter\"><a href=\"https:\/\/www.medellin.gov.co\/es\/wp-content\/uploads\/2024\/09\/Urgencias-unidad-hospitalaria-Manrique-1.jpg\"><img aria-describedby=\"caption-attachment-349542\" loading=\"lazy\" class=\"wp-image-349542 size-full\" src=\"https:\/\/www.medellin.gov.co\/es\/wp-content\/uploads\/2024\/09\/Urgencias-unidad-hospitalaria-Manrique-1.jpg\" alt=\"Desde hoy, las urgencias de la Unidad Hospitalaria de Manrique se atienden temporalmente en la Unidad Hospitalaria de Buenos Aires\" width=\"1200\" height=\"799\" srcset=\"https:\/\/www.medellin.gov.co\/es\/wp-content\/uploads\/2024\/09\/Urgencias-unidad-hospitalaria-Manrique-1.jpg 1200w, https:\/\/www.medellin.gov.co\/es\/wp-content\/uploads\/2024\/09\/Urgencias-unidad-hospitalaria-Manrique-1-300x200.jpg 300w, https:\/\/www.medellin.gov.co\/es\/wp-content\/uploads\/2024\/09\/Urgencias-unidad-hospitalaria-Manrique-1-1024x682.jpg 1024w, https:\/\/www.medellin.gov.co\/es\/wp-content\/uploads\/2024\/09\/Urgencias-unidad-hospitalaria-Manrique-1-150x100.jpg 150w, https:\/\/www.medellin.gov.co\/es\/wp-content\/uploads\/2024\/09\/Urgencias-unidad-hospitalaria-Manrique-1-768x511.jpg 768w\" sizes=\"(max-width: 1200px) 100vw, 1200px\" \/><\/a><p id=\"caption-attachment-349542\" class=\"wp-caption-text\">Desde hoy, las urgencias de la Unidad Hospitalaria de Manrique se atienden temporalmente en la Unidad Hospitalaria de Buenos Aires &#8211; Foto alcaldia de Medell\u00edn<\/p><\/div>\n<p class=\"p1\">Desde hoy, los usuarios que requieran atenci\u00f3n en el servicio de urgencias de la\u00a0UH de Buenos Aires ser\u00e1n atendidos con unas condiciones tecnol\u00f3gicas\u00a0renovadas, un personal que ha sido recientemente actualizado en sus\u00a0conocimientos y en su entrenamiento, y en general con servicio de calidad,\u00a0humanizado, debido a las pol\u00edticas claras que tiene la ESE en las cuales prima el\u00a0trato amable, c\u00e1lido y seguro a las personas que asisten a consultar sobre sus\u00a0novedades de salud.<\/p>\n<p class=\"p1\"><i>\u201cLa atenci\u00f3n me pareci\u00f3 magn\u00edfica, atienden s\u00faperapido, vamos a ver c\u00f3mo me\u00a0<\/i><i>va con el paciente que traje, pero por el momento me han corrido mucho con \u00e9l,\u00a0<\/i><i>ya queda de parte de todos nosotros llegar a cuidar esta instituci\u00f3n. Lo novedoso\u00a0<\/i><i>es que qued\u00f3 muy bueno, qued\u00f3 muy bonito, en primer lugar; y en segundo\u00a0<\/i><i>lugar, que nos queda muy cerquita al barrio donde vivimos<\/i>\u201d, expres\u00f3 Mar\u00eda\u00a0Isabel P\u00e9rez, usuaria de urgencias de la UH Buenos Aires.<\/p>\n<p class=\"p1\">Este traslado se hace de forma temporal, para garantizar la continuidad y calidad\u00a0de la atenci\u00f3n a los usuarios del r\u00e9gimen subsidiado y contributivo de la EPS\u00a0Savia Salud y la poblaci\u00f3n de escasos recursos sin aseguramiento en salud,\u00a0mientras se realizan las intervenciones.<\/p>\n<p class=\"p1\">En cualquier caso, ante una situaci\u00f3n de salud que amerite una atenci\u00f3n\u00a0inmediata, los usuarios de Metrosalud pueden acudir a cualquier servicio de\u00a0urgencias de la red.<\/p>\n","protected":false},"excerpt":{"rendered":"<p>Este traslado provisional se da debido a la intervenci\u00f3n en la infraestructura de la UH de Manrique. Los servicios de urgencias que normalmente presta la Unidad Hospitalaria (UH) de Manrique fueron traslados el pasado fin &#8230;<\/p>\n","protected":false},"author":84,"featured_media":349548,"comment_status":"open","ping_status":"open","sticky":false,"template":"","format":"standard","meta":[],"categories":[17],"tags":[437,455,452],"formato_nota":[],"programas_tax":[],"acf":[],"_links":{"self":[{"href":"https:\/\/www.medellin.gov.co\/es\/wp-json\/wp\/v2\/posts\/349539"}],"collection":[{"href":"https:\/\/www.medellin.gov.co\/es\/wp-json\/wp\/v2\/posts"}],"about":[{"href":"https:\/\/www.medellin.gov.co\/es\/wp-json\/wp\/v2\/types\/post"}],"author":[{"embeddable":true,"href":"https:\/\/www.medellin.gov.co\/es\/wp-json\/wp\/v2\/users\/84"}],"replies":[{"embeddable":true,"href":"https:\/\/www.medellin.gov.co\/es\/wp-json\/wp\/v2\/comments?post=349539"}],"version-history":[{"count":2,"href":"https:\/\/www.medellin.gov.co\/es\/wp-json\/wp\/v2\/posts\/349539\/revisions"}],"predecessor-version":[{"id":349593,"href":"https:\/\/www.medellin.gov.co\/es\/wp-json\/wp\/v2\/posts\/349539\/revisions\/349593"}],"wp:featuredmedia":[{"embeddable":true,"href":"https:\/\/www.medellin.gov.co\/es\/wp-json\/wp\/v2\/media\/349548"}],"wp:attachment":[{"href":"https:\/\/www.medellin.gov.co\/es\/wp-json\/wp\/v2\/media?parent=349539"}],"wp:term":[{"taxonomy":"category","embeddable":true,"href":"https:\/\/www.medellin.gov.co\/es\/wp-json\/wp\/v2\/categories?post=349539"},{"taxonomy":"post_tag","embeddable":true,"href":"https:\/\/www.medellin.gov.co\/es\/wp-json\/wp\/v2\/tags?post=349539"},{"taxonomy":"formato_nota","embeddable":true,"href":"https:\/\/www.medellin.gov.co\/es\/wp-json\/wp\/v2\/formato_nota?post=349539"},{"taxonomy":"programas_tax","embeddable":true,"href":"https:\/\/www.medellin.gov.co\/es\/wp-json\/wp\/v2\/programas_tax?post=349539"}],"curies":[{"name":"wp","href":"https:\/\/api.w.org\/{rel}","templated":true}]}}