{"id":349553,"date":"2024-09-30T08:11:50","date_gmt":"2024-09-30T13:11:50","guid":{"rendered":"https:\/\/www.medellin.gov.co\/es\/?p=349553"},"modified":"2024-09-30T08:11:50","modified_gmt":"2024-09-30T13:11:50","slug":"alcaldia-fortalece-alianza-por-el-patrimonio-y-la-cultura-del-barrio-astorga-en-el-poblado","status":"publish","type":"post","link":"https:\/\/www.medellin.gov.co\/es\/sala-de-prensa\/noticias\/alcaldia-fortalece-alianza-por-el-patrimonio-y-la-cultura-del-barrio-astorga-en-el-poblado\/","title":{"rendered":"Alcald\u00eda fortalece alianza por el patrimonio y la cultura del barrio Astorga, en El Poblado"},"content":{"rendered":"<!--[if lt IE 9]><script>document.createElement('audio');<\/script><![endif]-->\n\t<div class=\"wp-playlist wp-audio-playlist wp-playlist-light\">\n\t\t\t<div class=\"wp-playlist-current-item\"><\/div>\n\t\t<audio controls=\"controls\" preload=\"none\" width=\"640\"\n\t\t\t><\/audio>\n\t<div class=\"wp-playlist-next\"><\/div>\n\t<div class=\"wp-playlist-prev\"><\/div>\n\t<noscript>\n\t<ol>\n\t\t<li><a href='https:\/\/www.medellin.gov.co\/es\/wp-content\/uploads\/2024\/09\/Alianza-por-el-patrimonio-y-la-cultura-barrio-astorga-01.mp3'>Palabras de Juliana Coral, gerente del Centro<\/a><\/li><li><a href='https:\/\/www.medellin.gov.co\/es\/wp-content\/uploads\/2024\/09\/Alianza-por-el-patrimonio-y-la-cultura-barrio-astorga-02.mp3'>Palabras de Alex\u00e1nder Jim\u00e9nez, representante Corporaci\u00f3n Astorga<\/a><\/li>\t<\/ol>\n\t<\/noscript>\n\t<script type=\"application\/json\" class=\"wp-playlist-script\">{\"type\":\"audio\",\"tracklist\":true,\"tracknumbers\":true,\"images\":true,\"artists\":true,\"tracks\":[{\"src\":\"https:\\\/\\\/www.medellin.gov.co\\\/es\\\/wp-content\\\/uploads\\\/2024\\\/09\\\/Alianza-por-el-patrimonio-y-la-cultura-barrio-astorga-01.mp3\",\"type\":\"audio\\\/mpeg\",\"title\":\"Palabras de Juliana Coral, gerente del Centro\",\"caption\":\"\",\"description\":\"\\u00abPalabras de Juliana Coral, gerente del Centro\\u00bb.\",\"meta\":{\"length_formatted\":\"1:05\"},\"image\":{\"src\":\"https:\\\/\\\/www.medellin.gov.co\\\/es\\\/wp-includes\\\/images\\\/media\\\/audio.png\",\"width\":48,\"height\":64},\"thumb\":{\"src\":\"https:\\\/\\\/www.medellin.gov.co\\\/es\\\/wp-includes\\\/images\\\/media\\\/audio.png\",\"width\":48,\"height\":64}},{\"src\":\"https:\\\/\\\/www.medellin.gov.co\\\/es\\\/wp-content\\\/uploads\\\/2024\\\/09\\\/Alianza-por-el-patrimonio-y-la-cultura-barrio-astorga-02.mp3\",\"type\":\"audio\\\/mpeg\",\"title\":\"Palabras de Alex\\u00e1nder Jim\\u00e9nez, representante Corporaci\\u00f3n Astorga\",\"caption\":\"\",\"description\":\"\\u00abPalabras de Alex\\u00e1nder Jim\\u00e9nez, representante Corporaci\\u00f3n Astorga\\u00bb.\",\"meta\":{\"length_formatted\":\"1:05\"},\"image\":{\"src\":\"https:\\\/\\\/www.medellin.gov.co\\\/es\\\/wp-includes\\\/images\\\/media\\\/audio.png\",\"width\":48,\"height\":64},\"thumb\":{\"src\":\"https:\\\/\\\/www.medellin.gov.co\\\/es\\\/wp-includes\\\/images\\\/media\\\/audio.png\",\"width\":48,\"height\":64}}]}<\/script>\n<\/div>\n\t\n<p class=\"p1\">La Gerencia del Centro y T erritorios Estrat\u00e9gicos y la Corporaci\u00f3n Astorga,\u00a0firmaron una alianza para trabajar articuladamente en iniciativas que permitan la\u00a0apropiaci\u00f3n de espacios p\u00fablicos, integrando el arte y la cultura.<\/p>\n<div id=\"attachment_349560\" style=\"width: 1210px\" class=\"wp-caption aligncenter\"><a href=\"https:\/\/www.medellin.gov.co\/es\/wp-content\/uploads\/2024\/09\/Alianza-por-el-patrimonio-y-la-cultura-barrio-astorga-2.jpg\" target=\"_blank\" rel=\"noopener\"><img aria-describedby=\"caption-attachment-349560\" loading=\"lazy\" class=\"wp-image-349560 size-full\" title=\"Alcald\u00eda fortalece alianza por el patrimonio y la cultura del barrio Astorga, en El Poblado\" src=\"https:\/\/www.medellin.gov.co\/es\/wp-content\/uploads\/2024\/09\/Alianza-por-el-patrimonio-y-la-cultura-barrio-astorga-2.jpg\" alt=\"Alcald\u00eda fortalece alianza por el patrimonio y la cultura del barrio Astorga, en El Poblado\" width=\"1200\" height=\"801\" srcset=\"https:\/\/www.medellin.gov.co\/es\/wp-content\/uploads\/2024\/09\/Alianza-por-el-patrimonio-y-la-cultura-barrio-astorga-2.jpg 1200w, https:\/\/www.medellin.gov.co\/es\/wp-content\/uploads\/2024\/09\/Alianza-por-el-patrimonio-y-la-cultura-barrio-astorga-2-300x200.jpg 300w, https:\/\/www.medellin.gov.co\/es\/wp-content\/uploads\/2024\/09\/Alianza-por-el-patrimonio-y-la-cultura-barrio-astorga-2-1024x684.jpg 1024w, https:\/\/www.medellin.gov.co\/es\/wp-content\/uploads\/2024\/09\/Alianza-por-el-patrimonio-y-la-cultura-barrio-astorga-2-150x100.jpg 150w, https:\/\/www.medellin.gov.co\/es\/wp-content\/uploads\/2024\/09\/Alianza-por-el-patrimonio-y-la-cultura-barrio-astorga-2-768x513.jpg 768w\" sizes=\"(max-width: 1200px) 100vw, 1200px\" \/><\/a><p id=\"caption-attachment-349560\" class=\"wp-caption-text\">Alcald\u00eda fortalece alianza por el patrimonio y la cultura del barrio Astorga, en El Poblado &#8211; Foto alcaldia de Medell\u00edn<\/p><\/div>\n<p class=\"p1\">Con esta alianza, se busca no solo revitalizar este sector de El Poblado, sino\u00a0tambi\u00e9n sensibilizar a la comunidad para que valore su patrimonio cultural y su\u00a0entorno.<\/p>\n<p class=\"p1\">La Gerencia y la Corporaci\u00f3n Astorga se comprometen a realizar campa\u00f1as de\u00a0sensibilizaci\u00f3n y difusi\u00f3n sobre la importancia del cuidado de este espacio.<\/p>\n\n\t\t<style type=\"text\/css\">\n\t\t\t#gallery-1 {\n\t\t\t\tmargin: auto;\n\t\t\t}\n\t\t\t#gallery-1 .gallery-item {\n\t\t\t\tfloat: left;\n\t\t\t\tmargin-top: 10px;\n\t\t\t\ttext-align: center;\n\t\t\t\twidth: 50%;\n\t\t\t}\n\t\t\t#gallery-1 img {\n\t\t\t\tborder: 2px solid #cfcfcf;\n\t\t\t}\n\t\t\t#gallery-1 .gallery-caption {\n\t\t\t\tmargin-left: 0;\n\t\t\t}\n\t\t\t\/* see gallery_shortcode() in wp-includes\/media.php *\/\n\t\t<\/style>\n\t\t<div id='gallery-1' class='gallery galleryid-349553 gallery-columns-2 gallery-size-large'><dl class='gallery-item'>\n\t\t\t<dt class='gallery-icon landscape'>\n\t\t\t\t<a href='https:\/\/www.medellin.gov.co\/es\/sala-de-prensa\/noticias\/alcaldia-fortalece-alianza-por-el-patrimonio-y-la-cultura-del-barrio-astorga-en-el-poblado\/alianza-por-el-patrimonio-y-la-cultura-barrio-astorga-3\/'><img width=\"1024\" height=\"768\" src=\"https:\/\/www.medellin.gov.co\/es\/wp-content\/uploads\/2024\/09\/Alianza-por-el-patrimonio-y-la-cultura-barrio-astorga-3-1024x768.jpg\" class=\"attachment-large size-large\" alt=\"Alcald\u00eda fortalece alianza por el patrimonio y la cultura del barrio Astorga, en El Poblado\" loading=\"lazy\" aria-describedby=\"gallery-1-349562\" srcset=\"https:\/\/www.medellin.gov.co\/es\/wp-content\/uploads\/2024\/09\/Alianza-por-el-patrimonio-y-la-cultura-barrio-astorga-3-1024x768.jpg 1024w, https:\/\/www.medellin.gov.co\/es\/wp-content\/uploads\/2024\/09\/Alianza-por-el-patrimonio-y-la-cultura-barrio-astorga-3-300x225.jpg 300w, https:\/\/www.medellin.gov.co\/es\/wp-content\/uploads\/2024\/09\/Alianza-por-el-patrimonio-y-la-cultura-barrio-astorga-3-150x113.jpg 150w, https:\/\/www.medellin.gov.co\/es\/wp-content\/uploads\/2024\/09\/Alianza-por-el-patrimonio-y-la-cultura-barrio-astorga-3-768x576.jpg 768w, https:\/\/www.medellin.gov.co\/es\/wp-content\/uploads\/2024\/09\/Alianza-por-el-patrimonio-y-la-cultura-barrio-astorga-3.jpg 1200w\" sizes=\"(max-width: 1024px) 100vw, 1024px\" \/><\/a>\n\t\t\t<\/dt>\n\t\t\t\t<dd class='wp-caption-text gallery-caption' id='gallery-1-349562'>\n\t\t\t\tAlcald\u00eda fortalece alianza por el patrimonio y la cultura del barrio Astorga, en El Poblado &#8211; Foto alcaldia de Medell\u00edn\n\t\t\t\t<\/dd><\/dl><dl class='gallery-item'>\n\t\t\t<dt class='gallery-icon landscape'>\n\t\t\t\t<a href='https:\/\/www.medellin.gov.co\/es\/sala-de-prensa\/noticias\/alcaldia-fortalece-alianza-por-el-patrimonio-y-la-cultura-del-barrio-astorga-en-el-poblado\/alianza-por-el-patrimonio-y-la-cultura-barrio-astorga-4\/'><img width=\"1024\" height=\"576\" src=\"https:\/\/www.medellin.gov.co\/es\/wp-content\/uploads\/2024\/09\/Alianza-por-el-patrimonio-y-la-cultura-barrio-astorga-4-1024x576.jpg\" class=\"attachment-large size-large\" alt=\"Alcald\u00eda fortalece alianza por el patrimonio y la cultura del barrio Astorga, en El Poblado\" loading=\"lazy\" aria-describedby=\"gallery-1-349564\" srcset=\"https:\/\/www.medellin.gov.co\/es\/wp-content\/uploads\/2024\/09\/Alianza-por-el-patrimonio-y-la-cultura-barrio-astorga-4-1024x576.jpg 1024w, https:\/\/www.medellin.gov.co\/es\/wp-content\/uploads\/2024\/09\/Alianza-por-el-patrimonio-y-la-cultura-barrio-astorga-4-300x169.jpg 300w, https:\/\/www.medellin.gov.co\/es\/wp-content\/uploads\/2024\/09\/Alianza-por-el-patrimonio-y-la-cultura-barrio-astorga-4-150x84.jpg 150w, https:\/\/www.medellin.gov.co\/es\/wp-content\/uploads\/2024\/09\/Alianza-por-el-patrimonio-y-la-cultura-barrio-astorga-4-768x432.jpg 768w, https:\/\/www.medellin.gov.co\/es\/wp-content\/uploads\/2024\/09\/Alianza-por-el-patrimonio-y-la-cultura-barrio-astorga-4.jpg 1200w\" sizes=\"(max-width: 1024px) 100vw, 1024px\" \/><\/a>\n\t\t\t<\/dt>\n\t\t\t\t<dd class='wp-caption-text gallery-caption' id='gallery-1-349564'>\n\t\t\t\tAlcald\u00eda fortalece alianza por el patrimonio y la cultura del barrio Astorga, en El Poblado &#8211; Foto alcaldia de Medell\u00edn\n\t\t\t\t<\/dd><\/dl><br style=\"clear: both\" \/>\n\t\t<\/div>\n\n<p class=\"p1\">Adem\u00e1s, unir\u00e1n esfuerzos con organizaciones comunitarias, empresas locales,\u00a0ciudadanos y diversos actores para llevar a cabo eventos y proyectos que\u00a0involucren a artistas y creativos en la revitalizaci\u00f3n de espacios p\u00fablicos y\u00a0patrimoniales.<\/p>\n","protected":false},"excerpt":{"rendered":"<p>La Gerencia del Centro y T erritorios Estrat\u00e9gicos y la Corporaci\u00f3n Astorga,\u00a0firmaron una alianza para trabajar articuladamente en iniciativas que permitan la\u00a0apropiaci\u00f3n de espacios p\u00fablicos, integrando el arte y la cultura. Con esta alianza, se &#8230;<\/p>\n","protected":false},"author":84,"featured_media":349556,"comment_status":"open","ping_status":"open","sticky":false,"template":"","format":"standard","meta":[],"categories":[23],"tags":[444,455],"formato_nota":[],"programas_tax":[],"acf":[],"_links":{"self":[{"href":"https:\/\/www.medellin.gov.co\/es\/wp-json\/wp\/v2\/posts\/349553"}],"collection":[{"href":"https:\/\/www.medellin.gov.co\/es\/wp-json\/wp\/v2\/posts"}],"about":[{"href":"https:\/\/www.medellin.gov.co\/es\/wp-json\/wp\/v2\/types\/post"}],"author":[{"embeddable":true,"href":"https:\/\/www.medellin.gov.co\/es\/wp-json\/wp\/v2\/users\/84"}],"replies":[{"embeddable":true,"href":"https:\/\/www.medellin.gov.co\/es\/wp-json\/wp\/v2\/comments?post=349553"}],"version-history":[{"count":1,"href":"https:\/\/www.medellin.gov.co\/es\/wp-json\/wp\/v2\/posts\/349553\/revisions"}],"predecessor-version":[{"id":349565,"href":"https:\/\/www.medellin.gov.co\/es\/wp-json\/wp\/v2\/posts\/349553\/revisions\/349565"}],"wp:featuredmedia":[{"embeddable":true,"href":"https:\/\/www.medellin.gov.co\/es\/wp-json\/wp\/v2\/media\/349556"}],"wp:attachment":[{"href":"https:\/\/www.medellin.gov.co\/es\/wp-json\/wp\/v2\/media?parent=349553"}],"wp:term":[{"taxonomy":"category","embeddable":true,"href":"https:\/\/www.medellin.gov.co\/es\/wp-json\/wp\/v2\/categories?post=349553"},{"taxonomy":"post_tag","embeddable":true,"href":"https:\/\/www.medellin.gov.co\/es\/wp-json\/wp\/v2\/tags?post=349553"},{"taxonomy":"formato_nota","embeddable":true,"href":"https:\/\/www.medellin.gov.co\/es\/wp-json\/wp\/v2\/formato_nota?post=349553"},{"taxonomy":"programas_tax","embeddable":true,"href":"https:\/\/www.medellin.gov.co\/es\/wp-json\/wp\/v2\/programas_tax?post=349553"}],"curies":[{"name":"wp","href":"https:\/\/api.w.org\/{rel}","templated":true}]}}