{"id":35012,"date":"2020-03-05T00:00:00","date_gmt":"2020-03-05T05:00:00","guid":{"rendered":"https:\/\/www.medellin.gov.co\/es\/saladeprensa\/noticias\/alcaldia-de-medellin-invita-a-completar-los-esquemas-de-vacunacion\/"},"modified":"2022-03-27T22:55:44","modified_gmt":"2022-03-28T03:55:44","slug":"alcaldia-de-medellin-invita-a-completar-los-esquemas-de-vacunacion","status":"publish","type":"post","link":"https:\/\/www.medellin.gov.co\/es\/sala-de-prensa\/noticias\/alcaldia-de-medellin-invita-a-completar-los-esquemas-de-vacunacion\/","title":{"rendered":"Alcald\u00eda de Medell\u00edn invita a completar los esquemas de vacunaci\u00f3n"},"content":{"rendered":"<div class=\"wrap contenido\">\n<div class=\"noticia\">\n<div class=\"imagen\">\n<div class=\"divContImageNoticia\" style=\"background-image:url('\/irj\/go\/km\/docs\/galerias\/Imagenes\/Medellin saludable\/500_400\/20190206_VacunacioMias2.jpg')\" rel=\"\/irj\/go\/km\/docs\/galerias\/Imagenes\/Medellin saludable\/500_400\/20190206_VacunacioMias2.jpg\"><span style=\"display:none\"\/><\/div>\n<p>Foto de archivo.<\/p>\n<p>Foto Secretar\u00eda de Salud<\/p><\/div>\n<p class=\"fecha\"><span>2020-03-05<\/span><\/p>\n<p itemprop=\"name\">Alcald\u00eda de Medell\u00edn invita a completar los esquemas de vacunaci\u00f3n<\/p>\n<p>Por Clara Isabel Arroyave.<\/p>\n<div class=\"cuerpo\">\n<p><p>.: La ciudad cuenta con 100 puntos de vacunaci&oacute;n, ubicados en comunas y corregimientos.<br \/>.: La atenci&oacute;n es gratuita y busca proteger contra 26 enfermedades, entre ellas varicela, rub&eacute;ola y sarampi&oacute;n.<br \/>.: De las vacunas que se dejaron de aplicar en 2019, el 58 % corresponde a ni&ntilde;os de hasta 1 a&ntilde;o de edad.<br \/>.: (Audio)&nbsp;<a target=\"_blank\" href=\"\/irj\/go\/km\/docs\/pccdesign\/medellin\/Temas\/Salud_0\/Noticias\/Shared Content\/Documentos\/2019\/20200305_Vacunacion.mp3\" rel=\"noopener\"><span style=\"color: #0000ff;\">Declaraciones Ruth Alicia Cadena, coordinadora del programa de vacunaci&oacute;n de Medell&iacute;n.<\/span><\/a><\/p>\n<p>Ante los casos de menores que solo cuentan con las vacunas aplicadas al nacer, la Alcald&iacute;a de Medell&iacute;n hace un llamado para que los padres de familia revisen los esquemas de vacunaci&oacute;n de sus hijos con el fin de completarlos y mantenerlos al d&iacute;a. Algunas de estas dosis reciben el nombre de refuerzos porque reactivan las defensas, por lo que es indispensable garantizar su aplicaci&oacute;n.<\/p>\n<p>&ldquo;Los esquemas de vacunaci&oacute;n hay que terminarlos para que los ni&ntilde;os tengan las defensas que se requieren para evitar enfermedades&rdquo;, expres&oacute; la coordinadora del programa de vacunaci&oacute;n de la Secretar&iacute;a de Salud, Ruth Alicia Cadena.<\/p>\n<p>Las autoridades de salud recuerdan que se deben aplicar dos dosis contra el virus de papiloma humano (VPH) a las ni&ntilde;as de 9 a 18 a&ntilde;os, cinco dosis de t&eacute;tano y difteria a las mujeres de 10 a 49 a&ntilde;os y una dosis de t&eacute;tano, difteria y tosferina a las embarazadas.<\/p>\n<p>Los menores de seis a&ntilde;os se deben vacunar a los 2, 4, 6 y 7 meses, al a&ntilde;o, al a&ntilde;o y medio y a los 5 a&ntilde;os. En caso de retraso, el esquema se debe realizar en el menor tiempo posible.<\/p>\n<p>Sin importar su nacionalidad, las personas pueden acercarse a cualquiera de los 100 puntos gratuitos de vacunaci&oacute;n, ubicados en todas las comunas y corregimientos.<\/p>\n<p>&ldquo;Nosotros hacemos el esfuerzo por tener los biol&oacute;gicos, las vacunas y abrir los puntos de atenci&oacute;n en vacunaci&oacute;n, pero necesitamos del compromiso de los padres y cuidadores&rdquo;, agreg&oacute; la coordinadora.<\/p>\n<p>Con la aplicaci&oacute;n de 21 vacunas que protegen contra 26 enfermedades, Colombia cuenta con uno de los esquemas m&aacute;s completos de Latinoam&eacute;rica.<\/p>\n<p>Para aclarar inquietudes, las personas se pueden comunicar a la l&iacute;nea amiga 4444448 o a la l&iacute;nea de atenci&oacute;n ciudadana de la Alcald&iacute;a de Medell&iacute;n 4444144.<\/p>\n<\/p>\n<p><span style=\"display:none\"\/><\/div>\n<div class=\"tituloArchAmpliada\">Multimedia<\/div>\n<div class=\"compartir\">Compartir en: <a title=\"\" href=\"http:\/\/www.facebook.com\/share.php?u=\" class=\"btCompartirFacebook btCompartir\" target=\"_blank\" rel=\"noopener\"><a title=\"\" href=\"http:\/\/twitter.com\/home?status=Haz%20clic%20para%20ver%20esta%20noticia%20en%20\" class=\"btCompartirTwitter btCompartir\"\/><a title=\"\" href=\"whatsapp:\/\/send?text=Haz%20clic%20para%20ver%20esta%20noticia%20en%20\" class=\"btCompartirWa btCompartir\"\/><\/div>\n<\/div>\n<p><script>try{comprobarImagen();fixBtnRedes();hitsMedellin();}catch(e){}<\/script><\/div>\n","protected":false},"excerpt":{"rendered":"<p>Foto de archivo. Foto Secretar\u00eda de Salud 2020-03-05 Alcald\u00eda de Medell\u00edn invita a completar los esquemas de vacunaci\u00f3n Por Clara Isabel Arroyave. .: La ciudad cuenta con 100 puntos de vacunaci&oacute;n, ubicados en comunas y &#8230;<\/p>\n","protected":false},"author":1,"featured_media":59311,"comment_status":"open","ping_status":"open","sticky":false,"template":"","format":"standard","meta":[],"categories":[293,8,18],"tags":[453,435,426,455,450,452],"formato_nota":[],"programas_tax":[],"acf":[],"_links":{"self":[{"href":"https:\/\/www.medellin.gov.co\/es\/wp-json\/wp\/v2\/posts\/35012"}],"collection":[{"href":"https:\/\/www.medellin.gov.co\/es\/wp-json\/wp\/v2\/posts"}],"about":[{"href":"https:\/\/www.medellin.gov.co\/es\/wp-json\/wp\/v2\/types\/post"}],"author":[{"embeddable":true,"href":"https:\/\/www.medellin.gov.co\/es\/wp-json\/wp\/v2\/users\/1"}],"replies":[{"embeddable":true,"href":"https:\/\/www.medellin.gov.co\/es\/wp-json\/wp\/v2\/comments?post=35012"}],"version-history":[{"count":1,"href":"https:\/\/www.medellin.gov.co\/es\/wp-json\/wp\/v2\/posts\/35012\/revisions"}],"predecessor-version":[{"id":46769,"href":"https:\/\/www.medellin.gov.co\/es\/wp-json\/wp\/v2\/posts\/35012\/revisions\/46769"}],"wp:featuredmedia":[{"embeddable":true,"href":"https:\/\/www.medellin.gov.co\/es\/wp-json\/wp\/v2\/media\/59311"}],"wp:attachment":[{"href":"https:\/\/www.medellin.gov.co\/es\/wp-json\/wp\/v2\/media?parent=35012"}],"wp:term":[{"taxonomy":"category","embeddable":true,"href":"https:\/\/www.medellin.gov.co\/es\/wp-json\/wp\/v2\/categories?post=35012"},{"taxonomy":"post_tag","embeddable":true,"href":"https:\/\/www.medellin.gov.co\/es\/wp-json\/wp\/v2\/tags?post=35012"},{"taxonomy":"formato_nota","embeddable":true,"href":"https:\/\/www.medellin.gov.co\/es\/wp-json\/wp\/v2\/formato_nota?post=35012"},{"taxonomy":"programas_tax","embeddable":true,"href":"https:\/\/www.medellin.gov.co\/es\/wp-json\/wp\/v2\/programas_tax?post=35012"}],"curies":[{"name":"wp","href":"https:\/\/api.w.org\/{rel}","templated":true}]}}