{"id":35031,"date":"2020-02-05T00:00:00","date_gmt":"2020-02-05T05:00:00","guid":{"rendered":"https:\/\/www.medellin.gov.co\/es\/saladeprensa\/noticias\/en-el-dia-mundial-contra-el-cancer-la-alcaldia-de-medellin-hace-un-llamado-a-la-prevencion\/"},"modified":"2022-03-27T22:56:01","modified_gmt":"2022-03-28T03:56:01","slug":"en-el-dia-mundial-contra-el-cancer-la-alcaldia-de-medellin-hace-un-llamado-a-la-prevencion","status":"publish","type":"post","link":"https:\/\/www.medellin.gov.co\/es\/sala-de-prensa\/noticias\/en-el-dia-mundial-contra-el-cancer-la-alcaldia-de-medellin-hace-un-llamado-a-la-prevencion\/","title":{"rendered":"En el d\u00eda mundial contra el c\u00e1ncer, la Alcald\u00eda de Medell\u00edn hace un llamado a la prevenci\u00f3n"},"content":{"rendered":"<div class=\"wrap contenido\">\n<div class=\"noticia\">\n<div class=\"imagen\">\n<div class=\"divContImageNoticia\" style=\"background-image:url('\/irj\/go\/km\/docs\/galerias\/Imagenes\/Medellin saludable\/500_400\/05.10.2017Laboratorio.jpg')\" rel=\"\/irj\/go\/km\/docs\/galerias\/Imagenes\/Medellin saludable\/500_400\/05.10.2017Laboratorio.jpg\"><span style=\"display:none\"\/><\/div>\n<p>Laboratorio<\/p>\n<p>Secretar\u00eda de Salud<\/p><\/div>\n<p class=\"fecha\"><span>2020-02-04<\/span><\/p>\n<p itemprop=\"name\">En el d\u00eda mundial contra el c\u00e1ncer, la Alcald\u00eda de Medell\u00edn hace un llamado a la prevenci\u00f3n<\/p>\n<p>Por Clara Isabel Arroyave<\/p>\n<div class=\"cuerpo\">\n<p><p>&#8211; Cerca del 40 % de los casos se pueden evitar al reducir los factores de riesgo.<br \/>&#8211; El c&aacute;ncer es la segunda causa de muerte en el mundo.<br \/>&#8211; Al a&ntilde;o fallecen 9,6 millones de personas en el planeta por esta enfermedad.<\/p>\n<p>Este martes, 4 de febrero, la Alcald&iacute;a de Medell&iacute;n se une al d&iacute;a mundial contra el c&aacute;ncer, una iniciativa que convoca a las personas para que tomen acciones, se unan a esta causa y prevengan las enfermedades oncol&oacute;gicas.<\/p>\n<p>De acuerdo con la Organizaci&oacute;n Mundial de la Salud (OMS), cada a&ntilde;o fallecen de c&aacute;ncer 9,6 millones de personas. Se estima que para 2040, la cifra aumente y alcance los 16,5 millones si no se act&uacute;a a tiempo. Esta es la segunda causa de muerte en el mundo.<\/p>\n<p>La secretaria de Salud, Andree Uribe Montoya, dijo que &ldquo;sabemos que detr&aacute;s de cada caso hay una historia, la cual se puede contar de otra manera si actuamos a tiempo, porque la prevenci&oacute;n est&aacute; en nuestras manos&rdquo;.&nbsp;<\/p>\n<p>El c&aacute;ncer de pulm&oacute;n, el colorrectal, el de mama y el c&aacute;ncer en ni&ntilde;os son los m&aacute;s frecuentes en Medell&iacute;n.&nbsp;<\/p>\n<p>La detecci&oacute;n temprana salva vidas, por eso es importante consultar a tiempo y estar alerta ante se&ntilde;ales como: p&eacute;rdida de peso no intencional e inesperada en un periodo corto de tiempo; bultos o hinchazones inusuales que pueden incrementar de tama&ntilde;o; tos persistente; dificultad para respirar o tragar; acidez o indigesti&oacute;n constante y dolorosa; cambios en los h&aacute;bitos intestinales como constipaci&oacute;n, diarrea o sangre en las deposiciones; sangrado inesperado y cambios en la piel, el tama&ntilde;o o la forma del seno.&nbsp;<\/p>\n<p>La Administraci&oacute;n Municipal recomienda no postergar las citas m&eacute;dicas, asistir a los controles a tiempo y estar siempre atento a cualquier signo de alerta; realizar actividad f&iacute;sica; no fumar; alimentarse sanamente y comer frutas y verduras; adem&aacute;s de vacunarse contra el VPH.<\/p>\n<\/p>\n<p><span style=\"display:none\"\/><\/div>\n<div class=\"compartir\">Compartir en: <a title=\"\" href=\"http:\/\/www.facebook.com\/share.php?u=\" class=\"btCompartirFacebook btCompartir\" target=\"_blank\" rel=\"noopener\"><a title=\"\" href=\"http:\/\/twitter.com\/home?status=Haz%20clic%20para%20ver%20esta%20noticia%20en%20\" class=\"btCompartirTwitter btCompartir\"\/><a title=\"\" href=\"whatsapp:\/\/send?text=Haz%20clic%20para%20ver%20esta%20noticia%20en%20\" class=\"btCompartirWa btCompartir\"\/><\/div>\n<\/div>\n<p><script>try{comprobarImagen();fixBtnRedes();hitsMedellin();}catch(e){}<\/script><\/div>\n","protected":false},"excerpt":{"rendered":"<p>Laboratorio Secretar\u00eda de Salud 2020-02-04 En el d\u00eda mundial contra el c\u00e1ncer, la Alcald\u00eda de Medell\u00edn hace un llamado a la prevenci\u00f3n Por Clara Isabel Arroyave &#8211; Cerca del 40 % de los casos se &#8230;<\/p>\n","protected":false},"author":1,"featured_media":59326,"comment_status":"open","ping_status":"open","sticky":false,"template":"","format":"standard","meta":[],"categories":[18],"tags":[426,455,450,452],"formato_nota":[],"programas_tax":[],"acf":[],"_links":{"self":[{"href":"https:\/\/www.medellin.gov.co\/es\/wp-json\/wp\/v2\/posts\/35031"}],"collection":[{"href":"https:\/\/www.medellin.gov.co\/es\/wp-json\/wp\/v2\/posts"}],"about":[{"href":"https:\/\/www.medellin.gov.co\/es\/wp-json\/wp\/v2\/types\/post"}],"author":[{"embeddable":true,"href":"https:\/\/www.medellin.gov.co\/es\/wp-json\/wp\/v2\/users\/1"}],"replies":[{"embeddable":true,"href":"https:\/\/www.medellin.gov.co\/es\/wp-json\/wp\/v2\/comments?post=35031"}],"version-history":[{"count":1,"href":"https:\/\/www.medellin.gov.co\/es\/wp-json\/wp\/v2\/posts\/35031\/revisions"}],"predecessor-version":[{"id":46801,"href":"https:\/\/www.medellin.gov.co\/es\/wp-json\/wp\/v2\/posts\/35031\/revisions\/46801"}],"wp:featuredmedia":[{"embeddable":true,"href":"https:\/\/www.medellin.gov.co\/es\/wp-json\/wp\/v2\/media\/59326"}],"wp:attachment":[{"href":"https:\/\/www.medellin.gov.co\/es\/wp-json\/wp\/v2\/media?parent=35031"}],"wp:term":[{"taxonomy":"category","embeddable":true,"href":"https:\/\/www.medellin.gov.co\/es\/wp-json\/wp\/v2\/categories?post=35031"},{"taxonomy":"post_tag","embeddable":true,"href":"https:\/\/www.medellin.gov.co\/es\/wp-json\/wp\/v2\/tags?post=35031"},{"taxonomy":"formato_nota","embeddable":true,"href":"https:\/\/www.medellin.gov.co\/es\/wp-json\/wp\/v2\/formato_nota?post=35031"},{"taxonomy":"programas_tax","embeddable":true,"href":"https:\/\/www.medellin.gov.co\/es\/wp-json\/wp\/v2\/programas_tax?post=35031"}],"curies":[{"name":"wp","href":"https:\/\/api.w.org\/{rel}","templated":true}]}}