{"id":350481,"date":"2024-10-03T06:47:35","date_gmt":"2024-10-03T11:47:35","guid":{"rendered":"https:\/\/www.medellin.gov.co\/es\/?p=350481"},"modified":"2024-10-03T06:47:35","modified_gmt":"2024-10-03T11:47:35","slug":"las-startups-de-colombia-se-conectan-en-medellin-con-mas-de-60-inversionistas-de-22-paises","status":"publish","type":"post","link":"https:\/\/www.medellin.gov.co\/es\/sala-de-prensa\/noticias\/las-startups-de-colombia-se-conectan-en-medellin-con-mas-de-60-inversionistas-de-22-paises\/","title":{"rendered":"Las startups de Colombia se conectan en Medell\u00edn con m\u00e1s de 60 inversionistas de 22 pa\u00edses"},"content":{"rendered":"<ul>\n<li class=\"p1\"><b>Esta primera edici\u00f3n inici\u00f3 hoy en Plaza Mayor y ser\u00e1 hasta el pr\u00f3ximo <\/b><b>viernes.<\/b><\/li>\n<li class=\"p1\"><b>El encuentro busca posicionar a la ciudad y a Colombia como epicentro <\/b><b>del emprendimiento en Am\u00e9rica Latina.<\/b><\/li>\n<li class=\"p1\"><b>Se espera la participaci\u00f3n de m\u00e1s de 15.000 personas.<\/b><\/li>\n<\/ul>\n<!--[if lt IE 9]><script>document.createElement('audio');<\/script><![endif]-->\n\t<div class=\"wp-playlist wp-audio-playlist wp-playlist-light\">\n\t\t\t<div class=\"wp-playlist-current-item\"><\/div>\n\t\t<audio controls=\"controls\" preload=\"none\" width=\"640\"\n\t\t\t><\/audio>\n\t<div class=\"wp-playlist-next\"><\/div>\n\t<div class=\"wp-playlist-prev\"><\/div>\n\t<noscript>\n\t<ol>\n\t\t<li><a href='https:\/\/www.medellin.gov.co\/es\/wp-content\/uploads\/2024\/10\/Startups-se-conectan-medellin-01.mp3'>Palabras de Federico Guti\u00e9rrez Zuluaga, alcalde de Medell\u00edn<\/a><\/li><li><a href='https:\/\/www.medellin.gov.co\/es\/wp-content\/uploads\/2024\/10\/Startups-se-conectan-medellin-02.mp3'>Palabras de Tom\u00e1s R\u00edos, director de On.going, Centro de Emprendimiento de Impacto de la Universidad EAFIT, y cofundador de Conexi\u00f3n<\/a><\/li>\t<\/ol>\n\t<\/noscript>\n\t<script type=\"application\/json\" class=\"wp-playlist-script\">{\"type\":\"audio\",\"tracklist\":true,\"tracknumbers\":true,\"images\":true,\"artists\":true,\"tracks\":[{\"src\":\"https:\\\/\\\/www.medellin.gov.co\\\/es\\\/wp-content\\\/uploads\\\/2024\\\/10\\\/Startups-se-conectan-medellin-01.mp3\",\"type\":\"audio\\\/mpeg\",\"title\":\"Palabras de Federico Guti\\u00e9rrez Zuluaga, alcalde de Medell\\u00edn\",\"caption\":\"\",\"description\":\"\\u00abPalabras de Federico Guti\\u00e9rrez Zuluaga, alcalde de Medell\\u00edn\\u00bb.\",\"meta\":{\"length_formatted\":\"3:04\"},\"image\":{\"src\":\"https:\\\/\\\/www.medellin.gov.co\\\/es\\\/wp-includes\\\/images\\\/media\\\/audio.png\",\"width\":48,\"height\":64},\"thumb\":{\"src\":\"https:\\\/\\\/www.medellin.gov.co\\\/es\\\/wp-includes\\\/images\\\/media\\\/audio.png\",\"width\":48,\"height\":64}},{\"src\":\"https:\\\/\\\/www.medellin.gov.co\\\/es\\\/wp-content\\\/uploads\\\/2024\\\/10\\\/Startups-se-conectan-medellin-02.mp3\",\"type\":\"audio\\\/mpeg\",\"title\":\"Palabras de Tom\\u00e1s R\\u00edos, director de On.going, Centro de Emprendimiento de Impacto de la Universidad EAFIT, y cofundador de Conexi\\u00f3n\",\"caption\":\"\",\"description\":\"\\u00abPalabras de Tom\\u00e1s R\\u00edos, director de On.going, Centro de Emprendimiento de Impacto de la Universidad EAFIT, y cofundador de Conexi\\u00f3n\\u00bb.\",\"meta\":{\"year\":\"2024\",\"length_formatted\":\"0:52\"},\"image\":{\"src\":\"https:\\\/\\\/www.medellin.gov.co\\\/es\\\/wp-includes\\\/images\\\/media\\\/audio.png\",\"width\":48,\"height\":64},\"thumb\":{\"src\":\"https:\\\/\\\/www.medellin.gov.co\\\/es\\\/wp-includes\\\/images\\\/media\\\/audio.png\",\"width\":48,\"height\":64}}]}<\/script>\n<\/div>\n\t\n<p class=\"p1\">A partir de hoy, Medell\u00edn es la sede de Conexi\u00f3n: Entrepreneur Summit, un\u00a0evento que re\u00fane a los startups de Colombia con m\u00e1s de 60 inversionistas de los\u00a0principales fondos de 22 pa\u00edses; adem\u00e1s tendr\u00e1 espacios acad\u00e9micos\u00a0acompa\u00f1ados por m\u00e1s de 30 conferencistas nacionales e internacionales.<\/p>\n<div id=\"attachment_350482\" style=\"width: 1210px\" class=\"wp-caption aligncenter\"><a href=\"https:\/\/www.medellin.gov.co\/es\/wp-content\/uploads\/2024\/10\/Startups-se-conectan-medellin-1.jpg\" target=\"_blank\" rel=\"noopener\"><img aria-describedby=\"caption-attachment-350482\" loading=\"lazy\" class=\"wp-image-350482 size-full\" title=\"Las startups de Colombia se conectan en Medell\u00edn con m\u00e1s de 60 inversionistas de 22 pa\u00edses\" src=\"https:\/\/www.medellin.gov.co\/es\/wp-content\/uploads\/2024\/10\/Startups-se-conectan-medellin-1.jpg\" alt=\"Las startups de Colombia se conectan en Medell\u00edn con m\u00e1s de 60 inversionistas de 22 pa\u00edses\" width=\"1200\" height=\"799\" srcset=\"https:\/\/www.medellin.gov.co\/es\/wp-content\/uploads\/2024\/10\/Startups-se-conectan-medellin-1.jpg 1200w, https:\/\/www.medellin.gov.co\/es\/wp-content\/uploads\/2024\/10\/Startups-se-conectan-medellin-1-300x200.jpg 300w, https:\/\/www.medellin.gov.co\/es\/wp-content\/uploads\/2024\/10\/Startups-se-conectan-medellin-1-1024x682.jpg 1024w, https:\/\/www.medellin.gov.co\/es\/wp-content\/uploads\/2024\/10\/Startups-se-conectan-medellin-1-150x100.jpg 150w, https:\/\/www.medellin.gov.co\/es\/wp-content\/uploads\/2024\/10\/Startups-se-conectan-medellin-1-768x511.jpg 768w\" sizes=\"(max-width: 1200px) 100vw, 1200px\" \/><\/a><p id=\"caption-attachment-350482\" class=\"wp-caption-text\">Las startups de Colombia se conectan en Medell\u00edn con m\u00e1s de 60 inversionistas de 22 pa\u00edses &#8211; Foto alcaldia de Medell\u00edn<\/p><\/div>\n<p class=\"p1\">La Administraci\u00f3n Distrital se une a la organizaci\u00f3n de este encuentro, junto a\u00a0las universidades EAFIT , CES, EIA, adem\u00e1s de Ruta N, Plaza Mayor y\u00a0D&#8217;Groupe.<\/p>\n<p class=\"p1\">La apuesta del Distrito es avanzar en una estrategia integral de atracci\u00f3n y\u00a0fortalecimiento de este tipo de eventos que posicionen a Medell\u00edn en el mapa de\u00a0emprendimiento, permitan atraer inversi\u00f3n y generen acceso a nuevos\u00a0mercados. Esto es posible gracias al trabajo articulado entre el sector p\u00fablico, el\u00a0privado y la academia.<\/p>\n<p class=\"p1\"><i>\u201cNos so\u00f1amos con mostrarle a Am\u00e9rica Latina c\u00f3mo se dise\u00f1a la ciudad del\u00a0<\/i><i>futuro, a trav\u00e9s de la sostenibilidad, de la innovaci\u00f3n, de la ciencia y la\u00a0<\/i><i>tecnolog\u00eda, y el papel que tiene EPM en c\u00f3mo vamos a testear las nuevas\u00a0<\/i><i>tecnolog\u00edas en la zona norte de la ciudad. Esto a trav\u00e9s de eficiencia energ\u00e9tica,\u00a0<\/i><i>aprovechamiento de aguas lluvias, manejo de residuos s\u00f3lidos con un modelo de\u00a0<\/i><i>econom\u00eda circular y tecnolog\u00eda para la seguridad\u201d, <\/i>dijo el alcalde Federico\u00a0Guti\u00e9rrez Zuluaga.<\/p>\n<div id=\"attachment_350490\" style=\"width: 1210px\" class=\"wp-caption aligncenter\"><a href=\"https:\/\/www.medellin.gov.co\/es\/wp-content\/uploads\/2024\/10\/Startups-se-conectan-medellin-3.jpg\" target=\"_blank\" rel=\"noopener\"><img aria-describedby=\"caption-attachment-350490\" loading=\"lazy\" class=\"wp-image-350490 size-full\" title=\"Las startups de Colombia se conectan en Medell\u00edn con m\u00e1s de 60 inversionistas de 22 pa\u00edses\" src=\"https:\/\/www.medellin.gov.co\/es\/wp-content\/uploads\/2024\/10\/Startups-se-conectan-medellin-3.jpg\" alt=\"Las startups de Colombia se conectan en Medell\u00edn con m\u00e1s de 60 inversionistas de 22 pa\u00edses\" width=\"1200\" height=\"799\" srcset=\"https:\/\/www.medellin.gov.co\/es\/wp-content\/uploads\/2024\/10\/Startups-se-conectan-medellin-3.jpg 1200w, https:\/\/www.medellin.gov.co\/es\/wp-content\/uploads\/2024\/10\/Startups-se-conectan-medellin-3-300x200.jpg 300w, https:\/\/www.medellin.gov.co\/es\/wp-content\/uploads\/2024\/10\/Startups-se-conectan-medellin-3-1024x682.jpg 1024w, https:\/\/www.medellin.gov.co\/es\/wp-content\/uploads\/2024\/10\/Startups-se-conectan-medellin-3-150x100.jpg 150w, https:\/\/www.medellin.gov.co\/es\/wp-content\/uploads\/2024\/10\/Startups-se-conectan-medellin-3-768x511.jpg 768w\" sizes=\"(max-width: 1200px) 100vw, 1200px\" \/><\/a><p id=\"caption-attachment-350490\" class=\"wp-caption-text\">Las startups de Colombia se conectan en Medell\u00edn con m\u00e1s de 60 inversionistas de 22 pa\u00edses &#8211; Foto alcaldia de Medell\u00edn<\/p><\/div>\n<p class=\"p1\">Medell\u00edn se ha consolidado como una ciudad de grandes oportunidades para el\u00a0emprendimiento y la innovaci\u00f3n. Seg\u00fan el informe de Colombia T ech Report\u00a02023-2024, el pa\u00eds cuenta con 1.720 startups, de las cuales el 25 % est\u00e1n en\u00a0Antioquia, principalmente en Medell\u00edn, y lo precede Bogot\u00e1 con el 55 %.<\/p>\n<p class=\"p1\"><i>\u201cConexi\u00f3n no es solamente Medell\u00edn, es Colombia, es Latam, es conectarnos\u00a0<\/i><i>con Am\u00e9rica Latina y el mundo. Actualmente, la capital antioque\u00f1a se ubica en el\u00a0<\/i><i>puesto 162 en el \u00cdndice de Ecosistema Global del Centro de Investigaci\u00f3n\u00a0<\/i><i>StartupBlink. Adem\u00e1s, el a\u00f1o pasado recibi\u00f3 en inversi\u00f3n de riesgo 154 millones\u00a0<\/i><i>de d\u00f3lares. El reto es seguir subiendo en ese escalaf\u00f3n a nivel mundial y\u00a0<\/i><i>duplicar el valor. Necesitamos generar confianza para aumentar la densidad de\u00a0<\/i><i>startups en nuestra ciudad<\/i>\u201d, se\u00f1al\u00f3 T om\u00e1s R\u00edos, director de On.going, Centro de\u00a0Emprendimiento de Impacto de la Universidad EAFIT , y cofundador de Conexi\u00f3n.<\/p>\n<div id=\"attachment_350491\" style=\"width: 1210px\" class=\"wp-caption aligncenter\"><a href=\"https:\/\/www.medellin.gov.co\/es\/wp-content\/uploads\/2024\/10\/Startups-se-conectan-medellin-4.jpg\" target=\"_blank\" rel=\"noopener\"><img aria-describedby=\"caption-attachment-350491\" loading=\"lazy\" class=\"wp-image-350491 size-full\" title=\"Las startups de Colombia se conectan en Medell\u00edn con m\u00e1s de 60 inversionistas de 22 pa\u00edses\" src=\"https:\/\/www.medellin.gov.co\/es\/wp-content\/uploads\/2024\/10\/Startups-se-conectan-medellin-4.jpg\" alt=\"Las startups de Colombia se conectan en Medell\u00edn con m\u00e1s de 60 inversionistas de 22 pa\u00edses\" width=\"1200\" height=\"799\" srcset=\"https:\/\/www.medellin.gov.co\/es\/wp-content\/uploads\/2024\/10\/Startups-se-conectan-medellin-4.jpg 1200w, https:\/\/www.medellin.gov.co\/es\/wp-content\/uploads\/2024\/10\/Startups-se-conectan-medellin-4-300x200.jpg 300w, https:\/\/www.medellin.gov.co\/es\/wp-content\/uploads\/2024\/10\/Startups-se-conectan-medellin-4-1024x682.jpg 1024w, https:\/\/www.medellin.gov.co\/es\/wp-content\/uploads\/2024\/10\/Startups-se-conectan-medellin-4-150x100.jpg 150w, https:\/\/www.medellin.gov.co\/es\/wp-content\/uploads\/2024\/10\/Startups-se-conectan-medellin-4-768x511.jpg 768w\" sizes=\"(max-width: 1200px) 100vw, 1200px\" \/><\/a><p id=\"caption-attachment-350491\" class=\"wp-caption-text\">Las startups de Colombia se conectan en Medell\u00edn con m\u00e1s de 60 inversionistas de 22 pa\u00edses &#8211; Foto alcaldia de Medell\u00edn<\/p><\/div>\n<p class=\"p1\">La agenda contar\u00e1 con una ronda de inversi\u00f3n, as\u00ed como con <span class=\"s1\">conexi\u00f3n con\u00a0<\/span>corporativos y financiamiento con entidades bancarias. Diferentes universidades\u00a0del pa\u00eds participar\u00e1n con proyectos que potencian el emprendimiento joven en\u00a0Colombia. Asimismo, se dispondr\u00e1 de un \u00e1rea donde m\u00e1s de 50 startups de\u00a0Latinoam\u00e9rica se conectar\u00e1n con los actores clave del ecosistema emprendedor\u00a0y con inversionistas.<\/p>\n<p class=\"p2\">En lo acad\u00e9mico se tendr\u00e1n m\u00e1s de 20 clases magistrales. Los asistentes\u00a0aprender\u00e1n con los oradores e invitados especiales sobre temas relacionados\u00a0con cultura, emprendimiento, tendencias, capital para financiaci\u00f3n y cierre de\u00a0negocios, entre otros. T ambi\u00e9n habr\u00e1 zona de coworking para concretar\u00a0reuniones de trabajo.<\/p>\n","protected":false},"excerpt":{"rendered":"<p>Esta primera edici\u00f3n inici\u00f3 hoy en Plaza Mayor y ser\u00e1 hasta el pr\u00f3ximo viernes. El encuentro busca posicionar a la ciudad y a Colombia como epicentro del emprendimiento en Am\u00e9rica Latina. Se espera la participaci\u00f3n &#8230;<\/p>\n","protected":false},"author":84,"featured_media":350486,"comment_status":"open","ping_status":"open","sticky":false,"template":"","format":"standard","meta":[],"categories":[3],"tags":[434,455],"formato_nota":[],"programas_tax":[],"acf":[],"_links":{"self":[{"href":"https:\/\/www.medellin.gov.co\/es\/wp-json\/wp\/v2\/posts\/350481"}],"collection":[{"href":"https:\/\/www.medellin.gov.co\/es\/wp-json\/wp\/v2\/posts"}],"about":[{"href":"https:\/\/www.medellin.gov.co\/es\/wp-json\/wp\/v2\/types\/post"}],"author":[{"embeddable":true,"href":"https:\/\/www.medellin.gov.co\/es\/wp-json\/wp\/v2\/users\/84"}],"replies":[{"embeddable":true,"href":"https:\/\/www.medellin.gov.co\/es\/wp-json\/wp\/v2\/comments?post=350481"}],"version-history":[{"count":1,"href":"https:\/\/www.medellin.gov.co\/es\/wp-json\/wp\/v2\/posts\/350481\/revisions"}],"predecessor-version":[{"id":350493,"href":"https:\/\/www.medellin.gov.co\/es\/wp-json\/wp\/v2\/posts\/350481\/revisions\/350493"}],"wp:featuredmedia":[{"embeddable":true,"href":"https:\/\/www.medellin.gov.co\/es\/wp-json\/wp\/v2\/media\/350486"}],"wp:attachment":[{"href":"https:\/\/www.medellin.gov.co\/es\/wp-json\/wp\/v2\/media?parent=350481"}],"wp:term":[{"taxonomy":"category","embeddable":true,"href":"https:\/\/www.medellin.gov.co\/es\/wp-json\/wp\/v2\/categories?post=350481"},{"taxonomy":"post_tag","embeddable":true,"href":"https:\/\/www.medellin.gov.co\/es\/wp-json\/wp\/v2\/tags?post=350481"},{"taxonomy":"formato_nota","embeddable":true,"href":"https:\/\/www.medellin.gov.co\/es\/wp-json\/wp\/v2\/formato_nota?post=350481"},{"taxonomy":"programas_tax","embeddable":true,"href":"https:\/\/www.medellin.gov.co\/es\/wp-json\/wp\/v2\/programas_tax?post=350481"}],"curies":[{"name":"wp","href":"https:\/\/api.w.org\/{rel}","templated":true}]}}