{"id":35056,"date":"2020-04-15T00:00:00","date_gmt":"2020-04-15T05:00:00","guid":{"rendered":"https:\/\/www.medellin.gov.co\/es\/saladeprensa\/noticias\/medellin-desarrolla-tapabocas-efectivos-a-menor-costo-que-en-el-mercado\/"},"modified":"2022-03-27T22:56:27","modified_gmt":"2022-03-28T03:56:27","slug":"medellin-desarrolla-tapabocas-efectivos-a-menor-costo-que-en-el-mercado","status":"publish","type":"post","link":"https:\/\/www.medellin.gov.co\/es\/sala-de-prensa\/noticias\/medellin-desarrolla-tapabocas-efectivos-a-menor-costo-que-en-el-mercado\/","title":{"rendered":"Medell\u00edn desarrolla tapabocas efectivos a menor costo que en el mercado"},"content":{"rendered":"<div class=\"wrap contenido\">\n<div class=\"noticia\">\n<div class=\"imagen\">\n<div class=\"divContImageNoticia\" style=\"background-image:url('\/irj\/go\/km\/docs\/galerias\/Imagenes\/Galer\u00eda d\u00eda a d\u00eda 2020\/500_400\/20200314_TapabocasCoronavirus1.jpg')\" rel=\"\/irj\/go\/km\/docs\/galerias\/Imagenes\/Galer\u00eda d\u00eda a d\u00eda 2020\/500_400\/20200314_TapabocasCoronavirus1.jpg\"><span style=\"display:none\"\/><\/div>\n<p>La Alcald\u00eda de Medell\u00edn hace un llamado al uso racional de tapabocas como protecci\u00f3n frente al coronavirus.<\/p>\n<p>Foto Alcald\u00eda de Medell\u00edn<\/p><\/div>\n<p class=\"fecha\"><span>2020-04-15<\/span><\/p>\n<p itemprop=\"name\">Medell\u00edn desarrolla tapabocas efectivos a menor costo que en el mercado<\/p>\n<p>Por Prensa Alcald\u00eda de Medell\u00edn<\/p>\n<div class=\"cuerpo\">\n<p><p>.: El tapabocas cuenta con aprobaci&oacute;n del Invima y filtra el 98% de las part&iacute;culas.<br \/>.: Adem&aacute;s, el nuevo dise&ntilde;o tiene un costo mucho menor al ofrecido en el mercado por otro tipo de tapabocas.&nbsp;<\/p>\n<p>En busca de continuar protegiendo la vida de todos los ciudadanos, la Alcald&iacute;a de Medell&iacute;n a trav&eacute;s de Ruta N en conjunto con el Hospital General y Familia logr&oacute; desarrollar un tapabocas m&aacute;s efectivo que filtra el 98% de las part&iacute;culas y cuenta con aprobaci&oacute;n del Invima; a un costo que oscila los $2.500 pesos, menor que el comercializado en el mercado.&nbsp;<\/p>\n<p>El alcalde Daniel Quintero Calle se refiri&oacute; al tema y se&ntilde;al&oacute; que &ldquo;se puede usar las veces que quiera, porque se cambia un filtro que provee Familia y baja el costo que en el mercado est&aacute; entre 11.000 y 35.000 pesos&rdquo;. Adem&aacute;s, el tapabocas se podr&aacute; usar m&aacute;s horas que el com&uacute;n que solo es efectivo por seis horas, mientras que el nuevo dise&ntilde;o se puede usar m&aacute;s horas, incluso d&iacute;as cambiando el filtro.&nbsp;<\/p>\n<p>De esta forma, la Alcald&iacute;a de Medell&iacute;n ratifica su compromiso con la innovaci&oacute;n y la b&uacute;squeda de soluciones efectivas que beneficien a la ciudadan&iacute;a en medio de la pandemia por el Covid-19.&nbsp;<\/p>\n<p>Este proyecto se suma a otras iniciativas de talento local que pone a disposici&oacute;n de la ciudad su conocimiento con la intenci&oacute;n de continuar avanzando en la protecci&oacute;n de la vida desarrollando elementos como los ventiladores mec&aacute;nicos.<\/p>\n<\/p>\n<p><span style=\"display:none\"\/><\/div>\n<div class=\"compartir\">Compartir en: <a title=\"\" href=\"http:\/\/www.facebook.com\/share.php?u=\" class=\"btCompartirFacebook btCompartir\" target=\"_blank\" rel=\"noopener\"><a title=\"\" href=\"http:\/\/twitter.com\/home?status=Haz%20clic%20para%20ver%20esta%20noticia%20en%20\" class=\"btCompartirTwitter btCompartir\"\/><a title=\"\" href=\"whatsapp:\/\/send?text=Haz%20clic%20para%20ver%20esta%20noticia%20en%20\" class=\"btCompartirWa btCompartir\"\/><\/div>\n<\/div>\n<p><script>try{comprobarImagen();fixBtnRedes();hitsMedellin();}catch(e){}<\/script><\/div>\n","protected":false},"excerpt":{"rendered":"<p>La Alcald\u00eda de Medell\u00edn hace un llamado al uso racional de tapabocas como protecci\u00f3n frente al coronavirus. Foto Alcald\u00eda de Medell\u00edn 2020-04-15 Medell\u00edn desarrolla tapabocas efectivos a menor costo que en el mercado Por Prensa &#8230;<\/p>\n","protected":false},"author":1,"featured_media":59339,"comment_status":"open","ping_status":"open","sticky":false,"template":"","format":"standard","meta":[],"categories":[1,3,18],"tags":[449,450,452],"formato_nota":[],"programas_tax":[],"acf":[],"_links":{"self":[{"href":"https:\/\/www.medellin.gov.co\/es\/wp-json\/wp\/v2\/posts\/35056"}],"collection":[{"href":"https:\/\/www.medellin.gov.co\/es\/wp-json\/wp\/v2\/posts"}],"about":[{"href":"https:\/\/www.medellin.gov.co\/es\/wp-json\/wp\/v2\/types\/post"}],"author":[{"embeddable":true,"href":"https:\/\/www.medellin.gov.co\/es\/wp-json\/wp\/v2\/users\/1"}],"replies":[{"embeddable":true,"href":"https:\/\/www.medellin.gov.co\/es\/wp-json\/wp\/v2\/comments?post=35056"}],"version-history":[{"count":1,"href":"https:\/\/www.medellin.gov.co\/es\/wp-json\/wp\/v2\/posts\/35056\/revisions"}],"predecessor-version":[{"id":46844,"href":"https:\/\/www.medellin.gov.co\/es\/wp-json\/wp\/v2\/posts\/35056\/revisions\/46844"}],"wp:featuredmedia":[{"embeddable":true,"href":"https:\/\/www.medellin.gov.co\/es\/wp-json\/wp\/v2\/media\/59339"}],"wp:attachment":[{"href":"https:\/\/www.medellin.gov.co\/es\/wp-json\/wp\/v2\/media?parent=35056"}],"wp:term":[{"taxonomy":"category","embeddable":true,"href":"https:\/\/www.medellin.gov.co\/es\/wp-json\/wp\/v2\/categories?post=35056"},{"taxonomy":"post_tag","embeddable":true,"href":"https:\/\/www.medellin.gov.co\/es\/wp-json\/wp\/v2\/tags?post=35056"},{"taxonomy":"formato_nota","embeddable":true,"href":"https:\/\/www.medellin.gov.co\/es\/wp-json\/wp\/v2\/formato_nota?post=35056"},{"taxonomy":"programas_tax","embeddable":true,"href":"https:\/\/www.medellin.gov.co\/es\/wp-json\/wp\/v2\/programas_tax?post=35056"}],"curies":[{"name":"wp","href":"https:\/\/api.w.org\/{rel}","templated":true}]}}