{"id":35144,"date":"2020-09-01T00:00:00","date_gmt":"2020-09-01T05:00:00","guid":{"rendered":"https:\/\/www.medellin.gov.co\/es\/saladeprensa\/noticias\/600-comerciantes-se-han-capacitado-para-garantizar-una-reapertura-economica-segura\/"},"modified":"2022-03-27T22:57:56","modified_gmt":"2022-03-28T03:57:56","slug":"600-comerciantes-se-han-capacitado-para-garantizar-una-reapertura-economica-segura","status":"publish","type":"post","link":"https:\/\/www.medellin.gov.co\/es\/sala-de-prensa\/noticias\/600-comerciantes-se-han-capacitado-para-garantizar-una-reapertura-economica-segura\/","title":{"rendered":"600 comerciantes se han capacitado para garantizar una reapertura econ\u00f3mica segura"},"content":{"rendered":"<div class=\"wrap contenido\">\n<div class=\"noticia\">\n<div class=\"imagen\">\n<div class=\"divContImageNoticia\" style=\"background-image:url('\/irj\/go\/km\/docs\/galerias\/Imagenes\/Galer\u00eda d\u00eda a d\u00eda 2020\/500_400\/20200902-comerciante.jpg')\" rel=\"\/irj\/go\/km\/docs\/galerias\/Imagenes\/Galer\u00eda d\u00eda a d\u00eda 2020\/500_400\/20200902-comerciante.jpg\"><span style=\"display:none\"\/><\/div>\n<p>Comerciantes se han capacitado para garantizar una reapertura econ\u00f3mica segura.<\/p>\n<p>Foto Alcald\u00eda de Medell\u00edn<\/p><\/div>\n<p class=\"fecha\"><span>2020-09-02<\/span><\/p>\n<p itemprop=\"name\">600 comerciantes se han capacitado para garantizar una reapertura econ\u00f3mica segura<\/p>\n<p>Por Jefatura de prensa<\/p>\n<div class=\"cuerpo\">\n<p><p>.: Se realizar\u00e1 vigilancia intensiva para garantizar que los establecimientos abiertos al p\u00fablico sean adecuados y seguros para todos.<br \/>.: Es fundamental cumplir con las condiciones sanitarias y adoptar los protocolos de bioseguridad durante esta etapa.<br \/>.: M\u00e1s de 600 comerciantes y representantes de establecimientos se han capacitado en acciones educativas.<\/p>\n<p><strong><a href=\"\/irj\/go\/km\/docs\/\/galerias\/Audios\/Audios d\u00eda a d\u00eda 2020\/20200902-Natalia-Lopez.mp3\" target=\"_blank\" title=\"|| Audio || Palabras del subsecretaria de Salud P\u00fablica, Natalia L\u00f3pez Delgado\" rel=\"noopener\"><span style=\"color: #3366ff;\">|| Audio || Palabras del subsecretaria de Salud P\u00fablica, Natalia L\u00f3pez Delgado<\/span><\/a><\/strong><\/p>\n<p>Con el fin de no bajar la guardia y evitar la propagaci\u00f3n del coronavirus durante la reapertura de varios sectores econ\u00f3micos, la Administraci\u00f3n Municipal desarrolla diferentes acciones educativas con los representantes de los gremios para dar claridad sobre los protocolos de bioseguridad.<\/p>\n<p>Desde esta semana los gimnasios, las plazoletas de comida de centros comerciales, los restaurantes y los expendios de alimentos que cumplan de manera estricta con la normatividad sanitaria y con los protocolos de bioseguridad, podr\u00e1n iniciar sus actividades.<\/p>\n<p>Personal del programa de Inspecci\u00f3n, Vigilancia y Control de la Secretar\u00eda de Salud adelanta visitas para verificar el cumplimiento de estos protocolos.<\/p>\n<p>La subsecretaria de Salud P\u00fablica, Natalia L\u00f3pez Delgado, explic\u00f3 que se trata de dar cumplimiento a recomendaciones b\u00e1sicas como el uso de elementos de protecci\u00f3n personal para empleados y clientes. Esto incluye el uso adecuado de la mascarilla, tener lavamanos con agua, jab\u00f3n, toallas, gel antibacterial o alcohol con una concentraci\u00f3n entre el 60 % y el 70 % y garantizar el distanciamiento m\u00ednimo de dos metros entre las personas.<\/p>\n<p><i>\u201cDebe haber un control de aforo y cada establecimiento debe garantizar los mecanismos para esto. Tambi\u00e9n debemos garantizar que las personas que reporten alg\u00fan s\u00edntoma o presenten alguna se\u00f1al de infecci\u00f3n respiratoria sean canalizadas y reciban la atenci\u00f3n en su lugar de residencia o en una instituci\u00f3n de salud\u201d<\/i>, agreg\u00f3 la funcionaria.<\/p>\n<p>Los establecimientos deber\u00e1n tomar la temperatura, contar con se\u00f1alizaci\u00f3n visible y en buen estado, garantizar el lavado de manos de los trabajadores cada hora, mantener estabilidad de los grupos por turnos para permitir la identificaci\u00f3n y seguimiento de posibles casos, hacer un manejo estricto de guantes y eliminar la entrega de publicidad impresa.<\/p>\n<p>Para los centros comerciales es importante contar con horarios escalonados de apertura y cierre, tener los datos de los proveedores y de los empleados, controlar el aforo garantizando la permanencia de una persona por cada 10 metros cuadrados de \u00e1rea, contar con una puerta de entrada diferente a la de salida y verificar que en las tiendas y locales no haya m\u00e1s de una persona por cada 5 metros cuadrados.<\/p>\n<p>En los restaurantes debe haber una distancia m\u00ednima de 2 metros entre mesas y mesas, se recomienda realizar reservas y adelantar el pedido con el env\u00edo del men\u00fa. Los domicilios deben llevar doble bolsa y estar debidamente sellados.<\/p>\n<p>Unas 600 personas han participado en estas capacitaciones y acciones educativas virtuales. Los encuentros son organizados con los diferentes gremios y no tienen costo.<\/p>\n<p><b>Normatividad para la adopci\u00f3n de los protocolos<\/b><\/p>\n<p>La adopci\u00f3n de los protocolos de bioseguridad se ha establecido en diferentes actos administrativos del Gobierno Nacional que se han publicado durante la contingencia por el virus.<\/p>\n<p>Dentro de los actos administrativos m\u00e1s relevantes que contemplan los lineamientos exigidos para la reapertura de los sectores se encuentran: la <a href=\"https:\/\/id.presidencia.gov.co\/Documents\/200424-Resolucion-666-MinSalud.pdf\">Resoluci\u00f3n 666 de 2020<\/a><b> <\/b>del Ministerio de Salud por la cual se adopta el protocolo general de bioseguridad para mitigar, controlar y dar un adecuado manejo a la pandemia por coronavirus; la<b> <\/b><a href=\"https:\/\/www.minsalud.gov.co\/Normatividad_Nuevo\/Resoluci\u00f3n No. 735 de 2020.pdf\">Resoluci\u00f3n 735 de 2020<\/a> que indica el protocolo de bioseguridad para el control del riesgo de coronavirus en servicios domiciliarios, mensajer\u00eda y plataformas digitales; la <a href=\"https:\/\/www.minsalud.gov.co\/Normatividad_Nuevo\/Resoluci\u00f3n No. 749 de 2020.pdf\">Resoluci\u00f3n 749 de 2020<\/a>, que aplica para el comercio de alimentos, bebidas y tabaco en hoteles, establecimientos especializados, restaurantes, cafeter\u00edas y servicios m\u00f3vil de comidas; la <a href=\"https:\/\/www.minsalud.gov.co\/Normatividad_Nuevo\/Resoluci\u00f3n No. 1050 de 2020.pdf\">Resoluci\u00f3n 1050 de 2020<\/a> para los servicios de entrega para llevar, las actividades de expendio a la mesa, autoservicio, cafeter\u00edas, actividades de catering para eventos y otros servicios de comida, entre otros.<\/p>\n<\/p>\n<p><span style=\"display:none\"\/><\/div>\n<div class=\"compartir\">Compartir en: <a title=\"\" href=\"http:\/\/www.facebook.com\/share.php?u=\" class=\"btCompartirFacebook btCompartir\" target=\"_blank\" rel=\"noopener\"><a title=\"\" href=\"http:\/\/twitter.com\/home?status=Haz%20clic%20para%20ver%20esta%20noticia%20en%20\" class=\"btCompartirTwitter btCompartir\"\/><a title=\"\" href=\"whatsapp:\/\/send?text=Haz%20clic%20para%20ver%20esta%20noticia%20en%20\" class=\"btCompartirWa btCompartir\"\/><\/div>\n<\/div>\n<p><script>try{comprobarImagen();fixBtnRedes();hitsMedellin();}catch(e){}<\/script><\/div>\n","protected":false},"excerpt":{"rendered":"<p>Comerciantes se han capacitado para garantizar una reapertura econ\u00f3mica segura. Foto Alcald\u00eda de Medell\u00edn 2020-09-02 600 comerciantes se han capacitado para garantizar una reapertura econ\u00f3mica segura Por Jefatura de prensa .: Se realizar\u00e1 vigilancia intensiva &#8230;<\/p>\n","protected":false},"author":1,"featured_media":59414,"comment_status":"open","ping_status":"open","sticky":false,"template":"","format":"standard","meta":[],"categories":[3,18],"tags":[426,450,452],"formato_nota":[],"programas_tax":[],"acf":[],"_links":{"self":[{"href":"https:\/\/www.medellin.gov.co\/es\/wp-json\/wp\/v2\/posts\/35144"}],"collection":[{"href":"https:\/\/www.medellin.gov.co\/es\/wp-json\/wp\/v2\/posts"}],"about":[{"href":"https:\/\/www.medellin.gov.co\/es\/wp-json\/wp\/v2\/types\/post"}],"author":[{"embeddable":true,"href":"https:\/\/www.medellin.gov.co\/es\/wp-json\/wp\/v2\/users\/1"}],"replies":[{"embeddable":true,"href":"https:\/\/www.medellin.gov.co\/es\/wp-json\/wp\/v2\/comments?post=35144"}],"version-history":[{"count":1,"href":"https:\/\/www.medellin.gov.co\/es\/wp-json\/wp\/v2\/posts\/35144\/revisions"}],"predecessor-version":[{"id":46978,"href":"https:\/\/www.medellin.gov.co\/es\/wp-json\/wp\/v2\/posts\/35144\/revisions\/46978"}],"wp:featuredmedia":[{"embeddable":true,"href":"https:\/\/www.medellin.gov.co\/es\/wp-json\/wp\/v2\/media\/59414"}],"wp:attachment":[{"href":"https:\/\/www.medellin.gov.co\/es\/wp-json\/wp\/v2\/media?parent=35144"}],"wp:term":[{"taxonomy":"category","embeddable":true,"href":"https:\/\/www.medellin.gov.co\/es\/wp-json\/wp\/v2\/categories?post=35144"},{"taxonomy":"post_tag","embeddable":true,"href":"https:\/\/www.medellin.gov.co\/es\/wp-json\/wp\/v2\/tags?post=35144"},{"taxonomy":"formato_nota","embeddable":true,"href":"https:\/\/www.medellin.gov.co\/es\/wp-json\/wp\/v2\/formato_nota?post=35144"},{"taxonomy":"programas_tax","embeddable":true,"href":"https:\/\/www.medellin.gov.co\/es\/wp-json\/wp\/v2\/programas_tax?post=35144"}],"curies":[{"name":"wp","href":"https:\/\/api.w.org\/{rel}","templated":true}]}}