{"id":35196,"date":"2020-02-07T00:00:00","date_gmt":"2020-02-07T05:00:00","guid":{"rendered":"https:\/\/www.medellin.gov.co\/es\/saladeprensa\/noticias\/el-alcalde-de-medellin-anuncio-medidas-tras-consejo-extraordinario-de-seguridad\/"},"modified":"2022-03-27T22:59:09","modified_gmt":"2022-03-28T03:59:09","slug":"el-alcalde-de-medellin-anuncio-medidas-tras-consejo-extraordinario-de-seguridad","status":"publish","type":"post","link":"https:\/\/www.medellin.gov.co\/es\/sala-de-prensa\/noticias\/el-alcalde-de-medellin-anuncio-medidas-tras-consejo-extraordinario-de-seguridad\/","title":{"rendered":"El Alcalde de Medell\u00edn anunci\u00f3 medidas tras Consejo Extraordinario de Seguridad"},"content":{"rendered":"<div class=\"wrap contenido\">\n<div class=\"noticia\">\n<div class=\"imagen\">\n<div class=\"divContImageNoticia\" style=\"background-image:url('\/irj\/go\/km\/docs\/pccdesign\/medellin\/Temas\/Seguridad\/Noticias\/Shared Content\/Imagenes\/2020\/20200207_Cinsejoextraordinariodeseguridad.jpeg')\" rel=\"\/irj\/go\/km\/docs\/pccdesign\/medellin\/Temas\/Seguridad\/Noticias\/Shared Content\/Imagenes\/2020\/20200207_Cinsejoextraordinariodeseguridad.jpeg\"><span style=\"display:none\"\/><\/div>\n<p>Consejo Extraordinario de Seguridad<\/p>\n<p>Foto Alcald\u00eda de Medell\u00edn<\/p><\/div>\n<p class=\"fecha\"><span>2020-02-07<\/span><\/p>\n<p itemprop=\"name\">El Alcalde de Medell\u00edn anunci\u00f3 medidas tras Consejo Extraordinario de Seguridad<\/p>\n<p>Por Jefatura de Prensa<\/p>\n<div class=\"cuerpo\">\n<p><p>&#8211; El alcalde Daniel Quintero Calle anunci&oacute; que se reforzar&aacute; el pie de fuerza en la zona rural de la ciudad.<br \/>&#8211; El mandatario le solicit&oacute; al Ej&eacute;rcito atenci&oacute;n con el batall&oacute;n de Fuerzas Especiales Urbanas.<br \/> &#8211; Adem&aacute;s, se emplear&aacute;n sensores para detectar movimientos de personas en estas &aacute;reas.<br \/>&#8211; <span style=\"color: #3366ff;\">ll Audio ll <\/span><a title=\"Palabras del alcalde de Medel&iacute;n, Daniel Quintero Calle\" target=\"_blank\" href=\"https:\/\/www.medellin.gov.co\/irj\/go\/km\/docs\/\/galerias\/Audios\/Audios d\u00eda a d\u00eda 2020\/20200207_ConsejoExtraordinariodeSeguridadAlcalde_01.mp3\" rel=\"noopener\"><span style=\"color: #3366ff;\">Palabras del alcalde de Medel&iacute;n, Daniel Quintero Calle<\/span><\/a><span style=\"color: #3366ff;\">.<\/span><br \/>&#8211;<span style=\"color: #3366ff;\"> ll Audio ll <\/span><a title=\"Palabras del General Juvenal D&iacute;az, Comandante de la Cuarta Brigada\" target=\"_blank\" href=\"https:\/\/www.medellin.gov.co\/irj\/go\/km\/docs\/\/galerias\/Audios\/Audios d\u00eda a d\u00eda 2020\/20200207_ConsejoExtraordinariodeSeguridadEjercito_01.mp3\" rel=\"noopener\"><span style=\"color: #3366ff;\">Palabras del General Juvenal D&iacute;az, Comandante de la Cuarta Brigada<\/span><\/a>.<br \/>&#8211; <span style=\"color: #3366ff;\">ll Audio ll <\/span><a title=\"Palabras General Eliecer Camacho, Comandante de la Polic&iacute;a Metropolitana\" target=\"_blank\" href=\"https:\/\/www.medellin.gov.co\/irj\/go\/km\/docs\/\/galerias\/Audios\/Audios d\u00eda a d\u00eda 2020\/20200207_ConsejoExtraordinariodeSeguridadPolicia_01.mp3\" rel=\"noopener\"><span style=\"color: #3366ff;\">Palabras General Eliecer Camacho, Comandante de la Polic&iacute;a Metropolitana del Valle de Aburr&aacute;<\/span><\/a>.<\/p>\n<p>Tras el Consejo Extraordinario de Seguridad realizado el viernes 7 de febrero, el alcalde de Medell&iacute;n, Daniel Quintero Calle, anunci&oacute; el refuerzo de medidas para proteger la infraestructura energ&eacute;tica instalada en la zona rural de la ciudad y en particular en Santa Elena, debido al ataque contra una torre de energ&iacute;a de EPM ocurrido en horas de la ma&ntilde;ana en ese corregimiento.<\/p>\n<p>El mandatario local inform&oacute; que fue aprehendida una persona quien presuntamente estar&iacute;a relacionada con el hecho y que estar&iacute;a vinculada con c&eacute;lulas urbanas del Ej&eacute;rcito de Liberaci&oacute;n Nacional (ELN).<\/p>\n<p>&ldquo;Estamos enfrentando un conflicto nacional y ten&iacute;amos informaci&oacute;n de inteligencia que nos permit&iacute;a establecer que Medell&iacute;n hac&iacute;a parte de los planes de ataque del Ej&eacute;rcito de Liberaci&oacute;n Nacional en retaliaci&oacute;n por la captura de dos de sus cabecillas en enero&rdquo;, dijo el alcalde Quintero Calle.<\/p>\n<p>As&iacute; mismo, el mandatario le solicit&oacute; al Ej&eacute;rcito atenci&oacute;n especial para la zona rural de la ciudad con el batall&oacute;n de Fuerzas Especiales Urbanas.<\/p>\n<p>El comandante de la Cuarta Brigada, brigadier general, Juvenal D&iacute;az Mateus, anunci&oacute; que se emplear&aacute;n sensores especiales para detectar movimientos de personas en estas &aacute;reas de la ciudad y de esta manera protegerlas de forma permanente.<\/p>\n<p>El comandante de la Polic&iacute;a Metropolitana, general Eli&eacute;cer Camacho, precis&oacute; que este a&ntilde;o se ha incautado material explosivo en Sabaneta, Bello y Medell&iacute;n, lo que gener&oacute; indicios de posibles atentados en la ciudad, que fueron evitados por la acci&oacute;n de las autoridades.<\/p>\n<p>Finalmente, el Alcalde de Medell&iacute;n dijo que \u00abeste hecho hay que rechazarlo con toda la contundencia. No vamos a permitir que grupos armados ilegales como el ELN traten de entrar a la ciudad, ya sea aterrorizando a la gente o tumbando torres\u00bb.<\/p>\n<\/p>\n<p><span style=\"display:none\"\/><\/div>\n<div class=\"compartir\">Compartir en: <a title=\"\" href=\"http:\/\/www.facebook.com\/share.php?u=\" class=\"btCompartirFacebook btCompartir\" target=\"_blank\" rel=\"noopener\"><a title=\"\" href=\"http:\/\/twitter.com\/home?status=Haz%20clic%20para%20ver%20esta%20noticia%20en%20\" class=\"btCompartirTwitter btCompartir\"\/><a title=\"\" href=\"whatsapp:\/\/send?text=Haz%20clic%20para%20ver%20esta%20noticia%20en%20\" class=\"btCompartirWa btCompartir\"\/><\/div>\n<\/div>\n<p><script>try{comprobarImagen();fixBtnRedes();hitsMedellin();}catch(e){}<\/script><\/div>\n","protected":false},"excerpt":{"rendered":"<p>Consejo Extraordinario de Seguridad Foto Alcald\u00eda de Medell\u00edn 2020-02-07 El Alcalde de Medell\u00edn anunci\u00f3 medidas tras Consejo Extraordinario de Seguridad Por Jefatura de Prensa &#8211; El alcalde Daniel Quintero Calle anunci&oacute; que se reforzar&aacute; el &#8230;<\/p>\n","protected":false},"author":1,"featured_media":59465,"comment_status":"open","ping_status":"open","sticky":false,"template":"","format":"standard","meta":[],"categories":[21],"tags":[455],"formato_nota":[],"programas_tax":[],"acf":[],"_links":{"self":[{"href":"https:\/\/www.medellin.gov.co\/es\/wp-json\/wp\/v2\/posts\/35196"}],"collection":[{"href":"https:\/\/www.medellin.gov.co\/es\/wp-json\/wp\/v2\/posts"}],"about":[{"href":"https:\/\/www.medellin.gov.co\/es\/wp-json\/wp\/v2\/types\/post"}],"author":[{"embeddable":true,"href":"https:\/\/www.medellin.gov.co\/es\/wp-json\/wp\/v2\/users\/1"}],"replies":[{"embeddable":true,"href":"https:\/\/www.medellin.gov.co\/es\/wp-json\/wp\/v2\/comments?post=35196"}],"version-history":[{"count":1,"href":"https:\/\/www.medellin.gov.co\/es\/wp-json\/wp\/v2\/posts\/35196\/revisions"}],"predecessor-version":[{"id":47071,"href":"https:\/\/www.medellin.gov.co\/es\/wp-json\/wp\/v2\/posts\/35196\/revisions\/47071"}],"wp:featuredmedia":[{"embeddable":true,"href":"https:\/\/www.medellin.gov.co\/es\/wp-json\/wp\/v2\/media\/59465"}],"wp:attachment":[{"href":"https:\/\/www.medellin.gov.co\/es\/wp-json\/wp\/v2\/media?parent=35196"}],"wp:term":[{"taxonomy":"category","embeddable":true,"href":"https:\/\/www.medellin.gov.co\/es\/wp-json\/wp\/v2\/categories?post=35196"},{"taxonomy":"post_tag","embeddable":true,"href":"https:\/\/www.medellin.gov.co\/es\/wp-json\/wp\/v2\/tags?post=35196"},{"taxonomy":"formato_nota","embeddable":true,"href":"https:\/\/www.medellin.gov.co\/es\/wp-json\/wp\/v2\/formato_nota?post=35196"},{"taxonomy":"programas_tax","embeddable":true,"href":"https:\/\/www.medellin.gov.co\/es\/wp-json\/wp\/v2\/programas_tax?post=35196"}],"curies":[{"name":"wp","href":"https:\/\/api.w.org\/{rel}","templated":true}]}}