{"id":351961,"date":"2024-10-09T11:27:32","date_gmt":"2024-10-09T16:27:32","guid":{"rendered":"https:\/\/www.medellin.gov.co\/es\/?p=351961"},"modified":"2024-10-09T11:27:32","modified_gmt":"2024-10-09T16:27:32","slug":"expertos-se-reuniran-en-la-ciudad-para-hablar-de-avances-tecnologicos-aplicados-al-derecho","status":"publish","type":"post","link":"https:\/\/www.medellin.gov.co\/es\/sala-de-prensa\/noticias\/expertos-se-reuniran-en-la-ciudad-para-hablar-de-avances-tecnologicos-aplicados-al-derecho\/","title":{"rendered":"Expertos se reunir\u00e1n en la ciudad para hablar de avances tecnol\u00f3gicos aplicados al derecho"},"content":{"rendered":"<!--[if lt IE 9]><script>document.createElement('audio');<\/script><![endif]-->\n\t<div class=\"wp-playlist wp-audio-playlist wp-playlist-light\">\n\t\t\t<div class=\"wp-playlist-current-item\"><\/div>\n\t\t<audio controls=\"controls\" preload=\"none\" width=\"640\"\n\t\t\t><\/audio>\n\t<div class=\"wp-playlist-next\"><\/div>\n\t<div class=\"wp-playlist-prev\"><\/div>\n\t<noscript>\n\t<ol>\n\t\t<li><a href='https:\/\/www.medellin.gov.co\/es\/wp-content\/uploads\/2024\/10\/Expertos-hablaran-de-avances-tecnologicos-en-derecho-01.mp3'>Palabras de Mateo Molina Rodr\u00edguez, secretario general de Plaza Mayor<\/a><\/li>\t<\/ol>\n\t<\/noscript>\n\t<script type=\"application\/json\" class=\"wp-playlist-script\">{\"type\":\"audio\",\"tracklist\":true,\"tracknumbers\":true,\"images\":true,\"artists\":true,\"tracks\":[{\"src\":\"https:\\\/\\\/www.medellin.gov.co\\\/es\\\/wp-content\\\/uploads\\\/2024\\\/10\\\/Expertos-hablaran-de-avances-tecnologicos-en-derecho-01.mp3\",\"type\":\"audio\\\/mpeg\",\"title\":\"Palabras de Mateo Molina Rodr\\u00edguez, secretario general de Plaza Mayor\",\"caption\":\"\",\"description\":\"\\u00abPalabras de Mateo Molina Rodr\\u00edguez, secretario general de Plaza Mayor\\u00bb.\",\"meta\":{\"length_formatted\":\"0:55\"},\"image\":{\"src\":\"https:\\\/\\\/www.medellin.gov.co\\\/es\\\/wp-includes\\\/images\\\/media\\\/audio.png\",\"width\":48,\"height\":64},\"thumb\":{\"src\":\"https:\\\/\\\/www.medellin.gov.co\\\/es\\\/wp-includes\\\/images\\\/media\\\/audio.png\",\"width\":48,\"height\":64}}]}<\/script>\n<\/div>\n\t\n<p class=\"p1\">Plaza Mayor Medell\u00edn recibir\u00e1 este 10 y 11 de octubre la d\u00e9cima edici\u00f3n del\u00a0Seminario Internacional de Derecho Procesal (SIDP), un evento clave para la\u00a0academia y rama judicial colombiana, que reunir\u00e1 a 21 expertos, incluidos 14\u00a0conferencistas nacionales y siete internacionales, para hablar de cibercriminalidad\u00a0y tecnolog\u00eda, gobernanza y transparencia, <i>blockchain<\/i> y transformaci\u00f3n jur\u00eddica.<\/p>\n<div id=\"attachment_351972\" style=\"width: 1210px\" class=\"wp-caption aligncenter\"><a href=\"https:\/\/www.medellin.gov.co\/es\/wp-content\/uploads\/2024\/10\/Expertos-hablaran-de-avances-tecnologicos-en-derecho-3.jpg\" target=\"_blank\" rel=\"noopener\"><img aria-describedby=\"caption-attachment-351972\" loading=\"lazy\" class=\"wp-image-351972 size-full\" title=\"Expertos se reunir\u00e1n en la ciudad para hablar de avances tecnol\u00f3gicos aplicados al derecho\" src=\"https:\/\/www.medellin.gov.co\/es\/wp-content\/uploads\/2024\/10\/Expertos-hablaran-de-avances-tecnologicos-en-derecho-3.jpg\" alt=\"Expertos se reunir\u00e1n en la ciudad para hablar de avances tecnol\u00f3gicos aplicados al derecho\" width=\"1200\" height=\"675\" srcset=\"https:\/\/www.medellin.gov.co\/es\/wp-content\/uploads\/2024\/10\/Expertos-hablaran-de-avances-tecnologicos-en-derecho-3.jpg 1200w, https:\/\/www.medellin.gov.co\/es\/wp-content\/uploads\/2024\/10\/Expertos-hablaran-de-avances-tecnologicos-en-derecho-3-300x169.jpg 300w, https:\/\/www.medellin.gov.co\/es\/wp-content\/uploads\/2024\/10\/Expertos-hablaran-de-avances-tecnologicos-en-derecho-3-1024x576.jpg 1024w, https:\/\/www.medellin.gov.co\/es\/wp-content\/uploads\/2024\/10\/Expertos-hablaran-de-avances-tecnologicos-en-derecho-3-150x84.jpg 150w, https:\/\/www.medellin.gov.co\/es\/wp-content\/uploads\/2024\/10\/Expertos-hablaran-de-avances-tecnologicos-en-derecho-3-768x432.jpg 768w\" sizes=\"(max-width: 1200px) 100vw, 1200px\" \/><\/a><p id=\"caption-attachment-351972\" class=\"wp-caption-text\">Expertos se reunir\u00e1n en la ciudad para hablar de avances tecnol\u00f3gicos aplicados al derecho &#8211; Foto alcaldiad e Medell\u00edn<\/p><\/div>\n<p class=\"p1\">La ciudad se convierte en epicentro de este espacio de interacci\u00f3n y <i>networking\u00a0<\/i>entre los 1.500 visitantes que se esperan cada d\u00eda, principalmente estudiantes\u00a0universitarios, quienes aprender\u00e1n acerca de las tecnolog\u00edas aplicadas a los\u00a0procesos judiciales.<\/p>\n<p class=\"p1\"><i>\u201cCelebraremos 10 a\u00f1os en un espacio de reflexi\u00f3n y di\u00e1logo para todos los\u00a0<\/i><i>visitantes, estudiantes y dem\u00e1s profesionales alrededor de las diferentes ramas\u00a0<\/i><i>que engloban el derecho procesal. As\u00ed mismo, cada d\u00eda, tendremos conferencias,\u00a0<\/i><i>talleres, seminarios y dem\u00e1s tem\u00e1ticas\u201d,<\/i> expres\u00f3 el secretario general de Plaza\u00a0Mayor, Mateo Molina Rodr\u00edguez.<\/p>\n<div id=\"attachment_351968\" style=\"width: 1210px\" class=\"wp-caption aligncenter\"><a href=\"https:\/\/www.medellin.gov.co\/es\/wp-content\/uploads\/2024\/10\/Expertos-hablaran-de-avances-tecnologicos-en-derecho-1.jpg\" target=\"_blank\" rel=\"noopener\"><img aria-describedby=\"caption-attachment-351968\" loading=\"lazy\" class=\"wp-image-351968 size-full\" title=\"Expertos se reunir\u00e1n en la ciudad para hablar de avances tecnol\u00f3gicos aplicados al derecho\" src=\"https:\/\/www.medellin.gov.co\/es\/wp-content\/uploads\/2024\/10\/Expertos-hablaran-de-avances-tecnologicos-en-derecho-1.jpg\" alt=\"Expertos se reunir\u00e1n en la ciudad para hablar de avances tecnol\u00f3gicos aplicados al derecho\" width=\"1200\" height=\"675\" srcset=\"https:\/\/www.medellin.gov.co\/es\/wp-content\/uploads\/2024\/10\/Expertos-hablaran-de-avances-tecnologicos-en-derecho-1.jpg 1200w, https:\/\/www.medellin.gov.co\/es\/wp-content\/uploads\/2024\/10\/Expertos-hablaran-de-avances-tecnologicos-en-derecho-1-300x169.jpg 300w, https:\/\/www.medellin.gov.co\/es\/wp-content\/uploads\/2024\/10\/Expertos-hablaran-de-avances-tecnologicos-en-derecho-1-1024x576.jpg 1024w, https:\/\/www.medellin.gov.co\/es\/wp-content\/uploads\/2024\/10\/Expertos-hablaran-de-avances-tecnologicos-en-derecho-1-150x84.jpg 150w, https:\/\/www.medellin.gov.co\/es\/wp-content\/uploads\/2024\/10\/Expertos-hablaran-de-avances-tecnologicos-en-derecho-1-768x432.jpg 768w\" sizes=\"(max-width: 1200px) 100vw, 1200px\" \/><\/a><p id=\"caption-attachment-351968\" class=\"wp-caption-text\">Expertos se reunir\u00e1n en la ciudad para hablar de avances tecnol\u00f3gicos aplicados al derecho &#8211; Foto alcaldia de Medell\u00edn<\/p><\/div>\n<p class=\"p1\">Para este centro de convenciones y la Red para el Estudio del Proceso y la\u00a0Justicia, organizadores del seminario, este encuentro es una plataforma para\u00a0discutir temas de vanguardia que impactan el sector judicial y marcan el futuro de\u00a0la administraci\u00f3n de justicia en Colombia y el mundo.<\/p>\n<p class=\"p1\">Para m\u00e1s informaci\u00f3n est\u00e1 disponible el sitio web <a href=\"https:\/\/www.sidp.com.co\" target=\"_blank\" rel=\"noopener\"><span class=\"s1\">www.sidp.com.co<\/span><\/a>.<\/p>\n","protected":false},"excerpt":{"rendered":"<p>Plaza Mayor Medell\u00edn recibir\u00e1 este 10 y 11 de octubre la d\u00e9cima edici\u00f3n del\u00a0Seminario Internacional de Derecho Procesal (SIDP), un evento clave para la\u00a0academia y rama judicial colombiana, que reunir\u00e1 a 21 expertos, incluidos 14\u00a0conferencistas &#8230;<\/p>\n","protected":false},"author":84,"featured_media":351970,"comment_status":"open","ping_status":"open","sticky":false,"template":"","format":"standard","meta":[],"categories":[17],"tags":[431,455,692],"formato_nota":[],"programas_tax":[],"acf":[],"_links":{"self":[{"href":"https:\/\/www.medellin.gov.co\/es\/wp-json\/wp\/v2\/posts\/351961"}],"collection":[{"href":"https:\/\/www.medellin.gov.co\/es\/wp-json\/wp\/v2\/posts"}],"about":[{"href":"https:\/\/www.medellin.gov.co\/es\/wp-json\/wp\/v2\/types\/post"}],"author":[{"embeddable":true,"href":"https:\/\/www.medellin.gov.co\/es\/wp-json\/wp\/v2\/users\/84"}],"replies":[{"embeddable":true,"href":"https:\/\/www.medellin.gov.co\/es\/wp-json\/wp\/v2\/comments?post=351961"}],"version-history":[{"count":1,"href":"https:\/\/www.medellin.gov.co\/es\/wp-json\/wp\/v2\/posts\/351961\/revisions"}],"predecessor-version":[{"id":351994,"href":"https:\/\/www.medellin.gov.co\/es\/wp-json\/wp\/v2\/posts\/351961\/revisions\/351994"}],"wp:featuredmedia":[{"embeddable":true,"href":"https:\/\/www.medellin.gov.co\/es\/wp-json\/wp\/v2\/media\/351970"}],"wp:attachment":[{"href":"https:\/\/www.medellin.gov.co\/es\/wp-json\/wp\/v2\/media?parent=351961"}],"wp:term":[{"taxonomy":"category","embeddable":true,"href":"https:\/\/www.medellin.gov.co\/es\/wp-json\/wp\/v2\/categories?post=351961"},{"taxonomy":"post_tag","embeddable":true,"href":"https:\/\/www.medellin.gov.co\/es\/wp-json\/wp\/v2\/tags?post=351961"},{"taxonomy":"formato_nota","embeddable":true,"href":"https:\/\/www.medellin.gov.co\/es\/wp-json\/wp\/v2\/formato_nota?post=351961"},{"taxonomy":"programas_tax","embeddable":true,"href":"https:\/\/www.medellin.gov.co\/es\/wp-json\/wp\/v2\/programas_tax?post=351961"}],"curies":[{"name":"wp","href":"https:\/\/api.w.org\/{rel}","templated":true}]}}