{"id":35197,"date":"2020-01-05T00:00:00","date_gmt":"2020-01-05T05:00:00","guid":{"rendered":"https:\/\/www.medellin.gov.co\/es\/saladeprensa\/noticias\/en-robledo-el-alcalde-de-medellin-rechazo-el-homicidio-de-joven-en-las-ultimas-horas\/"},"modified":"2022-03-27T22:59:11","modified_gmt":"2022-03-28T03:59:11","slug":"en-robledo-el-alcalde-de-medellin-rechazo-el-homicidio-de-joven-en-las-ultimas-horas","status":"publish","type":"post","link":"https:\/\/www.medellin.gov.co\/es\/sala-de-prensa\/noticias\/en-robledo-el-alcalde-de-medellin-rechazo-el-homicidio-de-joven-en-las-ultimas-horas\/","title":{"rendered":"En Robledo, el alcalde de Medell\u00edn rechaz\u00f3 el homicidio de joven en las \u00faltimas horas"},"content":{"rendered":"<div class=\"wrap contenido\">\n<div class=\"noticia\">\n<div class=\"imagen\">\n<div class=\"divContImageNoticia\" style=\"background-image:url('\/irj\/go\/km\/docs\/pccdesign\/medellin\/Temas\/Seguridad\/Noticias\/Shared Content\/Imagenes\/2020\/20200104_SeguridadVillaFlora.jpeg')\" rel=\"\/irj\/go\/km\/docs\/pccdesign\/medellin\/Temas\/Seguridad\/Noticias\/Shared Content\/Imagenes\/2020\/20200104_SeguridadVillaFlora.jpeg\"><span style=\"display:none\"\/><\/div>\n<p>Recorrido por Robledo-Villa Flora<\/p>\n<p>Foto Alcald\u00eda de Medell\u00edn<\/p><\/div>\n<p class=\"fecha\"><span>2020-01-04<\/span><\/p>\n<p itemprop=\"name\">En Robledo, el alcalde de Medell\u00edn rechaz\u00f3 el homicidio de joven en las \u00faltimas horas<\/p>\n<p>Por Juan Jos\u00e9 Aux Trujillo \/ Jefe de prensa<\/p>\n<div class=\"cuerpo\">\n<p><p>\u25cf&nbsp;El alcalde anunci&oacute; la creaci&oacute;n de un plan de choque para acabar con los homicidios en la ciudad.<br \/>\u25cf&nbsp;Desde la Alcald&iacute;a se har&aacute; un pacto por la vida y la protecci&oacute;n de la ciudadan&iacute;a.<br \/>\u25cf&nbsp;&ldquo;Toda vida es sagrada. No hay muertos buenos ni muertos malos&rdquo;: alcalde Daniel Quintero.<\/p>\n<p>Con el anuncio de un plan de choque para reducir los homicidios en Medell&iacute;n, el alcalde Daniel Quintero concluy&oacute; el s&aacute;bado 4 de enero&nbsp;un recorrido por Robledo-Villa Flora, en el que rechaz&oacute; el asesinato de un joven de 24 a&ntilde;os, ocurrido en las &uacute;ltimas horas. En la visita al sector lo acompa&ntilde;aron el secretario de Seguridad y Convivencia, el General (R) Jos&eacute; Gerardo Acevedo Ossa, y diferentes autoridades, quienes se comprometieron a sumar esfuerzos para atacar este flagelo.<\/p>\n<p>Adem&aacute;s del mensaje en rechazo de la violencia, el alcalde ratific&oacute; su intenci&oacute;n de velar por la preservaci&oacute;n de cualquier forma de vida en la ciudad bajo la premisa de que toda vida es sagrada y &ldquo;perseguir de forma intensa a los homicidas&rdquo;.<\/p>\n<p>Por tal motivo, reiter&oacute; que se brindar&aacute; acompa&ntilde;amiento a los familiares de la v&iacute;ctima con una atenci&oacute;n integral desde la Secretar&iacute;a de Inclusi&oacute;n Social, Familia y Derechos Humanos. Adicionalmente, se desplegaron los recursos necesarios para dar con los responsables del hecho, con recompensa para aquellos ciudadanos que favorezcan su captura y judicializaci&oacute;n.<\/p>\n<\/p>\n<p><span style=\"display:none\"\/><\/div>\n<div class=\"compartir\">Compartir en: <a title=\"\" href=\"http:\/\/www.facebook.com\/share.php?u=\" class=\"btCompartirFacebook btCompartir\" target=\"_blank\" rel=\"noopener\"><a title=\"\" href=\"http:\/\/twitter.com\/home?status=Haz%20clic%20para%20ver%20esta%20noticia%20en%20\" class=\"btCompartirTwitter btCompartir\"\/><a title=\"\" href=\"whatsapp:\/\/send?text=Haz%20clic%20para%20ver%20esta%20noticia%20en%20\" class=\"btCompartirWa btCompartir\"\/><\/div>\n<\/div>\n<p><script>try{comprobarImagen();fixBtnRedes();hitsMedellin();}catch(e){}<\/script><\/div>\n","protected":false},"excerpt":{"rendered":"<p>Recorrido por Robledo-Villa Flora Foto Alcald\u00eda de Medell\u00edn 2020-01-04 En Robledo, el alcalde de Medell\u00edn rechaz\u00f3 el homicidio de joven en las \u00faltimas horas Por Juan Jos\u00e9 Aux Trujillo \/ Jefe de prensa \u25cf&nbsp;El alcalde &#8230;<\/p>\n","protected":false},"author":1,"featured_media":59466,"comment_status":"open","ping_status":"open","sticky":false,"template":"","format":"standard","meta":[],"categories":[12,21],"tags":[455],"formato_nota":[],"programas_tax":[],"acf":[],"_links":{"self":[{"href":"https:\/\/www.medellin.gov.co\/es\/wp-json\/wp\/v2\/posts\/35197"}],"collection":[{"href":"https:\/\/www.medellin.gov.co\/es\/wp-json\/wp\/v2\/posts"}],"about":[{"href":"https:\/\/www.medellin.gov.co\/es\/wp-json\/wp\/v2\/types\/post"}],"author":[{"embeddable":true,"href":"https:\/\/www.medellin.gov.co\/es\/wp-json\/wp\/v2\/users\/1"}],"replies":[{"embeddable":true,"href":"https:\/\/www.medellin.gov.co\/es\/wp-json\/wp\/v2\/comments?post=35197"}],"version-history":[{"count":1,"href":"https:\/\/www.medellin.gov.co\/es\/wp-json\/wp\/v2\/posts\/35197\/revisions"}],"predecessor-version":[{"id":47073,"href":"https:\/\/www.medellin.gov.co\/es\/wp-json\/wp\/v2\/posts\/35197\/revisions\/47073"}],"wp:featuredmedia":[{"embeddable":true,"href":"https:\/\/www.medellin.gov.co\/es\/wp-json\/wp\/v2\/media\/59466"}],"wp:attachment":[{"href":"https:\/\/www.medellin.gov.co\/es\/wp-json\/wp\/v2\/media?parent=35197"}],"wp:term":[{"taxonomy":"category","embeddable":true,"href":"https:\/\/www.medellin.gov.co\/es\/wp-json\/wp\/v2\/categories?post=35197"},{"taxonomy":"post_tag","embeddable":true,"href":"https:\/\/www.medellin.gov.co\/es\/wp-json\/wp\/v2\/tags?post=35197"},{"taxonomy":"formato_nota","embeddable":true,"href":"https:\/\/www.medellin.gov.co\/es\/wp-json\/wp\/v2\/formato_nota?post=35197"},{"taxonomy":"programas_tax","embeddable":true,"href":"https:\/\/www.medellin.gov.co\/es\/wp-json\/wp\/v2\/programas_tax?post=35197"}],"curies":[{"name":"wp","href":"https:\/\/api.w.org\/{rel}","templated":true}]}}