{"id":352080,"date":"2024-10-15T13:52:04","date_gmt":"2024-10-15T18:52:04","guid":{"rendered":"https:\/\/www.medellin.gov.co\/es\/?p=352080"},"modified":"2024-10-15T17:50:16","modified_gmt":"2024-10-15T22:50:16","slug":"la-cinemateca-siete-anos-preservando-la-historia-audiovisual-de-medellin","status":"publish","type":"post","link":"https:\/\/www.medellin.gov.co\/es\/sala-de-prensa\/noticias\/la-cinemateca-siete-anos-preservando-la-historia-audiovisual-de-medellin\/","title":{"rendered":"La Cinemateca, siete a\u00f1os preservando la historia audiovisual de Medell\u00edn"},"content":{"rendered":"<p>Desde 1911, el cine se convirti\u00f3 en el s\u00e9ptimo arte. Y lo es, porque desde esa \u00e9poca combina de manera h\u00e1bil elementos art\u00edsticos y t\u00e9cnicos para crear una experiencia \u00fanica e inolvidable para el espectador.<\/p>\n<p>El cine es sensaci\u00f3n y sentimientos, es la expresi\u00f3n y la vivencia de muchas personas que transforman sus ideas en la magia de la pantalla y porque miles de personas que asisten a las salas se identifican de alguna manera con las im\u00e1genes y sonidos que salen de la pantalla. Las historias, los g\u00e9neros y la creatividad cobran m\u00e1s fuerza en las salas de cine, porque el p\u00fablico se conecta con lo que pasa all\u00ed.<\/p>\n\n\t\t<style type=\"text\/css\">\n\t\t\t#gallery-1 {\n\t\t\t\tmargin: auto;\n\t\t\t}\n\t\t\t#gallery-1 .gallery-item {\n\t\t\t\tfloat: left;\n\t\t\t\tmargin-top: 10px;\n\t\t\t\ttext-align: center;\n\t\t\t\twidth: 50%;\n\t\t\t}\n\t\t\t#gallery-1 img {\n\t\t\t\tborder: 2px solid #cfcfcf;\n\t\t\t}\n\t\t\t#gallery-1 .gallery-caption {\n\t\t\t\tmargin-left: 0;\n\t\t\t}\n\t\t\t\/* see gallery_shortcode() in wp-includes\/media.php *\/\n\t\t<\/style>\n\t\t<div id='gallery-1' class='gallery galleryid-352080 gallery-columns-2 gallery-size-large'><dl class='gallery-item'>\n\t\t\t<dt class='gallery-icon landscape'>\n\t\t\t\t<a href='https:\/\/www.medellin.gov.co\/es\/sala-de-prensa\/noticias\/la-cinemateca-siete-anos-preservando-la-historia-audiovisual-de-medellin\/cinemateca62\/'><img width=\"1024\" height=\"682\" src=\"https:\/\/www.medellin.gov.co\/es\/wp-content\/uploads\/2024\/10\/Cinemateca62-1024x682.jpg\" class=\"attachment-large size-large\" alt=\"\" loading=\"lazy\" aria-describedby=\"gallery-1-353742\" srcset=\"https:\/\/www.medellin.gov.co\/es\/wp-content\/uploads\/2024\/10\/Cinemateca62-1024x682.jpg 1024w, https:\/\/www.medellin.gov.co\/es\/wp-content\/uploads\/2024\/10\/Cinemateca62-300x200.jpg 300w, https:\/\/www.medellin.gov.co\/es\/wp-content\/uploads\/2024\/10\/Cinemateca62-150x100.jpg 150w, https:\/\/www.medellin.gov.co\/es\/wp-content\/uploads\/2024\/10\/Cinemateca62-768x512.jpg 768w, https:\/\/www.medellin.gov.co\/es\/wp-content\/uploads\/2024\/10\/Cinemateca62.jpg 1280w\" sizes=\"(max-width: 1024px) 100vw, 1024px\" \/><\/a>\n\t\t\t<\/dt>\n\t\t\t\t<dd class='wp-caption-text gallery-caption' id='gallery-1-353742'>\n\t\t\t\tCinemateca de Medell\u00edn\n\t\t\t\t<\/dd><\/dl><dl class='gallery-item'>\n\t\t\t<dt class='gallery-icon landscape'>\n\t\t\t\t<a href='https:\/\/www.medellin.gov.co\/es\/sala-de-prensa\/noticias\/la-cinemateca-siete-anos-preservando-la-historia-audiovisual-de-medellin\/cinemateca46\/'><img width=\"1024\" height=\"682\" src=\"https:\/\/www.medellin.gov.co\/es\/wp-content\/uploads\/2024\/10\/Cinemateca46-1024x682.jpg\" class=\"attachment-large size-large\" alt=\"\" loading=\"lazy\" aria-describedby=\"gallery-1-353740\" srcset=\"https:\/\/www.medellin.gov.co\/es\/wp-content\/uploads\/2024\/10\/Cinemateca46-1024x682.jpg 1024w, https:\/\/www.medellin.gov.co\/es\/wp-content\/uploads\/2024\/10\/Cinemateca46-300x200.jpg 300w, https:\/\/www.medellin.gov.co\/es\/wp-content\/uploads\/2024\/10\/Cinemateca46-150x100.jpg 150w, https:\/\/www.medellin.gov.co\/es\/wp-content\/uploads\/2024\/10\/Cinemateca46-768x512.jpg 768w, https:\/\/www.medellin.gov.co\/es\/wp-content\/uploads\/2024\/10\/Cinemateca46.jpg 1280w\" sizes=\"(max-width: 1024px) 100vw, 1024px\" \/><\/a>\n\t\t\t<\/dt>\n\t\t\t\t<dd class='wp-caption-text gallery-caption' id='gallery-1-353740'>\n\t\t\t\tCinemateca de Medell\u00edn\n\t\t\t\t<\/dd><\/dl><br style=\"clear: both\" \/>\n\t\t<\/div>\n\n<p>Y desde tiempo atr\u00e1s, el cine lleg\u00f3 a Medell\u00edn. Simplemente, recordemos que la primera funci\u00f3n cinematogr\u00e1fica de que se tiene noticia en la ciudad fue el primero de noviembre de 1898, cuando los empresarios Wilson y Gaylord presentaron el <a href=\"https:\/\/es.wikipedia.org\/wiki\/Quinetoscopio\" target=\"_blank\" rel=\"noopener\">proyectoscopio de Edison<\/a>. Y otro dato que vale la pena destacar: <a href=\"https:\/\/www.cinecolombia.com\/medellin\" target=\"_blank\" rel=\"noopener\">Cine Colombia fue fundada en Medell\u00edn el 7 de junio de 1927<\/a>, por iniciativa de un grupo de empresarios, con el prop\u00f3sito de la construcci\u00f3n de teatros, la exhibici\u00f3n, distribuci\u00f3n, venta y alquiler de pel\u00edculas.<\/p>\n<p><div class=\"iframe-container\"><iframe title=\"YouTube video player\" src=\"https:\/\/www.youtube.com\/embed\/QmMlS4O-Gw4?si=58s7pakm_6OoMiJM\" width=\"100%\" height=\"350\" frameborder=\"0\" allowfullscreen=\"allowfullscreen\"><span data-mce-type=\"bookmark\" style=\"display: inline-block; width: 0px; overflow: hidden; line-height: 0;\" class=\"mce_SELRES_start\">\ufeff<\/span><\/iframe><\/div>Bajo el cielo antioque\u00f1o, pel\u00edcula de 1925. Fuente: <a href=\"https:\/\/www.youtube.com\/@navarromiranda6666\" target=\"_blank\" rel=\"noopener\">https:\/\/www.youtube.com\/@navarromiranda6666<\/a><\/p>\n<p>La primera pel\u00edcula hecha en la ciudad se llam\u00f3 <a href=\"https:\/\/www.youtube.com\/@navarromiranda6666\" target=\"_blank\" rel=\"noopener\"><em>Bajo el cielo antioque\u00f1o,<\/em> realizada en 1925 por el antioque\u00f1o Gonzalo Mej\u00eda<\/a>, quien se empe\u00f1\u00f3 en hacer una pel\u00edcula y para ello, fund\u00f3 la Compa\u00f1\u00eda Filmadora de Medell\u00edn. La cinta narra la historia de una joven de la alta sociedad antioque\u00f1a que, al ver que su padre se niega a que ella se case con su novio, decide escapar con \u00e9l, enfrent\u00e1ndose a una serie de dificultades.<\/p>\n<p><strong>La Cinemateca llega a Medell\u00edn<\/strong><\/p>\n<p>Desde su apertura en 2017, la <a href=\"https:\/\/www.medellin.gov.co\/es\/secretaria-cultura-ciudadana\/nos-mueve-la-cultura\/cinemateca-distrital-de-medellin\/\" target=\"_blank\" rel=\"noopener\">Cinemateca de Medell\u00edn<\/a> ha sido un referente en la formaci\u00f3n, exhibici\u00f3n y conservaci\u00f3n de los procesos audiovisuales de la ciudad. En estos siete a\u00f1os se ha consolidado como una ventana que impulsa el cine local, nacional e internacional, llevando su programaci\u00f3n a casas de cultura, bibliotecas, <a href=\"https:\/\/www.grupo-epm.com\/site\/fundacionepm\/quehacemos\/programas\/uva.html\" target=\"_blank\" rel=\"noopener\">Unidades de Vida Articulada (UVA)<\/a>, centros culturales, salas de cine alternativas y parques p\u00fablicos de Medell\u00edn, en un esfuerzo constante por acercar el s\u00e9ptimo arte a toda la ciudad.<\/p>\n<div id=\"attachment_353744\" style=\"width: 1034px\" class=\"wp-caption alignnone\"><a href=\"https:\/\/www.medellin.gov.co\/es\/wp-content\/uploads\/2024\/10\/Cinemateca2.jpg\" target=\"_blank\" rel=\"noopener\"><img aria-describedby=\"caption-attachment-353744\" loading=\"lazy\" class=\"wp-image-353744 size-large\" src=\"https:\/\/www.medellin.gov.co\/es\/wp-content\/uploads\/2024\/10\/Cinemateca2-1024x683.jpg\" alt=\"\" width=\"1024\" height=\"683\" srcset=\"https:\/\/www.medellin.gov.co\/es\/wp-content\/uploads\/2024\/10\/Cinemateca2-1024x683.jpg 1024w, https:\/\/www.medellin.gov.co\/es\/wp-content\/uploads\/2024\/10\/Cinemateca2-300x200.jpg 300w, https:\/\/www.medellin.gov.co\/es\/wp-content\/uploads\/2024\/10\/Cinemateca2-150x100.jpg 150w, https:\/\/www.medellin.gov.co\/es\/wp-content\/uploads\/2024\/10\/Cinemateca2-768x513.jpg 768w, https:\/\/www.medellin.gov.co\/es\/wp-content\/uploads\/2024\/10\/Cinemateca2.jpg 1278w\" sizes=\"(max-width: 1024px) 100vw, 1024px\" \/><\/a><p id=\"caption-attachment-353744\" class=\"wp-caption-text\">Cinemateca de Medell\u00edn<\/p><\/div>\n<p>En estos siete a\u00f1os la <a href=\"https:\/\/www.medellin.gov.co\/es\/secretaria-cultura-ciudadana\/nos-mueve-la-cultura\/cinemateca-distrital-de-medellin\/\" target=\"_blank\" rel=\"noopener\">Cinemateca<\/a> ha rotado por diversos lugares de la ciudad con un prop\u00f3sito: llevar el cine a muchos rincones, donde la comunidad ha entendido la labor itinerante en procesos de formaci\u00f3n y exhibici\u00f3n. As\u00ed lo ratifica Ana Mar\u00eda Ram\u00edrez Bedoya, gestora del componente de archivo de la <a href=\"https:\/\/www.medellin.gov.co\/es\/secretaria-cultura-ciudadana\/nos-mueve-la-cultura\/cinemateca-distrital-de-medellin\/\" target=\"_blank\" rel=\"noopener\">Cinemateca<\/a>, quien a lo largo de este tiempo ha sido testigo del esfuerzo que se ha hecho:<\/p>\n<p><em>\u201cLa <a href=\"https:\/\/www.medellin.gov.co\/es\/secretaria-cultura-ciudadana\/nos-mueve-la-cultura\/cinemateca-distrital-de-medellin\/\" target=\"_blank\" rel=\"noopener\">Cinemateca<\/a> se ha transformado mucho. Creo que ha crecido en programaci\u00f3n, hemos visitado muchos lugares de la ciudad, tambi\u00e9n hemos tenido muchos invitados nacionales e internacionales y algo muy importante, muy bonito: ya hay un mayor reconocimiento de la ciudadan\u00eda con respecto a la <a href=\"https:\/\/www.medellin.gov.co\/es\/secretaria-cultura-ciudadana\/nos-mueve-la-cultura\/cinemateca-distrital-de-medellin\/\" target=\"_blank\" rel=\"noopener\">Cinemateca<\/a>, porque somos una <a href=\"https:\/\/www.medellin.gov.co\/es\/secretaria-cultura-ciudadana\/nos-mueve-la-cultura\/cinemateca-distrital-de-medellin\/\" target=\"_blank\" rel=\"noopener\">Cinemateca<\/a> itinerante, tenemos programaci\u00f3n en toda la ciudad, hasta en los corregimientos, y llevamos talleres de formaci\u00f3n, exhibici\u00f3n, tambi\u00e9n hemos trabajado mucho con los archivos comunitarios, lo que ha permitido un poco que los interesados en el cine, en el audiovisual, estudiantes y gestores culturales puedan conocer nuestra programaci\u00f3n, participar y estar en los procesos de formaci\u00f3n. Entonces creo que la <a href=\"https:\/\/www.medellin.gov.co\/es\/secretaria-cultura-ciudadana\/nos-mueve-la-cultura\/cinemateca-distrital-de-medellin\/\" target=\"_blank\" rel=\"noopener\">Cinemateca<\/a> ha crecido y esperamos que sean muchos a\u00f1os m\u00e1s y que podamos seguir acompa\u00f1ando toda la cultura audiovisual de la ciudad y aportando un poco la memoria a la historia del patrimonio\u201d.<\/em><\/p>\n<div id=\"attachment_353745\" style=\"width: 1034px\" class=\"wp-caption alignnone\"><a href=\"https:\/\/www.medellin.gov.co\/es\/wp-content\/uploads\/2024\/10\/Cinemateca22.jpg\" target=\"_blank\" rel=\"noopener\"><img aria-describedby=\"caption-attachment-353745\" loading=\"lazy\" class=\"wp-image-353745 size-large\" src=\"https:\/\/www.medellin.gov.co\/es\/wp-content\/uploads\/2024\/10\/Cinemateca22-1024x682.jpg\" alt=\"\" width=\"1024\" height=\"682\" srcset=\"https:\/\/www.medellin.gov.co\/es\/wp-content\/uploads\/2024\/10\/Cinemateca22-1024x682.jpg 1024w, https:\/\/www.medellin.gov.co\/es\/wp-content\/uploads\/2024\/10\/Cinemateca22-300x200.jpg 300w, https:\/\/www.medellin.gov.co\/es\/wp-content\/uploads\/2024\/10\/Cinemateca22-150x100.jpg 150w, https:\/\/www.medellin.gov.co\/es\/wp-content\/uploads\/2024\/10\/Cinemateca22-768x512.jpg 768w, https:\/\/www.medellin.gov.co\/es\/wp-content\/uploads\/2024\/10\/Cinemateca22.jpg 1280w\" sizes=\"(max-width: 1024px) 100vw, 1024px\" \/><\/a><p id=\"caption-attachment-353745\" class=\"wp-caption-text\">Cinemateca de Medell\u00edn<\/p><\/div>\n<p><strong>\u00bfCu\u00e1les son los logros m\u00e1s significativos de la Cinemateca en estos siete a\u00f1os?<\/strong><\/p>\n<p><em>\u201cLos logros m\u00e1s significativos, sobre todo en el componente de archivo, es que tenemos un diagn\u00f3stico con m\u00e1s de 70 archivos de la ciudad, archivos institucionales, personales, de autor, que nos ha permitido contribuir con esa memoria y patrimonio. Tambi\u00e9n hemos hecho varios espacios de jornadas de la memoria, articulaciones con patrimonio f\u00edlmico, con Se\u00f1al Memoria, con la <a href=\"https:\/\/cinematecadebogota.gov.co\/\" target=\"_blank\" rel=\"noopener\">Cinemateca Bogot\u00e1<\/a>, y eso nos ha permitido crecer y tener una experiencia con ellos. Nosotros apenas est\u00e1bamos empezando; llevamos siete a\u00f1os, pero todav\u00eda es como un inicio. Otro de los logros m\u00e1s significativos son los talleres de formaci\u00f3n y la vinculaci\u00f3n que hemos tenido con los est\u00edmulos a trav\u00e9s de fomento de la <a href=\"https:\/\/www.medellin.gov.co\/es\/secretaria-cultura-ciudadana\/\" target=\"_blank\" rel=\"noopener\">Secretar\u00eda de Cultura<\/a>, donde hemos permitido tambi\u00e9n que la ciudadan\u00eda vaya a hacer pasant\u00edas, residencias y dem\u00e1s en lo que tiene que ver con la recuperaci\u00f3n del patrimonio audiovisual.<\/em><\/p>\n\n\t\t<style type=\"text\/css\">\n\t\t\t#gallery-2 {\n\t\t\t\tmargin: auto;\n\t\t\t}\n\t\t\t#gallery-2 .gallery-item {\n\t\t\t\tfloat: left;\n\t\t\t\tmargin-top: 10px;\n\t\t\t\ttext-align: center;\n\t\t\t\twidth: 50%;\n\t\t\t}\n\t\t\t#gallery-2 img {\n\t\t\t\tborder: 2px solid #cfcfcf;\n\t\t\t}\n\t\t\t#gallery-2 .gallery-caption {\n\t\t\t\tmargin-left: 0;\n\t\t\t}\n\t\t\t\/* see gallery_shortcode() in wp-includes\/media.php *\/\n\t\t<\/style>\n\t\t<div id='gallery-2' class='gallery galleryid-352080 gallery-columns-2 gallery-size-large'><dl class='gallery-item'>\n\t\t\t<dt class='gallery-icon landscape'>\n\t\t\t\t<a href='https:\/\/www.medellin.gov.co\/es\/sala-de-prensa\/noticias\/la-cinemateca-siete-anos-preservando-la-historia-audiovisual-de-medellin\/cinemateca48\/'><img width=\"1024\" height=\"683\" src=\"https:\/\/www.medellin.gov.co\/es\/wp-content\/uploads\/2024\/10\/Cinemateca48-1024x683.jpg\" class=\"attachment-large size-large\" alt=\"\" loading=\"lazy\" aria-describedby=\"gallery-2-353748\" srcset=\"https:\/\/www.medellin.gov.co\/es\/wp-content\/uploads\/2024\/10\/Cinemateca48-1024x683.jpg 1024w, https:\/\/www.medellin.gov.co\/es\/wp-content\/uploads\/2024\/10\/Cinemateca48-300x200.jpg 300w, https:\/\/www.medellin.gov.co\/es\/wp-content\/uploads\/2024\/10\/Cinemateca48-150x100.jpg 150w, https:\/\/www.medellin.gov.co\/es\/wp-content\/uploads\/2024\/10\/Cinemateca48-768x512.jpg 768w, https:\/\/www.medellin.gov.co\/es\/wp-content\/uploads\/2024\/10\/Cinemateca48.jpg 1279w\" sizes=\"(max-width: 1024px) 100vw, 1024px\" \/><\/a>\n\t\t\t<\/dt>\n\t\t\t\t<dd class='wp-caption-text gallery-caption' id='gallery-2-353748'>\n\t\t\t\tV\u00edctor Manuel Gaviria Gonz\u00e1lez\n\t\t\t\t<\/dd><\/dl><dl class='gallery-item'>\n\t\t\t<dt class='gallery-icon landscape'>\n\t\t\t\t<a href='https:\/\/www.medellin.gov.co\/es\/sala-de-prensa\/noticias\/la-cinemateca-siete-anos-preservando-la-historia-audiovisual-de-medellin\/cinemateca10\/'><img width=\"1024\" height=\"682\" src=\"https:\/\/www.medellin.gov.co\/es\/wp-content\/uploads\/2024\/10\/Cinemateca10-1024x682.jpg\" class=\"attachment-large size-large\" alt=\"\" loading=\"lazy\" aria-describedby=\"gallery-2-353746\" srcset=\"https:\/\/www.medellin.gov.co\/es\/wp-content\/uploads\/2024\/10\/Cinemateca10-1024x682.jpg 1024w, https:\/\/www.medellin.gov.co\/es\/wp-content\/uploads\/2024\/10\/Cinemateca10-300x200.jpg 300w, https:\/\/www.medellin.gov.co\/es\/wp-content\/uploads\/2024\/10\/Cinemateca10-150x100.jpg 150w, https:\/\/www.medellin.gov.co\/es\/wp-content\/uploads\/2024\/10\/Cinemateca10-768x512.jpg 768w, https:\/\/www.medellin.gov.co\/es\/wp-content\/uploads\/2024\/10\/Cinemateca10.jpg 1280w\" sizes=\"(max-width: 1024px) 100vw, 1024px\" \/><\/a>\n\t\t\t<\/dt>\n\t\t\t\t<dd class='wp-caption-text gallery-caption' id='gallery-2-353746'>\n\t\t\t\tV\u00edctor Manuel Gaviria Gonz\u00e1lez\n\t\t\t\t<\/dd><\/dl><br style=\"clear: both\" \/>\n\t\t<\/div>\n\n<p><em>Tambi\u00e9n tenemos el archivo del cineasta V\u00edctor Gaviria, \u00e9l hizo la entrega a la <a href=\"https:\/\/www.medellin.gov.co\/es\/secretaria-cultura-ciudadana\/nos-mueve-la-cultura\/cinemateca-distrital-de-medellin\/\" target=\"_blank\" rel=\"noopener\">Cinemateca<\/a>. Es un material con diversidad de soportes y formatos que podemos encontrar: los detr\u00e1s de c\u00e1maras, los guiones, las investigaciones y dem\u00e1s de sus pel\u00edculas que han sido reconocidas tanto en Medell\u00edn como en el \u00e1mbito internacional, archivo que es muy importante para la investigaci\u00f3n acad\u00e9mica y para los nuevos realizadores y cineastas. Tenemos archivos familiares que nos han donado varias familias de ac\u00e1, grabados en f\u00edlmico, y hay unas historias y unas memorias muy bonitas. Tenemos un archivo que es de la familia Escobar Santamar\u00eda, ellos eran cazadores en la \u00e9poca m\u00e1s o menos de los 70-80. Ah\u00ed tambi\u00e9n vemos im\u00e1genes de una de las primeras mujeres piloto en Colombia, Rosa Elena Santamar\u00eda. Tenemos una serie de im\u00e1genes, tanto de Medell\u00edn como de todo el pa\u00eds, que enriquece un poco esa cultura y esa memoria, y ese archivo, despu\u00e9s de someterlo a procesos t\u00e9cnicos y archiv\u00edsticos, la idea es que sea puesto para consulta de la ciudadan\u00eda, para creaci\u00f3n de nuevas producciones, para la investigaci\u00f3n, de pronto para un video arte o una exposici\u00f3n, donde se resalten las diferentes tem\u00e1ticas del archivo\u201d.<\/em><em>\u00a0<\/em><\/p>\n<p><strong>Un sue\u00f1o que se har\u00e1 realidad<\/strong><\/p>\n<p>Alejandro G\u00f3mez Mar\u00edn, coordinador general de la <a href=\"https:\/\/www.medellin.gov.co\/es\/secretaria-cultura-ciudadana\/nos-mueve-la-cultura\/cinemateca-distrital-de-medellin\/\" target=\"_blank\" rel=\"noopener\">Cinemateca Distrital de Medell\u00edn<\/a>, nos explica que en esta administraci\u00f3n, la sede f\u00edsica de la <a href=\"https:\/\/www.medellin.gov.co\/es\/secretaria-cultura-ciudadana\/nos-mueve-la-cultura\/cinemateca-distrital-de-medellin\/\" target=\"_blank\" rel=\"noopener\">Cinemateca<\/a> ser\u00e1 una realidad.<\/p>\n<div id=\"attachment_353776\" style=\"width: 1034px\" class=\"wp-caption alignnone\"><a href=\"https:\/\/www.medellin.gov.co\/es\/wp-content\/uploads\/2024\/10\/Cinemateca76.jpg\" target=\"_blank\" rel=\"noopener\"><img aria-describedby=\"caption-attachment-353776\" loading=\"lazy\" class=\"wp-image-353776 size-large\" src=\"https:\/\/www.medellin.gov.co\/es\/wp-content\/uploads\/2024\/10\/Cinemateca76-1024x682.jpg\" alt=\"\" width=\"1024\" height=\"682\" srcset=\"https:\/\/www.medellin.gov.co\/es\/wp-content\/uploads\/2024\/10\/Cinemateca76-1024x682.jpg 1024w, https:\/\/www.medellin.gov.co\/es\/wp-content\/uploads\/2024\/10\/Cinemateca76-300x200.jpg 300w, https:\/\/www.medellin.gov.co\/es\/wp-content\/uploads\/2024\/10\/Cinemateca76-150x100.jpg 150w, https:\/\/www.medellin.gov.co\/es\/wp-content\/uploads\/2024\/10\/Cinemateca76-768x512.jpg 768w, https:\/\/www.medellin.gov.co\/es\/wp-content\/uploads\/2024\/10\/Cinemateca76.jpg 1280w\" sizes=\"(max-width: 1024px) 100vw, 1024px\" \/><\/a><p id=\"caption-attachment-353776\" class=\"wp-caption-text\">Cinemateca de Medell\u00edn<\/p><\/div>\n<p><strong>Alejandro, \u00bfcu\u00e1l es el sue\u00f1o que tiene hoy la <a href=\"https:\/\/www.medellin.gov.co\/es\/secretaria-cultura-ciudadana\/nos-mueve-la-cultura\/cinemateca-distrital-de-medellin\/\" target=\"_blank\" rel=\"noopener\">Cinemateca<\/a>?<\/strong><\/p>\n<p>\u201c<em>\u00bfQu\u00e9 so\u00f1amos con ese espacio? So\u00f1amos un espacio que tenga dos salas de cine, que podamos albergar las diferentes muestras, festivales, funciones especiales que tenemos desde nuestro componente de exhibici\u00f3n; que podamos tener, adem\u00e1s, invitados especiales a esas funciones. So\u00f1amos tambi\u00e9n con un espacio multifuncional que nos permita albergar todas las actividades que hacemos desde el componente de formaci\u00f3n, talleres de creaci\u00f3n, de apreciaci\u00f3n, que sirva como punto de encuentro para el sector de la ciudad, para el sector que se est\u00e1 formando, que tambi\u00e9n sirva como espacio para la formaci\u00f3n especializada de la mano de la <a href=\"https:\/\/filmedellin.com\/\" target=\"_blank\" rel=\"noopener\">Comisi\u00f3n F\u00edlmica<\/a> y, por supuesto, pensamos y so\u00f1amos para ese espacio \u2013 el coraz\u00f3n de una <a href=\"https:\/\/www.medellin.gov.co\/es\/secretaria-cultura-ciudadana\/nos-mueve-la-cultura\/cinemateca-distrital-de-medellin\/\" target=\"_blank\" rel=\"noopener\">Cinemateca<\/a> siempre es su archivo \u2013, un lugar adecuado para guardar, no solo los archivos que estamos guardando en este momento, el Escobar Santamar\u00eda y el de V\u00edctor Gaviria, sino poder recibir otros que est\u00e1n en la ciudad, que no se est\u00e1n cuidando de la manera que se debe y que podamos tener ese espacio especializado. Adem\u00e1s, so\u00f1amos con que ese mismo espacio, dedicado al archivo de la <a href=\"https:\/\/www.medellin.gov.co\/es\/secretaria-cultura-ciudadana\/nos-mueve-la-cultura\/cinemateca-distrital-de-medellin\/\" target=\"_blank\" rel=\"noopener\">Cinemateca<\/a>, tenga un centro de consulta, donde la gente pueda entrar, consultar, donde haya revistas, publicaciones especializadas, es decir, que nos sirva como el coraz\u00f3n realmente audiovisual de la ciudad, donde la formaci\u00f3n, la exhibici\u00f3n y el archivo, los tres componentes fundamentales de la <a href=\"https:\/\/www.medellin.gov.co\/es\/secretaria-cultura-ciudadana\/nos-mueve-la-cultura\/cinemateca-distrital-de-medellin\/\" target=\"_blank\" rel=\"noopener\">Cinemateca<\/a>, tengan un espacio f\u00edsico. Lo que so\u00f1amos es eso, un espacio para el encuentro del sector audiovisual y que tenga la posibilidad de que la gente llegue ah\u00ed y consulte constantemente la programaci\u00f3n que tenemos desde la <a href=\"https:\/\/www.medellin.gov.co\/es\/secretaria-cultura-ciudadana\/nos-mueve-la-cultura\/cinemateca-distrital-de-medellin\/\" target=\"_blank\" rel=\"noopener\">Cinemateca<\/a>\u201d.<\/em><em>\u00a0<\/em><\/p>\n<p><div class=\"iframe-container\"><iframe title=\"YouTube video player\" src=\"https:\/\/www.youtube.com\/embed\/Hi44pMyRGDA?si=vfFyK6AGJnByNStw\" width=\"100%\" height=\"350\" frameborder=\"0\" allowfullscreen=\"allowfullscreen\"><\/iframe><\/div><\/p>\n<p><strong>La descentralizaci\u00f3n de los servicios de la Cinemateca<\/strong><\/p>\n<p>El alcance de la <em><a href=\"https:\/\/www.medellin.gov.co\/es\/secretaria-cultura-ciudadana\/nos-mueve-la-cultura\/cinemateca-distrital-de-medellin\/\" target=\"_blank\" rel=\"noopener\">Cinemateca<\/a><\/em> es alto en todo el territorio. Un dato: entre 700 y 1000 exhibiciones por a\u00f1o. As\u00ed lo dice Alba Mary Salazar Jim\u00e9nez, gestora de exhibici\u00f3n de la <a href=\"https:\/\/www.medellin.gov.co\/es\/secretaria-cultura-ciudadana\/nos-mueve-la-cultura\/cinemateca-distrital-de-medellin\/\" target=\"_blank\" rel=\"noopener\">Cinemateca Distrital de Medell\u00edn<\/a>:<\/p>\n<p><em>\u201cEl componente de exhibici\u00f3n de la <a href=\"https:\/\/www.medellin.gov.co\/es\/secretaria-cultura-ciudadana\/nos-mueve-la-cultura\/cinemateca-distrital-de-medellin\/\" target=\"_blank\" rel=\"noopener\">Cinemateca<\/a> es muy importante, porque podemos tener alrededor de 700 a 1000 exhibiciones en lo que dura el programa, anual o nueve meses, depende de c\u00f3mo empiecen los contratos. Este componente se encarga de gestionar los derechos de exhibici\u00f3n, es decir, respetar el derecho intelectual, comprarles a los distribuidores y a los realizadores sus pel\u00edculas y poderlas llevar de la forma correcta a los diferentes equipamientos de la ciudad. Cuando hablamos de equipamientos, hablamos de todo el Sistema de Bibliotecas P\u00fablicas, de Red Casas de la Cultura, tambi\u00e9n estamos articulados con las <a href=\"https:\/\/www.grupo-epm.com\/site\/fundacionepm\/quehacemos\/programas\/uva.html\" target=\"_blank\" rel=\"noopener\">UVA de EPM<\/a> y, adem\u00e1s, de instituciones que se acercan a la <a href=\"https:\/\/www.medellin.gov.co\/es\/secretaria-cultura-ciudadana\/nos-mueve-la-cultura\/cinemateca-distrital-de-medellin\/\" target=\"_blank\" rel=\"noopener\">Cinemateca<\/a>, como, por ejemplo, hacemos ciclos de cine con la Universidad de Antioquia, con la <a href=\"https:\/\/unal.edu.co\/\" target=\"_blank\" rel=\"noopener\">Universidad Nacional<\/a>, el Polit\u00e9cnico. Estamos ahorita con el <a href=\"https:\/\/www.udea.edu.co\/wps\/portal\/udea\/web\/inicio\/unidades-academicas\/artes\/centro-cultural\" target=\"_blank\" rel=\"noopener\">Centro Cultural Facultad de Artes de la Universidad de Antioquia<\/a>, all\u00ed se acercan diferentes colectivos, j\u00f3venes que habitan los barrios y nos piden cine, nos piden ciclos de cine cl\u00e1sico, contempor\u00e1neo o colombiano.<\/em><em>\u00a0<\/em><\/p>\n\n\t\t<style type=\"text\/css\">\n\t\t\t#gallery-3 {\n\t\t\t\tmargin: auto;\n\t\t\t}\n\t\t\t#gallery-3 .gallery-item {\n\t\t\t\tfloat: left;\n\t\t\t\tmargin-top: 10px;\n\t\t\t\ttext-align: center;\n\t\t\t\twidth: 33%;\n\t\t\t}\n\t\t\t#gallery-3 img {\n\t\t\t\tborder: 2px solid #cfcfcf;\n\t\t\t}\n\t\t\t#gallery-3 .gallery-caption {\n\t\t\t\tmargin-left: 0;\n\t\t\t}\n\t\t\t\/* see gallery_shortcode() in wp-includes\/media.php *\/\n\t\t<\/style>\n\t\t<div id='gallery-3' class='gallery galleryid-352080 gallery-columns-3 gallery-size-large'><dl class='gallery-item'>\n\t\t\t<dt class='gallery-icon landscape'>\n\t\t\t\t<a href='https:\/\/www.medellin.gov.co\/es\/sala-de-prensa\/noticias\/la-cinemateca-siete-anos-preservando-la-historia-audiovisual-de-medellin\/cinemateca3\/'><img width=\"1024\" height=\"683\" src=\"https:\/\/www.medellin.gov.co\/es\/wp-content\/uploads\/2024\/10\/Cinemateca3-1024x683.jpg\" class=\"attachment-large size-large\" alt=\"\" loading=\"lazy\" aria-describedby=\"gallery-3-353752\" srcset=\"https:\/\/www.medellin.gov.co\/es\/wp-content\/uploads\/2024\/10\/Cinemateca3-1024x683.jpg 1024w, https:\/\/www.medellin.gov.co\/es\/wp-content\/uploads\/2024\/10\/Cinemateca3-300x200.jpg 300w, https:\/\/www.medellin.gov.co\/es\/wp-content\/uploads\/2024\/10\/Cinemateca3-150x100.jpg 150w, https:\/\/www.medellin.gov.co\/es\/wp-content\/uploads\/2024\/10\/Cinemateca3-768x513.jpg 768w, https:\/\/www.medellin.gov.co\/es\/wp-content\/uploads\/2024\/10\/Cinemateca3.jpg 1278w\" sizes=\"(max-width: 1024px) 100vw, 1024px\" \/><\/a>\n\t\t\t<\/dt>\n\t\t\t\t<dd class='wp-caption-text gallery-caption' id='gallery-3-353752'>\n\t\t\t\tCinemateca de Medell\u00edn\n\t\t\t\t<\/dd><\/dl><dl class='gallery-item'>\n\t\t\t<dt class='gallery-icon landscape'>\n\t\t\t\t<a href='https:\/\/www.medellin.gov.co\/es\/sala-de-prensa\/noticias\/la-cinemateca-siete-anos-preservando-la-historia-audiovisual-de-medellin\/cinemateca17\/'><img width=\"1024\" height=\"682\" src=\"https:\/\/www.medellin.gov.co\/es\/wp-content\/uploads\/2024\/10\/Cinemateca17-1024x682.jpg\" class=\"attachment-large size-large\" alt=\"\" loading=\"lazy\" aria-describedby=\"gallery-3-353755\" srcset=\"https:\/\/www.medellin.gov.co\/es\/wp-content\/uploads\/2024\/10\/Cinemateca17-1024x682.jpg 1024w, https:\/\/www.medellin.gov.co\/es\/wp-content\/uploads\/2024\/10\/Cinemateca17-300x200.jpg 300w, https:\/\/www.medellin.gov.co\/es\/wp-content\/uploads\/2024\/10\/Cinemateca17-150x100.jpg 150w, https:\/\/www.medellin.gov.co\/es\/wp-content\/uploads\/2024\/10\/Cinemateca17-768x512.jpg 768w, https:\/\/www.medellin.gov.co\/es\/wp-content\/uploads\/2024\/10\/Cinemateca17.jpg 1280w\" sizes=\"(max-width: 1024px) 100vw, 1024px\" \/><\/a>\n\t\t\t<\/dt>\n\t\t\t\t<dd class='wp-caption-text gallery-caption' id='gallery-3-353755'>\n\t\t\t\tCinemateca de Medell\u00edn\n\t\t\t\t<\/dd><\/dl><dl class='gallery-item'>\n\t\t\t<dt class='gallery-icon landscape'>\n\t\t\t\t<a href='https:\/\/www.medellin.gov.co\/es\/sala-de-prensa\/noticias\/la-cinemateca-siete-anos-preservando-la-historia-audiovisual-de-medellin\/cinemateca16\/'><img width=\"1024\" height=\"682\" src=\"https:\/\/www.medellin.gov.co\/es\/wp-content\/uploads\/2024\/10\/Cinemateca16-1024x682.jpg\" class=\"attachment-large size-large\" alt=\"\" loading=\"lazy\" aria-describedby=\"gallery-3-353754\" srcset=\"https:\/\/www.medellin.gov.co\/es\/wp-content\/uploads\/2024\/10\/Cinemateca16-1024x682.jpg 1024w, https:\/\/www.medellin.gov.co\/es\/wp-content\/uploads\/2024\/10\/Cinemateca16-300x200.jpg 300w, https:\/\/www.medellin.gov.co\/es\/wp-content\/uploads\/2024\/10\/Cinemateca16-150x100.jpg 150w, https:\/\/www.medellin.gov.co\/es\/wp-content\/uploads\/2024\/10\/Cinemateca16-768x512.jpg 768w, https:\/\/www.medellin.gov.co\/es\/wp-content\/uploads\/2024\/10\/Cinemateca16.jpg 1280w\" sizes=\"(max-width: 1024px) 100vw, 1024px\" \/><\/a>\n\t\t\t<\/dt>\n\t\t\t\t<dd class='wp-caption-text gallery-caption' id='gallery-3-353754'>\n\t\t\t\tCinemateca de Medell\u00edn\n\t\t\t\t<\/dd><\/dl><br style=\"clear: both\" \/><dl class='gallery-item'>\n\t\t\t<dt class='gallery-icon landscape'>\n\t\t\t\t<a href='https:\/\/www.medellin.gov.co\/es\/sala-de-prensa\/noticias\/la-cinemateca-siete-anos-preservando-la-historia-audiovisual-de-medellin\/cinemateca19\/'><img width=\"1024\" height=\"683\" src=\"https:\/\/www.medellin.gov.co\/es\/wp-content\/uploads\/2024\/10\/Cinemateca19-1024x683.jpg\" class=\"attachment-large size-large\" alt=\"\" loading=\"lazy\" aria-describedby=\"gallery-3-353756\" srcset=\"https:\/\/www.medellin.gov.co\/es\/wp-content\/uploads\/2024\/10\/Cinemateca19-1024x683.jpg 1024w, https:\/\/www.medellin.gov.co\/es\/wp-content\/uploads\/2024\/10\/Cinemateca19-300x200.jpg 300w, https:\/\/www.medellin.gov.co\/es\/wp-content\/uploads\/2024\/10\/Cinemateca19-150x100.jpg 150w, https:\/\/www.medellin.gov.co\/es\/wp-content\/uploads\/2024\/10\/Cinemateca19-768x513.jpg 768w, https:\/\/www.medellin.gov.co\/es\/wp-content\/uploads\/2024\/10\/Cinemateca19.jpg 1278w\" sizes=\"(max-width: 1024px) 100vw, 1024px\" \/><\/a>\n\t\t\t<\/dt>\n\t\t\t\t<dd class='wp-caption-text gallery-caption' id='gallery-3-353756'>\n\t\t\t\tCinemateca de Medell\u00edn\n\t\t\t\t<\/dd><\/dl><dl class='gallery-item'>\n\t\t\t<dt class='gallery-icon landscape'>\n\t\t\t\t<a href='https:\/\/www.medellin.gov.co\/es\/sala-de-prensa\/noticias\/la-cinemateca-siete-anos-preservando-la-historia-audiovisual-de-medellin\/cinemateca1\/'><img width=\"1024\" height=\"673\" src=\"https:\/\/www.medellin.gov.co\/es\/wp-content\/uploads\/2024\/10\/Cinemateca1-1024x673.jpg\" class=\"attachment-large size-large\" alt=\"Cinemateca de Medell\u00edn\" loading=\"lazy\" aria-describedby=\"gallery-3-353749\" srcset=\"https:\/\/www.medellin.gov.co\/es\/wp-content\/uploads\/2024\/10\/Cinemateca1-1024x673.jpg 1024w, https:\/\/www.medellin.gov.co\/es\/wp-content\/uploads\/2024\/10\/Cinemateca1-300x197.jpg 300w, https:\/\/www.medellin.gov.co\/es\/wp-content\/uploads\/2024\/10\/Cinemateca1-150x99.jpg 150w, https:\/\/www.medellin.gov.co\/es\/wp-content\/uploads\/2024\/10\/Cinemateca1-768x505.jpg 768w, https:\/\/www.medellin.gov.co\/es\/wp-content\/uploads\/2024\/10\/Cinemateca1.jpg 1280w\" sizes=\"(max-width: 1024px) 100vw, 1024px\" \/><\/a>\n\t\t\t<\/dt>\n\t\t\t\t<dd class='wp-caption-text gallery-caption' id='gallery-3-353749'>\n\t\t\t\tCinemateca de Medell\u00edn\n\t\t\t\t<\/dd><\/dl><dl class='gallery-item'>\n\t\t\t<dt class='gallery-icon landscape'>\n\t\t\t\t<a href='https:\/\/www.medellin.gov.co\/es\/sala-de-prensa\/noticias\/la-cinemateca-siete-anos-preservando-la-historia-audiovisual-de-medellin\/cinemateca15\/'><img width=\"1024\" height=\"682\" src=\"https:\/\/www.medellin.gov.co\/es\/wp-content\/uploads\/2024\/10\/Cinemateca15-1024x682.jpg\" class=\"attachment-large size-large\" alt=\"\" loading=\"lazy\" srcset=\"https:\/\/www.medellin.gov.co\/es\/wp-content\/uploads\/2024\/10\/Cinemateca15-1024x682.jpg 1024w, https:\/\/www.medellin.gov.co\/es\/wp-content\/uploads\/2024\/10\/Cinemateca15-300x200.jpg 300w, https:\/\/www.medellin.gov.co\/es\/wp-content\/uploads\/2024\/10\/Cinemateca15-150x100.jpg 150w, https:\/\/www.medellin.gov.co\/es\/wp-content\/uploads\/2024\/10\/Cinemateca15-768x512.jpg 768w, https:\/\/www.medellin.gov.co\/es\/wp-content\/uploads\/2024\/10\/Cinemateca15.jpg 1280w\" sizes=\"(max-width: 1024px) 100vw, 1024px\" \/><\/a>\n\t\t\t<\/dt><\/dl><br style=\"clear: both\" \/>\n\t\t<\/div>\n\n<p><em>Y tambi\u00e9n muchos se acercan, porque quieren ver un cine un poco m\u00e1s extra\u00f1o, lo que se llamar\u00eda cine de culto, y tambi\u00e9n hacemos este tipo de articulaciones. Adicional, estamos articulados con el <a href=\"https:\/\/www.mincultura.gov.co\/\" target=\"_blank\" rel=\"noopener\">Ministerio de Cultura<\/a>, con la Direcci\u00f3n de Audiovisuales, Cine y Medios Interactivos (DACMI), y ellos traen anualmente diferentes muestras de cine colombiano; nos articulamos para llevarlos a estos escenarios. Somos como ese brazo articulador con estas instituciones gubernamentales para llevar los contenidos, y no solo los contenidos, sino que tambi\u00e9n llevamos a los realizadores y generamos un conversatorio en torno a las tem\u00e1ticas.<\/em><em>\u00a0<\/em><\/p>\n\n\t\t<style type=\"text\/css\">\n\t\t\t#gallery-4 {\n\t\t\t\tmargin: auto;\n\t\t\t}\n\t\t\t#gallery-4 .gallery-item {\n\t\t\t\tfloat: left;\n\t\t\t\tmargin-top: 10px;\n\t\t\t\ttext-align: center;\n\t\t\t\twidth: 50%;\n\t\t\t}\n\t\t\t#gallery-4 img {\n\t\t\t\tborder: 2px solid #cfcfcf;\n\t\t\t}\n\t\t\t#gallery-4 .gallery-caption {\n\t\t\t\tmargin-left: 0;\n\t\t\t}\n\t\t\t\/* see gallery_shortcode() in wp-includes\/media.php *\/\n\t\t<\/style>\n\t\t<div id='gallery-4' class='gallery galleryid-352080 gallery-columns-2 gallery-size-large'><dl class='gallery-item'>\n\t\t\t<dt class='gallery-icon landscape'>\n\t\t\t\t<a href='https:\/\/www.medellin.gov.co\/es\/sala-de-prensa\/noticias\/la-cinemateca-siete-anos-preservando-la-historia-audiovisual-de-medellin\/cinemateca56\/'><img width=\"1024\" height=\"682\" src=\"https:\/\/www.medellin.gov.co\/es\/wp-content\/uploads\/2024\/10\/Cinemateca56-1024x682.jpg\" class=\"attachment-large size-large\" alt=\"\" loading=\"lazy\" aria-describedby=\"gallery-4-353758\" srcset=\"https:\/\/www.medellin.gov.co\/es\/wp-content\/uploads\/2024\/10\/Cinemateca56-1024x682.jpg 1024w, https:\/\/www.medellin.gov.co\/es\/wp-content\/uploads\/2024\/10\/Cinemateca56-300x200.jpg 300w, https:\/\/www.medellin.gov.co\/es\/wp-content\/uploads\/2024\/10\/Cinemateca56-150x100.jpg 150w, https:\/\/www.medellin.gov.co\/es\/wp-content\/uploads\/2024\/10\/Cinemateca56-768x512.jpg 768w, https:\/\/www.medellin.gov.co\/es\/wp-content\/uploads\/2024\/10\/Cinemateca56.jpg 1280w\" sizes=\"(max-width: 1024px) 100vw, 1024px\" \/><\/a>\n\t\t\t<\/dt>\n\t\t\t\t<dd class='wp-caption-text gallery-caption' id='gallery-4-353758'>\n\t\t\t\tCinemateca de Medell\u00edn\n\t\t\t\t<\/dd><\/dl><dl class='gallery-item'>\n\t\t\t<dt class='gallery-icon landscape'>\n\t\t\t\t<a href='https:\/\/www.medellin.gov.co\/es\/sala-de-prensa\/noticias\/la-cinemateca-siete-anos-preservando-la-historia-audiovisual-de-medellin\/cinemateca53\/'><img width=\"1024\" height=\"682\" src=\"https:\/\/www.medellin.gov.co\/es\/wp-content\/uploads\/2024\/10\/Cinemateca53-1024x682.jpg\" class=\"attachment-large size-large\" alt=\"\" loading=\"lazy\" aria-describedby=\"gallery-4-353757\" srcset=\"https:\/\/www.medellin.gov.co\/es\/wp-content\/uploads\/2024\/10\/Cinemateca53-1024x682.jpg 1024w, https:\/\/www.medellin.gov.co\/es\/wp-content\/uploads\/2024\/10\/Cinemateca53-300x200.jpg 300w, https:\/\/www.medellin.gov.co\/es\/wp-content\/uploads\/2024\/10\/Cinemateca53-150x100.jpg 150w, https:\/\/www.medellin.gov.co\/es\/wp-content\/uploads\/2024\/10\/Cinemateca53-768x512.jpg 768w, https:\/\/www.medellin.gov.co\/es\/wp-content\/uploads\/2024\/10\/Cinemateca53.jpg 1280w\" sizes=\"(max-width: 1024px) 100vw, 1024px\" \/><\/a>\n\t\t\t<\/dt>\n\t\t\t\t<dd class='wp-caption-text gallery-caption' id='gallery-4-353757'>\n\t\t\t\tCinemateca de Medell\u00edn\n\t\t\t\t<\/dd><\/dl><br style=\"clear: both\" \/>\n\t\t<\/div>\n\n<p><em>Hay contenidos diversos que se buscan, pero lo que m\u00e1s se busca normalmente son contenidos donde se hable sobre lucha de mujeres, lucha del territorio, de derechos humanos, de pronto cine cl\u00e1sico colombiano, hablando un poco de un cine m\u00e1s nacional, que es ese cine que crea la identidad y que es tan importante para los pa\u00edses, para que, como ciudadanos, nos reconozcamos y generemos un di\u00e1logo y eso tambi\u00e9n genera acciones de cambio.<\/em><em>\u00a0<\/em><\/p>\n<p><em>Y siempre tratamos de hacer ciclos de cine especial, que es salirnos un poco del cine colombiano y conversar con otras cinematograf\u00edas, sean latinoamericanas o de otros continentes. Este a\u00f1o tuvimos, con la <a href=\"https:\/\/ecolo.cancilleria.gob.ar\/\" target=\"_blank\" rel=\"noopener\">Embajada de Argentina en Colombia<\/a>, una muestra de cine cordob\u00e9s de Argentina, tuvimos cinco t\u00edtulos de pel\u00edculas y ellos nos quer\u00edan mostrar, a trav\u00e9s de esas pel\u00edculas, a esos realizadores que narran la ciudad de C\u00f3rdoba.<\/em><em>\u00a0<\/em><\/p>\n\n\t\t<style type=\"text\/css\">\n\t\t\t#gallery-5 {\n\t\t\t\tmargin: auto;\n\t\t\t}\n\t\t\t#gallery-5 .gallery-item {\n\t\t\t\tfloat: left;\n\t\t\t\tmargin-top: 10px;\n\t\t\t\ttext-align: center;\n\t\t\t\twidth: 50%;\n\t\t\t}\n\t\t\t#gallery-5 img {\n\t\t\t\tborder: 2px solid #cfcfcf;\n\t\t\t}\n\t\t\t#gallery-5 .gallery-caption {\n\t\t\t\tmargin-left: 0;\n\t\t\t}\n\t\t\t\/* see gallery_shortcode() in wp-includes\/media.php *\/\n\t\t<\/style>\n\t\t<div id='gallery-5' class='gallery galleryid-352080 gallery-columns-2 gallery-size-large'><dl class='gallery-item'>\n\t\t\t<dt class='gallery-icon landscape'>\n\t\t\t\t<a href='https:\/\/www.medellin.gov.co\/es\/sala-de-prensa\/noticias\/la-cinemateca-siete-anos-preservando-la-historia-audiovisual-de-medellin\/cinemateca9\/'><img width=\"1024\" height=\"682\" src=\"https:\/\/www.medellin.gov.co\/es\/wp-content\/uploads\/2024\/10\/Cinemateca9-1024x682.jpg\" class=\"attachment-large size-large\" alt=\"\" loading=\"lazy\" aria-describedby=\"gallery-5-353760\" srcset=\"https:\/\/www.medellin.gov.co\/es\/wp-content\/uploads\/2024\/10\/Cinemateca9-1024x682.jpg 1024w, https:\/\/www.medellin.gov.co\/es\/wp-content\/uploads\/2024\/10\/Cinemateca9-300x200.jpg 300w, https:\/\/www.medellin.gov.co\/es\/wp-content\/uploads\/2024\/10\/Cinemateca9-150x100.jpg 150w, https:\/\/www.medellin.gov.co\/es\/wp-content\/uploads\/2024\/10\/Cinemateca9-768x512.jpg 768w, https:\/\/www.medellin.gov.co\/es\/wp-content\/uploads\/2024\/10\/Cinemateca9.jpg 1280w\" sizes=\"(max-width: 1024px) 100vw, 1024px\" \/><\/a>\n\t\t\t<\/dt>\n\t\t\t\t<dd class='wp-caption-text gallery-caption' id='gallery-5-353760'>\n\t\t\t\tCinemateca de Medell\u00edn\n\t\t\t\t<\/dd><\/dl><dl class='gallery-item'>\n\t\t\t<dt class='gallery-icon landscape'>\n\t\t\t\t<a href='https:\/\/www.medellin.gov.co\/es\/sala-de-prensa\/noticias\/la-cinemateca-siete-anos-preservando-la-historia-audiovisual-de-medellin\/cinemateca46-2\/'><img width=\"1024\" height=\"682\" src=\"https:\/\/www.medellin.gov.co\/es\/wp-content\/uploads\/2024\/10\/Cinemateca46-1-1024x682.jpg\" class=\"attachment-large size-large\" alt=\"\" loading=\"lazy\" aria-describedby=\"gallery-5-353764\" srcset=\"https:\/\/www.medellin.gov.co\/es\/wp-content\/uploads\/2024\/10\/Cinemateca46-1-1024x682.jpg 1024w, https:\/\/www.medellin.gov.co\/es\/wp-content\/uploads\/2024\/10\/Cinemateca46-1-300x200.jpg 300w, https:\/\/www.medellin.gov.co\/es\/wp-content\/uploads\/2024\/10\/Cinemateca46-1-150x100.jpg 150w, https:\/\/www.medellin.gov.co\/es\/wp-content\/uploads\/2024\/10\/Cinemateca46-1-768x512.jpg 768w, https:\/\/www.medellin.gov.co\/es\/wp-content\/uploads\/2024\/10\/Cinemateca46-1.jpg 1280w\" sizes=\"(max-width: 1024px) 100vw, 1024px\" \/><\/a>\n\t\t\t<\/dt>\n\t\t\t\t<dd class='wp-caption-text gallery-caption' id='gallery-5-353764'>\n\t\t\t\tCinemateca de Medell\u00edn\n\t\t\t\t<\/dd><\/dl><br style=\"clear: both\" \/>\n\t\t<\/div>\n\n<p><em>Hemos tenido Semana del Cine Chileno, Semana de Nuevo Cine Venezolano, Muestra de Cine Documental Dominicano, cine mexicano; tambi\u00e9n hemos tenido brasile\u00f1o, hacemos articulaciones con la Alianza Francesa y traemos cine franc\u00e9s. Todo lo que sea cine, se acerque a la <a href=\"https:\/\/www.medellin.gov.co\/es\/secretaria-cultura-ciudadana\/nos-mueve-la-cultura\/cinemateca-distrital-de-medellin\/\" target=\"_blank\" rel=\"noopener\">Cinemateca<\/a>, podamos conversar y apoyar en la colocaci\u00f3n de las obras o en la gesti\u00f3n, siempre estamos muy entusiasmados de hacerlo, porque nos apasiona el cine\u201d.<\/em><em>\u00a0<\/em><\/p>\n<div id=\"attachment_353761\" style=\"width: 1034px\" class=\"wp-caption alignnone\"><a href=\"https:\/\/www.medellin.gov.co\/es\/wp-content\/uploads\/2024\/10\/Cinemateca42.jpg\" target=\"_blank\" rel=\"noopener\"><img aria-describedby=\"caption-attachment-353761\" loading=\"lazy\" class=\"wp-image-353761 size-large\" src=\"https:\/\/www.medellin.gov.co\/es\/wp-content\/uploads\/2024\/10\/Cinemateca42-1024x768.jpg\" alt=\"\" width=\"1024\" height=\"768\" srcset=\"https:\/\/www.medellin.gov.co\/es\/wp-content\/uploads\/2024\/10\/Cinemateca42-1024x768.jpg 1024w, https:\/\/www.medellin.gov.co\/es\/wp-content\/uploads\/2024\/10\/Cinemateca42-300x225.jpg 300w, https:\/\/www.medellin.gov.co\/es\/wp-content\/uploads\/2024\/10\/Cinemateca42-150x113.jpg 150w, https:\/\/www.medellin.gov.co\/es\/wp-content\/uploads\/2024\/10\/Cinemateca42-768x576.jpg 768w, https:\/\/www.medellin.gov.co\/es\/wp-content\/uploads\/2024\/10\/Cinemateca42.jpg 1137w\" sizes=\"(max-width: 1024px) 100vw, 1024px\" \/><\/a><p id=\"caption-attachment-353761\" class=\"wp-caption-text\">Cinemateca de Medell\u00edn<\/p><\/div>\n<p>En estos siete a\u00f1os la <em><a href=\"https:\/\/www.medellin.gov.co\/es\/secretaria-cultura-ciudadana\/nos-mueve-la-cultura\/cinemateca-distrital-de-medellin\/\" target=\"_blank\" rel=\"noopener\">Cinemateca<\/a><\/em> ha realizado m\u00e1s de 4740 exhibiciones, permitiendo que m\u00e1s de un mill\u00f3n 500.000 asistentes disfruten del cine en todas las comunas y corregimientos de Medell\u00edn.<\/p>\n\n\t\t<style type=\"text\/css\">\n\t\t\t#gallery-6 {\n\t\t\t\tmargin: auto;\n\t\t\t}\n\t\t\t#gallery-6 .gallery-item {\n\t\t\t\tfloat: left;\n\t\t\t\tmargin-top: 10px;\n\t\t\t\ttext-align: center;\n\t\t\t\twidth: 33%;\n\t\t\t}\n\t\t\t#gallery-6 img {\n\t\t\t\tborder: 2px solid #cfcfcf;\n\t\t\t}\n\t\t\t#gallery-6 .gallery-caption {\n\t\t\t\tmargin-left: 0;\n\t\t\t}\n\t\t\t\/* see gallery_shortcode() in wp-includes\/media.php *\/\n\t\t<\/style>\n\t\t<div id='gallery-6' class='gallery galleryid-352080 gallery-columns-3 gallery-size-large'><dl class='gallery-item'>\n\t\t\t<dt class='gallery-icon landscape'>\n\t\t\t\t<a href='https:\/\/www.medellin.gov.co\/es\/sala-de-prensa\/noticias\/la-cinemateca-siete-anos-preservando-la-historia-audiovisual-de-medellin\/cinemateca54\/'><img width=\"1024\" height=\"682\" src=\"https:\/\/www.medellin.gov.co\/es\/wp-content\/uploads\/2024\/10\/Cinemateca54-1024x682.jpg\" class=\"attachment-large size-large\" alt=\"\" loading=\"lazy\" aria-describedby=\"gallery-6-353774\" srcset=\"https:\/\/www.medellin.gov.co\/es\/wp-content\/uploads\/2024\/10\/Cinemateca54-1024x682.jpg 1024w, https:\/\/www.medellin.gov.co\/es\/wp-content\/uploads\/2024\/10\/Cinemateca54-300x200.jpg 300w, https:\/\/www.medellin.gov.co\/es\/wp-content\/uploads\/2024\/10\/Cinemateca54-150x100.jpg 150w, https:\/\/www.medellin.gov.co\/es\/wp-content\/uploads\/2024\/10\/Cinemateca54-768x512.jpg 768w, https:\/\/www.medellin.gov.co\/es\/wp-content\/uploads\/2024\/10\/Cinemateca54.jpg 1280w\" sizes=\"(max-width: 1024px) 100vw, 1024px\" \/><\/a>\n\t\t\t<\/dt>\n\t\t\t\t<dd class='wp-caption-text gallery-caption' id='gallery-6-353774'>\n\t\t\t\tCinemateca de Medell\u00edn\n\t\t\t\t<\/dd><\/dl><dl class='gallery-item'>\n\t\t\t<dt class='gallery-icon landscape'>\n\t\t\t\t<a href='https:\/\/www.medellin.gov.co\/es\/sala-de-prensa\/noticias\/la-cinemateca-siete-anos-preservando-la-historia-audiovisual-de-medellin\/cinemateca3-2\/'><img width=\"1024\" height=\"683\" src=\"https:\/\/www.medellin.gov.co\/es\/wp-content\/uploads\/2024\/10\/Cinemateca3-1-1024x683.jpg\" class=\"attachment-large size-large\" alt=\"\" loading=\"lazy\" aria-describedby=\"gallery-6-353778\" srcset=\"https:\/\/www.medellin.gov.co\/es\/wp-content\/uploads\/2024\/10\/Cinemateca3-1-1024x683.jpg 1024w, https:\/\/www.medellin.gov.co\/es\/wp-content\/uploads\/2024\/10\/Cinemateca3-1-300x200.jpg 300w, https:\/\/www.medellin.gov.co\/es\/wp-content\/uploads\/2024\/10\/Cinemateca3-1-150x100.jpg 150w, https:\/\/www.medellin.gov.co\/es\/wp-content\/uploads\/2024\/10\/Cinemateca3-1-768x513.jpg 768w, https:\/\/www.medellin.gov.co\/es\/wp-content\/uploads\/2024\/10\/Cinemateca3-1.jpg 1278w\" sizes=\"(max-width: 1024px) 100vw, 1024px\" \/><\/a>\n\t\t\t<\/dt>\n\t\t\t\t<dd class='wp-caption-text gallery-caption' id='gallery-6-353778'>\n\t\t\t\tCinemateca de Medell\u00edn\n\t\t\t\t<\/dd><\/dl><dl class='gallery-item'>\n\t\t\t<dt class='gallery-icon landscape'>\n\t\t\t\t<a href='https:\/\/www.medellin.gov.co\/es\/sala-de-prensa\/noticias\/la-cinemateca-siete-anos-preservando-la-historia-audiovisual-de-medellin\/cinemateca20\/'><img width=\"1024\" height=\"683\" src=\"https:\/\/www.medellin.gov.co\/es\/wp-content\/uploads\/2024\/10\/Cinemateca20-1024x683.jpg\" class=\"attachment-large size-large\" alt=\"\" loading=\"lazy\" aria-describedby=\"gallery-6-353767\" srcset=\"https:\/\/www.medellin.gov.co\/es\/wp-content\/uploads\/2024\/10\/Cinemateca20-1024x683.jpg 1024w, https:\/\/www.medellin.gov.co\/es\/wp-content\/uploads\/2024\/10\/Cinemateca20-300x200.jpg 300w, https:\/\/www.medellin.gov.co\/es\/wp-content\/uploads\/2024\/10\/Cinemateca20-150x100.jpg 150w, https:\/\/www.medellin.gov.co\/es\/wp-content\/uploads\/2024\/10\/Cinemateca20-768x513.jpg 768w, https:\/\/www.medellin.gov.co\/es\/wp-content\/uploads\/2024\/10\/Cinemateca20.jpg 1278w\" sizes=\"(max-width: 1024px) 100vw, 1024px\" \/><\/a>\n\t\t\t<\/dt>\n\t\t\t\t<dd class='wp-caption-text gallery-caption' id='gallery-6-353767'>\n\t\t\t\tCinemateca de Medell\u00edn\n\t\t\t\t<\/dd><\/dl><br style=\"clear: both\" \/><dl class='gallery-item'>\n\t\t\t<dt class='gallery-icon landscape'>\n\t\t\t\t<a href='https:\/\/www.medellin.gov.co\/es\/sala-de-prensa\/noticias\/la-cinemateca-siete-anos-preservando-la-historia-audiovisual-de-medellin\/cinemateca34\/'><img width=\"1024\" height=\"682\" src=\"https:\/\/www.medellin.gov.co\/es\/wp-content\/uploads\/2024\/10\/Cinemateca34-1024x682.jpg\" class=\"attachment-large size-large\" alt=\"\" loading=\"lazy\" aria-describedby=\"gallery-6-353768\" srcset=\"https:\/\/www.medellin.gov.co\/es\/wp-content\/uploads\/2024\/10\/Cinemateca34-1024x682.jpg 1024w, https:\/\/www.medellin.gov.co\/es\/wp-content\/uploads\/2024\/10\/Cinemateca34-300x200.jpg 300w, https:\/\/www.medellin.gov.co\/es\/wp-content\/uploads\/2024\/10\/Cinemateca34-150x100.jpg 150w, https:\/\/www.medellin.gov.co\/es\/wp-content\/uploads\/2024\/10\/Cinemateca34-768x512.jpg 768w, https:\/\/www.medellin.gov.co\/es\/wp-content\/uploads\/2024\/10\/Cinemateca34.jpg 1280w\" sizes=\"(max-width: 1024px) 100vw, 1024px\" \/><\/a>\n\t\t\t<\/dt>\n\t\t\t\t<dd class='wp-caption-text gallery-caption' id='gallery-6-353768'>\n\t\t\t\tCinemateca de Medell\u00edn\n\t\t\t\t<\/dd><\/dl><dl class='gallery-item'>\n\t\t\t<dt class='gallery-icon landscape'>\n\t\t\t\t<a href='https:\/\/www.medellin.gov.co\/es\/sala-de-prensa\/noticias\/la-cinemateca-siete-anos-preservando-la-historia-audiovisual-de-medellin\/cinemateca8\/'><img width=\"1024\" height=\"682\" src=\"https:\/\/www.medellin.gov.co\/es\/wp-content\/uploads\/2024\/10\/Cinemateca8-1024x682.jpg\" class=\"attachment-large size-large\" alt=\"\" loading=\"lazy\" aria-describedby=\"gallery-6-353790\" srcset=\"https:\/\/www.medellin.gov.co\/es\/wp-content\/uploads\/2024\/10\/Cinemateca8-1024x682.jpg 1024w, https:\/\/www.medellin.gov.co\/es\/wp-content\/uploads\/2024\/10\/Cinemateca8-300x200.jpg 300w, https:\/\/www.medellin.gov.co\/es\/wp-content\/uploads\/2024\/10\/Cinemateca8-150x100.jpg 150w, https:\/\/www.medellin.gov.co\/es\/wp-content\/uploads\/2024\/10\/Cinemateca8-768x512.jpg 768w, https:\/\/www.medellin.gov.co\/es\/wp-content\/uploads\/2024\/10\/Cinemateca8.jpg 1280w\" sizes=\"(max-width: 1024px) 100vw, 1024px\" \/><\/a>\n\t\t\t<\/dt>\n\t\t\t\t<dd class='wp-caption-text gallery-caption' id='gallery-6-353790'>\n\t\t\t\tCinemateca de Medell\u00edn\n\t\t\t\t<\/dd><\/dl><dl class='gallery-item'>\n\t\t\t<dt class='gallery-icon landscape'>\n\t\t\t\t<a href='https:\/\/www.medellin.gov.co\/es\/sala-de-prensa\/noticias\/la-cinemateca-siete-anos-preservando-la-historia-audiovisual-de-medellin\/cinemateca18\/'><img width=\"1024\" height=\"682\" src=\"https:\/\/www.medellin.gov.co\/es\/wp-content\/uploads\/2024\/10\/Cinemateca18-1024x682.jpg\" class=\"attachment-large size-large\" alt=\"\" loading=\"lazy\" aria-describedby=\"gallery-6-353766\" srcset=\"https:\/\/www.medellin.gov.co\/es\/wp-content\/uploads\/2024\/10\/Cinemateca18-1024x682.jpg 1024w, https:\/\/www.medellin.gov.co\/es\/wp-content\/uploads\/2024\/10\/Cinemateca18-300x200.jpg 300w, https:\/\/www.medellin.gov.co\/es\/wp-content\/uploads\/2024\/10\/Cinemateca18-150x100.jpg 150w, https:\/\/www.medellin.gov.co\/es\/wp-content\/uploads\/2024\/10\/Cinemateca18-768x512.jpg 768w, https:\/\/www.medellin.gov.co\/es\/wp-content\/uploads\/2024\/10\/Cinemateca18.jpg 1280w\" sizes=\"(max-width: 1024px) 100vw, 1024px\" \/><\/a>\n\t\t\t<\/dt>\n\t\t\t\t<dd class='wp-caption-text gallery-caption' id='gallery-6-353766'>\n\t\t\t\tCinemateca de Medell\u00edn\n\t\t\t\t<\/dd><\/dl><br style=\"clear: both\" \/><dl class='gallery-item'>\n\t\t\t<dt class='gallery-icon landscape'>\n\t\t\t\t<a href='https:\/\/www.medellin.gov.co\/es\/sala-de-prensa\/noticias\/la-cinemateca-siete-anos-preservando-la-historia-audiovisual-de-medellin\/cinemateca5\/'><img width=\"1024\" height=\"683\" src=\"https:\/\/www.medellin.gov.co\/es\/wp-content\/uploads\/2024\/10\/Cinemateca5-1024x683.jpg\" class=\"attachment-large size-large\" alt=\"\" loading=\"lazy\" aria-describedby=\"gallery-6-353780\" srcset=\"https:\/\/www.medellin.gov.co\/es\/wp-content\/uploads\/2024\/10\/Cinemateca5-1024x683.jpg 1024w, https:\/\/www.medellin.gov.co\/es\/wp-content\/uploads\/2024\/10\/Cinemateca5-300x200.jpg 300w, https:\/\/www.medellin.gov.co\/es\/wp-content\/uploads\/2024\/10\/Cinemateca5-150x100.jpg 150w, https:\/\/www.medellin.gov.co\/es\/wp-content\/uploads\/2024\/10\/Cinemateca5-768x513.jpg 768w, https:\/\/www.medellin.gov.co\/es\/wp-content\/uploads\/2024\/10\/Cinemateca5.jpg 1278w\" sizes=\"(max-width: 1024px) 100vw, 1024px\" \/><\/a>\n\t\t\t<\/dt>\n\t\t\t\t<dd class='wp-caption-text gallery-caption' id='gallery-6-353780'>\n\t\t\t\tCinemateca de Medell\u00edn\n\t\t\t\t<\/dd><\/dl><dl class='gallery-item'>\n\t\t\t<dt class='gallery-icon landscape'>\n\t\t\t\t<a href='https:\/\/www.medellin.gov.co\/es\/sala-de-prensa\/noticias\/la-cinemateca-siete-anos-preservando-la-historia-audiovisual-de-medellin\/cinemateca47\/'><img width=\"1024\" height=\"682\" src=\"https:\/\/www.medellin.gov.co\/es\/wp-content\/uploads\/2024\/10\/Cinemateca47-1024x682.jpg\" class=\"attachment-large size-large\" alt=\"\" loading=\"lazy\" aria-describedby=\"gallery-6-353782\" srcset=\"https:\/\/www.medellin.gov.co\/es\/wp-content\/uploads\/2024\/10\/Cinemateca47-1024x682.jpg 1024w, https:\/\/www.medellin.gov.co\/es\/wp-content\/uploads\/2024\/10\/Cinemateca47-300x200.jpg 300w, https:\/\/www.medellin.gov.co\/es\/wp-content\/uploads\/2024\/10\/Cinemateca47-150x100.jpg 150w, https:\/\/www.medellin.gov.co\/es\/wp-content\/uploads\/2024\/10\/Cinemateca47-768x512.jpg 768w, https:\/\/www.medellin.gov.co\/es\/wp-content\/uploads\/2024\/10\/Cinemateca47.jpg 1280w\" sizes=\"(max-width: 1024px) 100vw, 1024px\" \/><\/a>\n\t\t\t<\/dt>\n\t\t\t\t<dd class='wp-caption-text gallery-caption' id='gallery-6-353782'>\n\t\t\t\tCinemateca de Medell\u00edn\n\t\t\t\t<\/dd><\/dl><dl class='gallery-item'>\n\t\t\t<dt class='gallery-icon landscape'>\n\t\t\t\t<a href='https:\/\/www.medellin.gov.co\/es\/sala-de-prensa\/noticias\/la-cinemateca-siete-anos-preservando-la-historia-audiovisual-de-medellin\/cinemateca37\/'><img width=\"1024\" height=\"682\" src=\"https:\/\/www.medellin.gov.co\/es\/wp-content\/uploads\/2024\/10\/Cinemateca37-1024x682.jpg\" class=\"attachment-large size-large\" alt=\"\" loading=\"lazy\" aria-describedby=\"gallery-6-353771\" srcset=\"https:\/\/www.medellin.gov.co\/es\/wp-content\/uploads\/2024\/10\/Cinemateca37-1024x682.jpg 1024w, https:\/\/www.medellin.gov.co\/es\/wp-content\/uploads\/2024\/10\/Cinemateca37-300x200.jpg 300w, https:\/\/www.medellin.gov.co\/es\/wp-content\/uploads\/2024\/10\/Cinemateca37-150x100.jpg 150w, https:\/\/www.medellin.gov.co\/es\/wp-content\/uploads\/2024\/10\/Cinemateca37-768x512.jpg 768w, https:\/\/www.medellin.gov.co\/es\/wp-content\/uploads\/2024\/10\/Cinemateca37.jpg 1280w\" sizes=\"(max-width: 1024px) 100vw, 1024px\" \/><\/a>\n\t\t\t<\/dt>\n\t\t\t\t<dd class='wp-caption-text gallery-caption' id='gallery-6-353771'>\n\t\t\t\tCinemateca de Medell\u00edn\n\t\t\t\t<\/dd><\/dl><br style=\"clear: both\" \/>\n\t\t<\/div>\n\n<p>Este esfuerzo ha abierto puertas a colaboraciones internacionales con pa\u00edses como Argentina, Brasil, M\u00e9xico, Chile, Venezuela y Rep\u00fablica Dominicana, presentando ciclos de cine tan diversos, como Cine argentino, cl\u00e1sicos restaurados (2018), Semana del cine brasile\u00f1o (2019), Cine mexicano de los 70 y 80 (2019), Semana del cine documental chileno (2019), Ciclo de cine documental venezolano (2021), Muestra de cine dominicano (2021), Semana de nuevo cine venezolano (2023), Semana de cine chileno (2023) y Ciclo de cine cordob\u00e9s (2024). A trav\u00e9s de estos ciclos se ha fortalecido el lazo cultural entre Medell\u00edn y el mundo.<\/p>\n","protected":false},"excerpt":{"rendered":"<p>Desde 1911, el cine se convirti\u00f3 en el s\u00e9ptimo arte. Y lo es, porque desde esa \u00e9poca combina de manera h\u00e1bil elementos art\u00edsticos y t\u00e9cnicos para crear una experiencia \u00fanica e inolvidable para el espectador. &#8230;<\/p>\n","protected":false},"author":17,"featured_media":353737,"comment_status":"open","ping_status":"open","sticky":false,"template":"","format":"standard","meta":[],"categories":[531,31],"tags":[444],"formato_nota":[],"programas_tax":[],"acf":[],"_links":{"self":[{"href":"https:\/\/www.medellin.gov.co\/es\/wp-json\/wp\/v2\/posts\/352080"}],"collection":[{"href":"https:\/\/www.medellin.gov.co\/es\/wp-json\/wp\/v2\/posts"}],"about":[{"href":"https:\/\/www.medellin.gov.co\/es\/wp-json\/wp\/v2\/types\/post"}],"author":[{"embeddable":true,"href":"https:\/\/www.medellin.gov.co\/es\/wp-json\/wp\/v2\/users\/17"}],"replies":[{"embeddable":true,"href":"https:\/\/www.medellin.gov.co\/es\/wp-json\/wp\/v2\/comments?post=352080"}],"version-history":[{"count":4,"href":"https:\/\/www.medellin.gov.co\/es\/wp-json\/wp\/v2\/posts\/352080\/revisions"}],"predecessor-version":[{"id":353795,"href":"https:\/\/www.medellin.gov.co\/es\/wp-json\/wp\/v2\/posts\/352080\/revisions\/353795"}],"wp:featuredmedia":[{"embeddable":true,"href":"https:\/\/www.medellin.gov.co\/es\/wp-json\/wp\/v2\/media\/353737"}],"wp:attachment":[{"href":"https:\/\/www.medellin.gov.co\/es\/wp-json\/wp\/v2\/media?parent=352080"}],"wp:term":[{"taxonomy":"category","embeddable":true,"href":"https:\/\/www.medellin.gov.co\/es\/wp-json\/wp\/v2\/categories?post=352080"},{"taxonomy":"post_tag","embeddable":true,"href":"https:\/\/www.medellin.gov.co\/es\/wp-json\/wp\/v2\/tags?post=352080"},{"taxonomy":"formato_nota","embeddable":true,"href":"https:\/\/www.medellin.gov.co\/es\/wp-json\/wp\/v2\/formato_nota?post=352080"},{"taxonomy":"programas_tax","embeddable":true,"href":"https:\/\/www.medellin.gov.co\/es\/wp-json\/wp\/v2\/programas_tax?post=352080"}],"curies":[{"name":"wp","href":"https:\/\/api.w.org\/{rel}","templated":true}]}}