{"id":35221,"date":"2020-08-27T00:00:00","date_gmt":"2020-08-27T05:00:00","guid":{"rendered":"https:\/\/www.medellin.gov.co\/es\/saladeprensa\/noticias\/capturados-dos-de-los-mas-buscados-en-el-nororiente-de-medellin-como-parte-de-la-operacion-de-preapertura\/"},"modified":"2022-03-27T22:59:47","modified_gmt":"2022-03-28T03:59:47","slug":"capturados-dos-de-los-mas-buscados-en-el-nororiente-de-medellin-como-parte-de-la-operacion-de-preapertura","status":"publish","type":"post","link":"https:\/\/www.medellin.gov.co\/es\/sala-de-prensa\/noticias\/capturados-dos-de-los-mas-buscados-en-el-nororiente-de-medellin-como-parte-de-la-operacion-de-preapertura\/","title":{"rendered":"Capturados dos de los m\u00e1s buscados en el nororiente de Medell\u00edn como parte de la operaci\u00f3n de Preapertura"},"content":{"rendered":"<div class=\"wrap contenido\">\n<div class=\"noticia\">\n<div class=\"imagen\">\n<div class=\"divContImageNoticia\" style=\"background-image:url('\/irj\/go\/km\/docs\/galerias\/Imagenes\/Galer\u00eda d\u00eda a d\u00eda 2020\/500_400\/20200827-Alcalde-Capturas-1.jpg')\" rel=\"\/irj\/go\/km\/docs\/galerias\/Imagenes\/Galer\u00eda d\u00eda a d\u00eda 2020\/500_400\/20200827-Alcalde-Capturas-1.jpg\"><span style=\"display:none\"\/><\/div>\n<p>Capturados dos de los m\u00e1s buscados en el nororiente de Medell\u00edn como parte de la operaci\u00f3n de Preapertura.<\/p>\n<p>Foto Alcald\u00eda de Medell\u00edn<\/p><\/div>\n<p class=\"fecha\"><span>2020-08-27<\/span><\/p>\n<p itemprop=\"name\">Capturados dos de los m\u00e1s buscados en el nororiente de Medell\u00edn como parte de la operaci\u00f3n de Preapertura<\/p>\n<p>Por Prensa Alcald\u00eda de Medell\u00edn<\/p>\n<div class=\"cuerpo\">\n<p><p>.: En la operaci&oacute;n &ldquo;H&eacute;rcules&rdquo; se logr&oacute; la captura de 27 personas vinculadas a diferentes delitos.<br \/>.: El Alcalde de Medell&iacute;n visit&oacute; la zona para reafirmar su compromiso de seguridad con las comunidades.<br \/>.: Las capturas se dan como parte del plan que pretende garantizar la salud y seguridad de todos los habitantes de la ciudad.<br \/>.: <a target=\"_blank\" title=\"Palabras de Daniel Quintero Calle, alcalde de Medell&iacute;n\" href=\"\/irj\/go\/km\/docs\/\/galerias\/Audios\/Audios d\u00eda a d\u00eda 2020\/20200827-Alcalde-Capturas-01.mp3\" rel=\"noopener\"><span style=\"color: #3366ff;\">|| Audio || Palabras de Daniel Quintero Calle, alcalde de Medell&iacute;n<\/span><\/a>.&nbsp;<\/p>\n<p>El alcalde de Medell&iacute;n, Daniel Quintero Calle, resalt&oacute; la labor de las autoridades con la operaci&oacute;n de Preapertura que permiti&oacute; la captura de dos cabecillas del grupo delincuencial &ldquo;La 38&rdquo; que ten&iacute;a su accionar criminal en los barrios Popular 1 y 2, Santa Cruz y Granizal.&nbsp;<\/p>\n<p><a target=\"_blank\" title=\"Capturados dos de los m&aacute;s buscados en el nororiente de Medell&iacute;n como parte de la operaci&oacute;n de Preapertura\" href=\"\/irj\/go\/km\/docs\/galerias\/Imagenes\/Galer&iacute;a d&iacute;a a d&iacute;a 2020\/20200827-Alcalde-Capturas-2.jpeg\" rel=\"noopener\"><img title=\"Capturados dos de los m&aacute;s buscados en el nororiente de Medell&iacute;n como parte de la operaci&oacute;n de Preapertura\" alt=\"Capturados dos de los m&aacute;s buscados en el nororiente de Medell&iacute;n como parte de la operaci&oacute;n de Preapertura\" width=\"100%\" src=\"\/irj\/go\/km\/docs\/galerias\/Imagenes\/Galer&iacute;a d&iacute;a a d&iacute;a 2020\/1000_450\/20200827-Alcalde-Capturas-2.jpg\"\/><\/a><\/p>\n<p>Durante la visita a esta zona de la ciudad, el mandatario reafirm&oacute; el compromiso de trabajar articuladamente con las instituciones para combatir la inseguridad y desarticular las bandas criminales que irrumpen con la tranquilidad de los medellinenses.&nbsp;<\/p>\n<p>&ldquo;<i>La apertura total tambi&eacute;n implica una serie de acciones en relaci&oacute;n a la seguridad. Esa serie de acciones se ejecutaron en el marco de la operaci&oacute;n de Preapertura y la operaci&oacute;n H&eacute;rcules que, tras la realizaci&oacute;n de m&aacute;s de 42 allanamientos, permiti&oacute; la captura de 27 personas dedicadas a la extorsi&oacute;n, tr&aacute;fico de armas y estupefacientes<\/i>&rdquo;, expres&oacute; el alcalde Daniel Quintero Calle.&nbsp;<\/p>\n<p>Seg&uacute;n el reporte de la Polic&iacute;a Metropolitana del Valle de Aburr&aacute;, en la operaci&oacute;n de impacto se lograron 27 capturas mediante orden judicial por los delitos de concierto para delinquir, extorsi&oacute;n agravada y desplazamiento forzado, nueve en flagrancia por punibles de porte, tr&aacute;fico y fabricaci&oacute;n de estupefacientes, se incautaron cinco armas de fuego. Asimismo, fue posible la recuperaci&oacute;n de varios veh&iacute;culos.&nbsp;<\/p>\n<p>Entre los capturados se encuentra los cabecillas del grupo criminal &ldquo;<i>La 38<\/i>&rdquo; alias &ldquo;<i>Pony<\/i>&rdquo; y &ldquo;<i>Choco<\/i>&rdquo;, adem&aacute;s de coordinadores de otras estructuras como alias &ldquo;<i>Ruso<\/i>\u00ab, &ldquo;<i>Chinga<\/i>&rdquo;, &ldquo;<i>Pez<\/i>&rdquo; y otros que llevar&iacute;an a desarticular una de las bandas que m&aacute;s extorsiones realizaba en la ciudad.&nbsp;<\/p>\n<p>De esta manera se esclarecen 16 denuncias de extorsi&oacute;n y se evita el pago aproximado de $87 millones mensuales, dineros que hac&iacute;an parte de las rentas criminales de estas organizaciones delincuenciales.&nbsp;<\/p>\n<p>&ldquo;<i>Ser&iacute;a inaudito que despu&eacute;s todo lo que han sufrido los comerciantes, que han tenido que cerrar sus comercios, ahora tengan que quebrar por culpa de bandas que se dedican de forma espec&iacute;fica a la extorsi&oacute;n<\/i>&rdquo;, finaliz&oacute; el mandatario local.<\/p>\n<p>En la operaci&oacute;n de Preapertura y gracias al uso de tecnolog&iacute;a en la seguridad de la ciudad tambi&eacute;n se logr&oacute; la captura de alias &ldquo;<i>Yam<\/i>&rdquo;, uno de los jefes de sicarios de &ldquo;<i>La Terraza<\/i>&rdquo;; Maximiliano Gil, jefe de &ldquo;<i>Los Triana<\/i>&rdquo;; alias &ldquo;<i>Chig&uuml;iro<\/i>&rdquo;, presunto autor del homicidio de un menor de 17 a&ntilde;os; y los 16 miembros de &ldquo;<i>Los Intocables<\/i>&rdquo;, que hurtaban en el centro de la ciudad bajo la modalidad de cosquilleo.&nbsp;<\/p>\n<p>Adem&aacute;s, el alcalde Daniel Quintero se&ntilde;al&oacute; que se esclareci&oacute; el feminicidio de Mar&iacute;a Emilse V&eacute;lez, gracias al seguimiento realizado a trav&eacute;s de internet que evidenci&oacute; el uso de sus redes sociales por parte del presunto autor del hecho. Al respecto, el Alcalde reiter&oacute; el compromiso de la ciudad por reducir todos los indicadores de delitos, en especial las muertes violentas, bajo la premisa de que la vida es sagrada.&nbsp;<\/p>\n<p>Al igual que en otros meses de 2020, Medell&iacute;n redujo los &iacute;ndices de homicidio hasta en 33 % en agosto y un 44 % en el a&ntilde;o, lo que la convierte en la cifra m&aacute;s alta en Colombia, conseguida gracias al accionar de las autoridades y la campa&ntilde;a de recompensas a quienes ayuden a esclarecer homicidios en la ciudad. En lo corrido de 2020 han sido capturadas 85 personas en la capital antioque&ntilde;a por el delito de extorsi&oacute;n.<\/p>\n<\/p>\n<p><span style=\"display:none\"\/><\/div>\n<div class=\"compartir\">Compartir en: <a title=\"\" href=\"http:\/\/www.facebook.com\/share.php?u=\" class=\"btCompartirFacebook btCompartir\" target=\"_blank\" rel=\"noopener\"><a title=\"\" href=\"http:\/\/twitter.com\/home?status=Haz%20clic%20para%20ver%20esta%20noticia%20en%20\" class=\"btCompartirTwitter btCompartir\"\/><a title=\"\" href=\"whatsapp:\/\/send?text=Haz%20clic%20para%20ver%20esta%20noticia%20en%20\" class=\"btCompartirWa btCompartir\"\/><\/div>\n<\/div>\n<p><script>try{comprobarImagen();fixBtnRedes();hitsMedellin();}catch(e){}<\/script><\/div>\n","protected":false},"excerpt":{"rendered":"<p>Capturados dos de los m\u00e1s buscados en el nororiente de Medell\u00edn como parte de la operaci\u00f3n de Preapertura. Foto Alcald\u00eda de Medell\u00edn 2020-08-27 Capturados dos de los m\u00e1s buscados en el nororiente de Medell\u00edn como &#8230;<\/p>\n","protected":false},"author":1,"featured_media":59486,"comment_status":"open","ping_status":"open","sticky":false,"template":"","format":"standard","meta":[],"categories":[21],"tags":[455],"formato_nota":[],"programas_tax":[],"acf":[],"_links":{"self":[{"href":"https:\/\/www.medellin.gov.co\/es\/wp-json\/wp\/v2\/posts\/35221"}],"collection":[{"href":"https:\/\/www.medellin.gov.co\/es\/wp-json\/wp\/v2\/posts"}],"about":[{"href":"https:\/\/www.medellin.gov.co\/es\/wp-json\/wp\/v2\/types\/post"}],"author":[{"embeddable":true,"href":"https:\/\/www.medellin.gov.co\/es\/wp-json\/wp\/v2\/users\/1"}],"replies":[{"embeddable":true,"href":"https:\/\/www.medellin.gov.co\/es\/wp-json\/wp\/v2\/comments?post=35221"}],"version-history":[{"count":1,"href":"https:\/\/www.medellin.gov.co\/es\/wp-json\/wp\/v2\/posts\/35221\/revisions"}],"predecessor-version":[{"id":47115,"href":"https:\/\/www.medellin.gov.co\/es\/wp-json\/wp\/v2\/posts\/35221\/revisions\/47115"}],"wp:featuredmedia":[{"embeddable":true,"href":"https:\/\/www.medellin.gov.co\/es\/wp-json\/wp\/v2\/media\/59486"}],"wp:attachment":[{"href":"https:\/\/www.medellin.gov.co\/es\/wp-json\/wp\/v2\/media?parent=35221"}],"wp:term":[{"taxonomy":"category","embeddable":true,"href":"https:\/\/www.medellin.gov.co\/es\/wp-json\/wp\/v2\/categories?post=35221"},{"taxonomy":"post_tag","embeddable":true,"href":"https:\/\/www.medellin.gov.co\/es\/wp-json\/wp\/v2\/tags?post=35221"},{"taxonomy":"formato_nota","embeddable":true,"href":"https:\/\/www.medellin.gov.co\/es\/wp-json\/wp\/v2\/formato_nota?post=35221"},{"taxonomy":"programas_tax","embeddable":true,"href":"https:\/\/www.medellin.gov.co\/es\/wp-json\/wp\/v2\/programas_tax?post=35221"}],"curies":[{"name":"wp","href":"https:\/\/api.w.org\/{rel}","templated":true}]}}