{"id":35248,"date":"2020-09-03T00:00:00","date_gmt":"2020-09-03T05:00:00","guid":{"rendered":"https:\/\/www.medellin.gov.co\/es\/saladeprensa\/noticias\/medellin-estrena-sistema-inteligente-para-la-atencion-de-emergencias-y-seguridad\/"},"modified":"2022-03-27T23:00:20","modified_gmt":"2022-03-28T04:00:20","slug":"medellin-estrena-sistema-inteligente-para-la-atencion-de-emergencias-y-seguridad","status":"publish","type":"post","link":"https:\/\/www.medellin.gov.co\/es\/sala-de-prensa\/noticias\/medellin-estrena-sistema-inteligente-para-la-atencion-de-emergencias-y-seguridad\/","title":{"rendered":"Medell\u00edn estrena sistema inteligente para la atenci\u00f3n de emergencias y seguridad"},"content":{"rendered":"<div class=\"wrap contenido\">\n<div class=\"noticia\">\n<div class=\"imagen\">\n<div class=\"divContImageNoticia\" style=\"background-image:url('\/irj\/go\/km\/docs\/galerias\/Imagenes\/Galer\u00eda d\u00eda a d\u00eda 2020\/500_400\/20200903-Sistema-123.jpg')\" rel=\"\/irj\/go\/km\/docs\/galerias\/Imagenes\/Galer\u00eda d\u00eda a d\u00eda 2020\/500_400\/20200903-Sistema-123.jpg\"><span style=\"display:none\"\/><\/div>\n<p>Medell\u00edn estrena sistema inteligente para la atenci\u00f3n de emergencias y seguridad.<\/p>\n<p>Foto Alcald\u00eda de Medell\u00edn<\/p><\/div>\n<p class=\"fecha\"><span>2020-09-03<\/span><\/p>\n<p itemprop=\"name\">Medell\u00edn estrena sistema inteligente para la atenci\u00f3n de emergencias y seguridad<\/p>\n<p>Por Stephen Arboleda<\/p>\n<div class=\"cuerpo\">\n<p><p>.: La ciudad se pone, nuevamente, a la vanguardia de la implementaci&oacute;n tecnol&oacute;gica para la seguridad con el sistema Icad &ndash; H&eacute;xagon.<br \/>.: Se trata de un sofisticado recurso que permite articular todas las formas de atenci&oacute;n de la l&iacute;nea de emergencias 123 y el Sistema Integrado de Emergencias y Seguridad.<br \/>.: Con esta innovaci&oacute;n, el Sistema Integrado de Emergencias y Seguridad se convierte en uno de los m&aacute;s sofisticados en atenci&oacute;n de emergencias de Latinoam&eacute;rica.<br \/>.: <a target=\"_blank\" title=\"Jos&eacute; Gerardo Acevedo, secretario de Seguridad y Convivencia\" href=\"\/irj\/go\/km\/docs\/\/galerias\/Audios\/Audios d\u00eda a d\u00eda 2020\/20200903-Sistema-123-01.mp3\" rel=\"noopener\"><span style=\"color: #3366ff;\">|| Audio || Palabras de Jos&eacute; Gerardo Acevedo, secretario de Seguridad y Convivencia<\/span><\/a>.&nbsp;<\/p>\n<p>Medell&iacute;n se ubica al nivel de ciudades como Nueva York, Madrid o Sao Paulo en innovaci&oacute;n tecnol&oacute;gica para la asistencia, control, gesti&oacute;n y atenci&oacute;n en tiempo real de emergencias y seguridad. Con Icad Intergraph Computer-Aided Dispatch (I\/CAD, por su sigla en ingl&eacute;s), la ciudad tendr&aacute; un sistema de recepci&oacute;n de alertas por todos los medios y herramientas disponibles en el Sistema Integrado de Emergencias y Seguridad (Sies-M).&nbsp;<\/p>\n<p>Se trata de un recurso de inteligencia sistematizado que en un m&iacute;nimo de tiempo articula las funciones m&aacute;s elementales que requer&iacute;a antes de un grupo de operadores, por ejemplo, para la recepci&oacute;n de llamadas de la l&iacute;nea del 123.&nbsp;<\/p>\n<p>Una de las mayores complejidades de un sistema de emergencias consiste en recibir y gestionar la atenci&oacute;n en el menor tiempo posible y de manera eficiente. El Sies-M, actualmente, cuenta con once agencias, entre las que se encuentran la Polic&iacute;a Metropolitana, el Dagrd, la Secretar&iacute;a de Movilidad, la Fiscal&iacute;a y la Secretar&iacute;a de Salud, entre otras, que ahora son articuladas por el Icad de manera autom&aacute;tica e inteligente.&nbsp;<\/p>\n<p>&ldquo;<i>Esperamos que este sistema cambie de manera radical la din&aacute;mica de atenci&oacute;n de emergencias en la ciudad. Es que, para poner un ejemplo, cuando se genera un incidente, este pasa al software de reconocimiento y se lo comunica al polic&iacute;a m&aacute;s cercano, lo que permite saber d&oacute;nde est&aacute;n las patrullas o los agentes de movilidad. La eficiencia aumentar&aacute; y tambi&eacute;n nuestros resultados en materia de seguridad<\/i>&rdquo;, dijo el secretario de Seguridad y Convivencia, Jos&eacute; Gerardo Acevedo.&nbsp;<\/p>\n<p>Adem&aacute;s, permite el manejo y env&iacute;o de llamadas, mapeo inteligente, comunicaciones de campo, informes y an&aacute;lisis de datos e integraci&oacute;n de aplicaciones.&nbsp;<\/p>\n<p>Con esta innovaci&oacute;n tecnol&oacute;gica, el Sies-M se convierte en uno de los m&aacute;s sofisticados sistemas de atenci&oacute;n de emergencias de Latinoam&eacute;rica y el mejor del pa&iacute;s, convirti&eacute;ndose en el cerebro desde donde se monitorea toda la ciudad de manera articulada con las m&aacute;s de 2.750 c&aacute;maras de videovigilancia activas, el sistema Body Cam de la Polic&iacute;a, el Halc&oacute;n, el sistema de alarmas comunitarias y el de reconocimiento de placas de veh&iacute;culos.&nbsp;<\/p>\n<p>Para citar un ejemplo, con Icad, al momento de recibir una llamada, se podr&aacute; saber el lugar exacto desde donde se comunica el ciudadano y los casos que est&eacute;n relacionados con el mismo, lo que evitar&aacute; la creaci&oacute;n de incidentes duplicados. Adicionalmente, se puede restringir la informaci&oacute;n que pueden ver otras agencias para proteger los datos y la privacidad del usuario.&nbsp;<\/p>\n<\/p>\n<p><span style=\"display:none\"\/><\/div>\n<div class=\"compartir\">Compartir en: <a title=\"\" href=\"http:\/\/www.facebook.com\/share.php?u=\" class=\"btCompartirFacebook btCompartir\" target=\"_blank\" rel=\"noopener\"><a title=\"\" href=\"http:\/\/twitter.com\/home?status=Haz%20clic%20para%20ver%20esta%20noticia%20en%20\" class=\"btCompartirTwitter btCompartir\"\/><a title=\"\" href=\"whatsapp:\/\/send?text=Haz%20clic%20para%20ver%20esta%20noticia%20en%20\" class=\"btCompartirWa btCompartir\"\/><\/div>\n<\/div>\n<p><script>try{comprobarImagen();fixBtnRedes();hitsMedellin();}catch(e){}<\/script><\/div>\n","protected":false},"excerpt":{"rendered":"<p>Medell\u00edn estrena sistema inteligente para la atenci\u00f3n de emergencias y seguridad. Foto Alcald\u00eda de Medell\u00edn 2020-09-03 Medell\u00edn estrena sistema inteligente para la atenci\u00f3n de emergencias y seguridad Por Stephen Arboleda .: La ciudad se pone, &#8230;<\/p>\n","protected":false},"author":1,"featured_media":59508,"comment_status":"open","ping_status":"open","sticky":false,"template":"","format":"standard","meta":[],"categories":[293,21],"tags":[437,455],"formato_nota":[],"programas_tax":[],"acf":[],"_links":{"self":[{"href":"https:\/\/www.medellin.gov.co\/es\/wp-json\/wp\/v2\/posts\/35248"}],"collection":[{"href":"https:\/\/www.medellin.gov.co\/es\/wp-json\/wp\/v2\/posts"}],"about":[{"href":"https:\/\/www.medellin.gov.co\/es\/wp-json\/wp\/v2\/types\/post"}],"author":[{"embeddable":true,"href":"https:\/\/www.medellin.gov.co\/es\/wp-json\/wp\/v2\/users\/1"}],"replies":[{"embeddable":true,"href":"https:\/\/www.medellin.gov.co\/es\/wp-json\/wp\/v2\/comments?post=35248"}],"version-history":[{"count":1,"href":"https:\/\/www.medellin.gov.co\/es\/wp-json\/wp\/v2\/posts\/35248\/revisions"}],"predecessor-version":[{"id":47161,"href":"https:\/\/www.medellin.gov.co\/es\/wp-json\/wp\/v2\/posts\/35248\/revisions\/47161"}],"wp:featuredmedia":[{"embeddable":true,"href":"https:\/\/www.medellin.gov.co\/es\/wp-json\/wp\/v2\/media\/59508"}],"wp:attachment":[{"href":"https:\/\/www.medellin.gov.co\/es\/wp-json\/wp\/v2\/media?parent=35248"}],"wp:term":[{"taxonomy":"category","embeddable":true,"href":"https:\/\/www.medellin.gov.co\/es\/wp-json\/wp\/v2\/categories?post=35248"},{"taxonomy":"post_tag","embeddable":true,"href":"https:\/\/www.medellin.gov.co\/es\/wp-json\/wp\/v2\/tags?post=35248"},{"taxonomy":"formato_nota","embeddable":true,"href":"https:\/\/www.medellin.gov.co\/es\/wp-json\/wp\/v2\/formato_nota?post=35248"},{"taxonomy":"programas_tax","embeddable":true,"href":"https:\/\/www.medellin.gov.co\/es\/wp-json\/wp\/v2\/programas_tax?post=35248"}],"curies":[{"name":"wp","href":"https:\/\/api.w.org\/{rel}","templated":true}]}}