{"id":35271,"date":"2020-10-01T00:00:00","date_gmt":"2020-10-01T05:00:00","guid":{"rendered":"https:\/\/www.medellin.gov.co\/es\/saladeprensa\/noticias\/la-alcaldia-de-medellin-y-la-policia-metropolitana-ofrecen-hasta-20-millones-de-recompensa-por-responsables-de-muerte-de-lider-social-y-docente\/"},"modified":"2022-03-27T23:00:52","modified_gmt":"2022-03-28T04:00:52","slug":"la-alcaldia-de-medellin-y-la-policia-metropolitana-ofrecen-hasta-20-millones-de-recompensa-por-responsables-de-muerte-de-lider-social-y-docente","status":"publish","type":"post","link":"https:\/\/www.medellin.gov.co\/es\/sala-de-prensa\/noticias\/la-alcaldia-de-medellin-y-la-policia-metropolitana-ofrecen-hasta-20-millones-de-recompensa-por-responsables-de-muerte-de-lider-social-y-docente\/","title":{"rendered":"La Alcald\u00eda de Medell\u00edn y la Polic\u00eda Metropolitana ofrecen hasta $20 millones de recompensa por responsables de muerte de l\u00edder social y docente"},"content":{"rendered":"<div class=\"wrap contenido\">\n<div class=\"noticia\">\n<div class=\"imagen\">\n<div class=\"divContImageNoticia\" style=\"background-image:url('\/irj\/go\/km\/docs\/galerias\/Imagenes\/Medell\u00edn sos vos\/500_400\/logoalcaldia1.jpg')\" rel=\"\/irj\/go\/km\/docs\/galerias\/Imagenes\/Medell\u00edn sos vos\/500_400\/logoalcaldia1.jpg\"><span style=\"display:none\"\/><\/div>\n<p>Alcald\u00eda de Medell\u00edn<\/p>\n<p>Alcald\u00eda de Medell\u00edn<\/p><\/div>\n<p class=\"fecha\"><span>2020-10-01<\/span><\/p>\n<p itemprop=\"name\">La Alcald\u00eda de Medell\u00edn y la Polic\u00eda Metropolitana ofrecen hasta $20 millones de recompensa por responsables de muerte de l\u00edder social<\/p>\n<p>Po Stephen Arboleda L\u00f3pez<\/p>\n<div class=\"cuerpo\">\n<p><p&gt;.; El homicidio del docente y l&iacute;der de Colombia Humana Campo El&iacute;as Galindo ocurri&oacute; esta tarde en su residencia.<br \/>.: El alcalde Daniel Quintero Calle rechaz&oacute; el crimen y reiter&oacute; que las autoridades ya investigan el caso.<\/p>\n<p><strong><a title=\"|| Audio || Palabras del secretario de Seguridad y Convivencia, Jos&eacute; Gerardo Acevedo Ossa\" target=\"_blank\" href=\"\/irj\/go\/km\/docs\/pccdesign\/medellin\/Temas\/Seguridad\/Noticias\/Shared Content\/Documentos\/2020\/20201001-Muerte-campo-elias-galindo.mp3\" rel=\"noopener\"><span style=\"color: #3366ff;\">|| Audio || Palabras del secretario de Seguridad y Convivencia, Jos&eacute; Gerardo Acevedo Ossa<\/span><\/a><\/strong><\/p>\n<p><img loading=\"lazy\" src=\"\/irj\/go\/km\/docs\/pccdesign\/medellin\/Temas\/Seguridad\/Noticias\/Shared Content\/Imagenes\/2020\/Campo El&iacute;as Galindo.jpeg\" width=\"300\" height=\"300\" style=\"margin: 0px 6px; border: 0px; float: left;\" alt=\"Campo Elias Galindo\" title=\"Campo Elias Galindo\"\/>La Alcald&iacute;a de Medell&iacute;n rechaza y lamenta la muerte del docente y l&iacute;der de Colombia Humana Campo El&iacute;as Galindo, ocurrida este 1 de octubre en su residencia del barrio La Am&eacute;rica y en circunstancias que son materia de investigaci&oacute;n.<\/p>\n<p>Tan pronto se conocieron los hechos, un equipo articulado de la Alcald&iacute;a de Medell&iacute;n, a trav&eacute;s de la Secretar&iacute;a de Seguridad y Convivencia y la Polic&iacute;a Metropolitana, se pusieron al frente de la atenci&oacute;n del caso, determinando en la tarde de hoy el ofrecimiento de hasta $20 millones por informaci&oacute;n que lleve a la captura de los responsables de este crimen reprochable.<\/p>\n<p>El alcalde Daniel Quintero Calle rechaz&oacute; el crimen y reiter&oacute; que las autoridades competentes ya est&aacute;n al frente de la investigaci&oacute;n para esclarecer el hecho.&nbsp; &ldquo;Dolor por el asesinato en su casa del profesor y activista Campo Elias Galindo. Habr&aacute; justicia: Polic&iacute;a y Fiscal&iacute;a trabajan para capturar a responsables. Alcald&iacute;a ha dispuesto hasta 20 millones para quien nos ayude en tareas de identificaci&oacute;n.&nbsp; #LaVidaEsSagrada&rdquo;, escribi&oacute; el mandatario en su cuenta de Twitter.<\/p>\n<p>Un equipo interdisciplinario de la Polic&iacute;a Metropolitana est&aacute; al frente de la investigaci&oacute;n de la cual, con base ya en algunos elementos probatorios, se avanza en el proceso.<\/p>\n<p>&ldquo;En este caso hay que acompa&ntilde;ar a la familia del se&ntilde;or Campo El&iacute;as Galindo. Ya con las autoridades avanzamos en la investigaci&oacute;n y esperamos lo m&aacute;s pronto posible dar resultados en este caso y en el marco de nuestra estrategia de lucha contra todas las modalidades del homicidio&rdquo;, dijo el Secretario de Seguridad y Convivencia, Jos&eacute; Gerardo Acevedo Ossa.<\/p>\n<\/p>\n<p><span style=\"display:none\"\/><\/div>\n<div class=\"compartir\">Compartir en: <a title=\"\" href=\"http:\/\/www.facebook.com\/share.php?u=\" class=\"btCompartirFacebook btCompartir\" target=\"_blank\" rel=\"noopener\"><a title=\"\" href=\"http:\/\/twitter.com\/home?status=Haz%20clic%20para%20ver%20esta%20noticia%20en%20\" class=\"btCompartirTwitter btCompartir\"\/><a title=\"\" href=\"whatsapp:\/\/send?text=Haz%20clic%20para%20ver%20esta%20noticia%20en%20\" class=\"btCompartirWa btCompartir\"\/><\/div>\n<\/div>\n<p><script>try{comprobarImagen();fixBtnRedes();hitsMedellin();}catch(e){}<\/script><\/div>\n","protected":false},"excerpt":{"rendered":"<p>Alcald\u00eda de Medell\u00edn Alcald\u00eda de Medell\u00edn 2020-10-01 La Alcald\u00eda de Medell\u00edn y la Polic\u00eda Metropolitana ofrecen hasta $20 millones de recompensa por responsables de muerte de l\u00edder social Po Stephen Arboleda L\u00f3pez<\/p>\n","protected":false},"author":1,"featured_media":59530,"comment_status":"open","ping_status":"open","sticky":false,"template":"","format":"standard","meta":[],"categories":[4,20,21],"tags":[455],"formato_nota":[],"programas_tax":[],"acf":[],"_links":{"self":[{"href":"https:\/\/www.medellin.gov.co\/es\/wp-json\/wp\/v2\/posts\/35271"}],"collection":[{"href":"https:\/\/www.medellin.gov.co\/es\/wp-json\/wp\/v2\/posts"}],"about":[{"href":"https:\/\/www.medellin.gov.co\/es\/wp-json\/wp\/v2\/types\/post"}],"author":[{"embeddable":true,"href":"https:\/\/www.medellin.gov.co\/es\/wp-json\/wp\/v2\/users\/1"}],"replies":[{"embeddable":true,"href":"https:\/\/www.medellin.gov.co\/es\/wp-json\/wp\/v2\/comments?post=35271"}],"version-history":[{"count":1,"href":"https:\/\/www.medellin.gov.co\/es\/wp-json\/wp\/v2\/posts\/35271\/revisions"}],"predecessor-version":[{"id":47205,"href":"https:\/\/www.medellin.gov.co\/es\/wp-json\/wp\/v2\/posts\/35271\/revisions\/47205"}],"wp:featuredmedia":[{"embeddable":true,"href":"https:\/\/www.medellin.gov.co\/es\/wp-json\/wp\/v2\/media\/59530"}],"wp:attachment":[{"href":"https:\/\/www.medellin.gov.co\/es\/wp-json\/wp\/v2\/media?parent=35271"}],"wp:term":[{"taxonomy":"category","embeddable":true,"href":"https:\/\/www.medellin.gov.co\/es\/wp-json\/wp\/v2\/categories?post=35271"},{"taxonomy":"post_tag","embeddable":true,"href":"https:\/\/www.medellin.gov.co\/es\/wp-json\/wp\/v2\/tags?post=35271"},{"taxonomy":"formato_nota","embeddable":true,"href":"https:\/\/www.medellin.gov.co\/es\/wp-json\/wp\/v2\/formato_nota?post=35271"},{"taxonomy":"programas_tax","embeddable":true,"href":"https:\/\/www.medellin.gov.co\/es\/wp-json\/wp\/v2\/programas_tax?post=35271"}],"curies":[{"name":"wp","href":"https:\/\/api.w.org\/{rel}","templated":true}]}}