{"id":35325,"date":"2020-11-13T00:00:00","date_gmt":"2020-11-13T05:00:00","guid":{"rendered":"https:\/\/www.medellin.gov.co\/es\/saladeprensa\/noticias\/la-alcaldia-de-medellin-llevara-su-oferta-institucional-a-los-habitantes-de-altavista-2\/"},"modified":"2022-03-27T23:02:13","modified_gmt":"2022-03-28T04:02:13","slug":"la-alcaldia-de-medellin-llevara-su-oferta-institucional-a-los-habitantes-de-altavista-2","status":"publish","type":"post","link":"https:\/\/www.medellin.gov.co\/es\/sala-de-prensa\/noticias\/la-alcaldia-de-medellin-llevara-su-oferta-institucional-a-los-habitantes-de-altavista-2\/","title":{"rendered":"La Alcald\u00eda de Medell\u00edn llevar\u00e1 su oferta institucional a los habitantes de Altavista"},"content":{"rendered":"<div class=\"wrap contenido\">\n<div class=\"noticia\">\n<div class=\"imagen\">\n<div class=\"divContImageNoticia input_plantilla input_background\" data-input=\"fotografia\" ruta=\"\/galerias\/Imagenes\/Galer\u00eda d\u00eda a d\u00eda 2020\/500_400\/20201114-Oferta-Altavista-1.jpg\" fotografo=\"Foto Alcald\u00eda de Medell\u00edn\" descripcion=\"La Alcald\u00eda de Medell\u00edn llevar\u00e1 su oferta institucional a los habitantes de Altavista.\" style=\"background-image:url('\/irj\/go\/km\/docs\/galerias\/Imagenes\/Galer\u00eda d\u00eda a d\u00eda 2020\/500_400\/20201114-Oferta-Altavista-1.jpg')\"><\/div>\n<p class=\"pMetaDesc\">Foto: La Alcald\u00eda de Medell\u00edn llevar\u00e1 su oferta institucional a los habitantes de Altavista.<\/p>\n<p class=\"pMetaFotografo\">Fot\u00f3grafo: Foto Alcald\u00eda de Medell\u00edn<\/p>\n<\/div>\n<p class=\"fecha\"><span class=\"input_plantilla input_text\" data-input=\"fecha\">2020-11-13<\/span><\/p>\n<p itemprop=\"name\" class=\"input_plantilla input_text\" data-input=\"titulo\">La Alcald\u00eda de Medell\u00edn llevar\u00e1 su oferta institucional a los habitantes de Altavista<\/p>\n<p class=\"input_plantilla input_text\" data-input=\"autor\">Por Carolina Fl\u00f3rez<\/p>\n<div class=\"cuerpo input_plantilla input_area\" data-input=\"contenido\">\n<p>.: Ser\u00e1n cuatro jornadas, los d\u00edas 13, 20, 27 noviembre y 4 de diciembre, en las que se visitar\u00e1n las cuatro microcuencas del corregimiento Altavista.<br \/>.: Este viernes se realizar\u00e1 el primer carrusel de oferta institucional. Once dependencias presentar\u00e1n sus programas y proyectos para la poblaci\u00f3n urbana y rural.<br \/>.: La participaci\u00f3n en las jornadas no requiere inscripci\u00f3n previa, pero s\u00ed cumplir con todas las medidas de bioseguridad.<\/p>\n<p><strong><a href=\"\/irj\/go\/km\/docs\/pccdesign\/medellin\/Temas\/AtencionCiudadana\/Noticias\/Shared Content\/Documentos\/2020\/20201114-Oferta-Altavista-01.mp3\" title=\"Cristian S\u00e1nchez, gerente de Corregimientos\" target=\"_blank\" rel=\"noopener\" data-mce-href=\"\/irj\/go\/km\/docs\/pccdesign\/medellin\/Temas\/AtencionCiudadana\/Noticias\/Shared Content\/Documentos\/2020\/20201114-Oferta-Altavista-01.mp3\"><span style=\"color: #3366ff;\" data-mce-style=\"color: #3366ff;\">|| Audio || Palabras de Cristian S\u00e1nchez, gerente de Corregimientos<\/span><\/a><\/strong>.<\/p>\n<p>Desde este viernes 13 de noviembre, la Alcald\u00eda de Medell\u00edn por medio de la Gerencia de Corregimientos y diversas dependencias de la Administraci\u00f3n Municipal, llevar\u00e1 su oferta institucional a las veredas El Morro, Aguas Fr\u00edas, Manzanillo y Parte Alta, donde se encuentran las cuatro microcuencas&nbsp;&nbsp; en las que est\u00e1 dividido el corregimiento Altavista y que se constituyen en referente para este territorio.<\/p>\n<p><a target=\"_blank\" title=\"La Alcald\u00eda de Medell\u00edn llevar\u00e1 su oferta institucional a los habitantes de Altavista \" href=\"\/irj\/go\/km\/docs\/galerias\/Imagenes\/Galer\u00eda d\u00eda a d\u00eda 2020\/20201114-Oferta-Altavista-2.jpg\" rel=\"noopener\" data-mce-href=\"\/irj\/go\/km\/docs\/galerias\/Imagenes\/Galer\u00eda d\u00eda a d\u00eda 2020\/20201114-Oferta-Altavista-2.jpg\"><img title=\"La Alcald\u00eda de Medell\u00edn llevar\u00e1 su oferta institucional a los habitantes de Altavista \" alt=\"La Alcald\u00eda de Medell\u00edn llevar\u00e1 su oferta institucional a los habitantes de Altavista \" src=\"\/irj\/go\/km\/docs\/galerias\/Imagenes\/Galer\u00eda d\u00eda a d\u00eda 2020\/1000_450\/20201114-Oferta-Altavista-2.jpg\" data-mce-src=\"\/irj\/go\/km\/docs\/galerias\/Imagenes\/Galer\u00eda d\u00eda a d\u00eda 2020\/1000_450\/20201114-Oferta-Altavista-2.jpg\" width=\"100%\"><\/a><br data-mce-bogus=\"1\"><\/p>\n<p>Se trata de un carrusel de la oferta institucional, que se cumplir\u00e1 en cuatro jornadas que se realizar\u00e1n los d\u00edas 13, 20, 27 de noviembre y 4 de diciembre, entre las 9:00 de la ma\u00f1ana y las 4:00 de la tarde.<\/p>\n<p>En este espacio se presentar\u00e1 el programa Medell\u00edn Joven, as\u00ed como otros proyectos y convocatorias a las que se puede vincular esta poblaci\u00f3n. Adicionalmente, se socializar\u00e1n las rutas de atenci\u00f3n y promoci\u00f3n de los derechos humanos y se realizar\u00e1n actividades pedag\u00f3gicas sobre gesti\u00f3n de riesgo de desastres.<\/p>\n<p>Adem\u00e1s, se har\u00e1 pedagog\u00eda sobre los programas de promoci\u00f3n de los derechos de las ni\u00f1as, ni\u00f1os y adolescentes y prevenci\u00f3n de vulneraciones. Tambi\u00e9n se divulgar\u00e1n los programas para la prevenci\u00f3n de las violencias basadas en g\u00e9nero, la atenci\u00f3n psicojur\u00eddica en el territorio, el Centro M\u00f3vil de Equidad de G\u00e9nero, entre otras iniciativas de la Administraci\u00f3n Municipal.<\/p>\n<p>En el carrusel de la oferta institucional participar\u00e1n las secretar\u00edas de Salud, Juventud y Mujeres, Sapiencia, Isvimed. Tambi\u00e9n habr\u00e1 participaci\u00f3n de la mesa de Derechos Humanos, la Unidad de la Ni\u00f1ez y el Centro Integrado de Familia con acercamiento de ofertas y rutas de acuerdo a la especialidad necesaria (psic\u00f3logos, trabajadores sociales, abogados) el corregidor y la Gerencia de Corregimientos.<\/p>\n<p>\u201c<i>M\u00e1s de 10 dependencias de la Alcald\u00eda de Medell\u00edn ofertar\u00e1n sus servicios en Altavista. Esa es la labor de la Gerencia de Corregimientos y, por ello, los invitamos a que se acerquen y conozcan sobre todas estas oportunidades que la Administraci\u00f3n Municipal les ofrece en programas dirigidos a la poblaci\u00f3n juvenil, a la prevenci\u00f3n de violencias en las mujeres y a la atenci\u00f3n de la ni\u00f1ez, entre otros programas<\/i>.\u201d, expres\u00f3 el gerente de Corregimientos, Cristian S\u00e1nchez.<\/p>\n<p><strong>Programaci\u00f3n 13 de Noviembre<\/strong><\/p>\n<p>9:00 a. m. &#8211; 12 del d\u00eda: Se presentar\u00e1 la oferta institucional en el sector Nuevo Amanecer, el Morro- Los Tanques, El Coraz\u00f3n y en la JAC Aguas Fr\u00edas Parte Alta.<\/p>\n<p>De 1:00 a 4:00 de la tarde se realizar\u00e1n las actividades de promoci\u00f3n de la oferta institucional en los sectores San Francisco, en las JAC El Morro &#8211; Traves\u00edas, y en Guanteros.<\/p>\n<p>En el sector Manzanillo las jornadas se realizar\u00e1n de 9:00 a 4:00 de la tarde.<\/p>\n<\/div>\n<div class=\"compartir\">Compartir en:<a title=\"\" href=\"http:\/\/www.facebook.com\/share.php?u=\" class=\"btCompartirFacebook btCompartir\" target=\"_blank\" rel=\"noopener\"><\/a><a title=\"\" href=\"http:\/\/twitter.com\/home?status=Haz%20clic%20para%20ver%20esta%20noticia%20en%20\" class=\"btCompartirTwitter btCompartir\"><\/a><a title=\"\" href=\"whatsapp:\/\/send?text=Haz%20clic%20para%20ver%20esta%20noticia%20en%20\" class=\"btCompartirWa btCompartir\"><\/a><\/div>\n<\/div>\n<p><script>try{comprobarImagen();fixBtnRedes();hitsMedellin();}catch(e){}<\/script><\/div>\n","protected":false},"excerpt":{"rendered":"<p>Foto: La Alcald\u00eda de Medell\u00edn llevar\u00e1 su oferta institucional a los habitantes de Altavista. Fot\u00f3grafo: Foto Alcald\u00eda de Medell\u00edn 2020-11-13 La Alcald\u00eda de Medell\u00edn llevar\u00e1 su oferta institucional a los habitantes de Altavista Por Carolina &#8230;<\/p>\n","protected":false},"author":1,"featured_media":59581,"comment_status":"open","ping_status":"open","sticky":false,"template":"","format":"standard","meta":[],"categories":[24,2],"tags":[453,455,450,427,443],"formato_nota":[],"programas_tax":[],"acf":[],"_links":{"self":[{"href":"https:\/\/www.medellin.gov.co\/es\/wp-json\/wp\/v2\/posts\/35325"}],"collection":[{"href":"https:\/\/www.medellin.gov.co\/es\/wp-json\/wp\/v2\/posts"}],"about":[{"href":"https:\/\/www.medellin.gov.co\/es\/wp-json\/wp\/v2\/types\/post"}],"author":[{"embeddable":true,"href":"https:\/\/www.medellin.gov.co\/es\/wp-json\/wp\/v2\/users\/1"}],"replies":[{"embeddable":true,"href":"https:\/\/www.medellin.gov.co\/es\/wp-json\/wp\/v2\/comments?post=35325"}],"version-history":[{"count":1,"href":"https:\/\/www.medellin.gov.co\/es\/wp-json\/wp\/v2\/posts\/35325\/revisions"}],"predecessor-version":[{"id":45262,"href":"https:\/\/www.medellin.gov.co\/es\/wp-json\/wp\/v2\/posts\/35325\/revisions\/45262"}],"wp:featuredmedia":[{"embeddable":true,"href":"https:\/\/www.medellin.gov.co\/es\/wp-json\/wp\/v2\/media\/59581"}],"wp:attachment":[{"href":"https:\/\/www.medellin.gov.co\/es\/wp-json\/wp\/v2\/media?parent=35325"}],"wp:term":[{"taxonomy":"category","embeddable":true,"href":"https:\/\/www.medellin.gov.co\/es\/wp-json\/wp\/v2\/categories?post=35325"},{"taxonomy":"post_tag","embeddable":true,"href":"https:\/\/www.medellin.gov.co\/es\/wp-json\/wp\/v2\/tags?post=35325"},{"taxonomy":"formato_nota","embeddable":true,"href":"https:\/\/www.medellin.gov.co\/es\/wp-json\/wp\/v2\/formato_nota?post=35325"},{"taxonomy":"programas_tax","embeddable":true,"href":"https:\/\/www.medellin.gov.co\/es\/wp-json\/wp\/v2\/programas_tax?post=35325"}],"curies":[{"name":"wp","href":"https:\/\/api.w.org\/{rel}","templated":true}]}}