{"id":35342,"date":"2020-11-14T00:00:00","date_gmt":"2020-11-14T05:00:00","guid":{"rendered":"https:\/\/www.medellin.gov.co\/es\/saladeprensa\/noticias\/medellin-conmemora-el-dia-mundial-de-las-victimas-de-incidentes-viales-2\/"},"modified":"2022-03-27T23:02:36","modified_gmt":"2022-03-28T04:02:36","slug":"medellin-conmemora-el-dia-mundial-de-las-victimas-de-incidentes-viales-2","status":"publish","type":"post","link":"https:\/\/www.medellin.gov.co\/es\/sala-de-prensa\/noticias\/medellin-conmemora-el-dia-mundial-de-las-victimas-de-incidentes-viales-2\/","title":{"rendered":"Medell\u00edn conmemora el d\u00eda mundial de las v\u00edctimas de incidentes viales"},"content":{"rendered":"<div class=\"wrap contenido\">\n<div class=\"noticia\">\n<div class=\"imagen\">\n<div class=\"divContImageNoticia input_plantilla input_background\" data-input=\"fotografia\" ruta=\"\/galerias\/Imagenes\/Galer\u00eda d\u00eda a d\u00eda 2020\/500_400\/20201115 Foto archivo - D\u00eda de v\u00edctimas.jpg\" fotografo=\"Foto Alcald\u00eda de Medelll\u00edn\" descripcion=\"Medell\u00edn conmemora el d\u00eda mundial de las v\u00edctimas de incidentes viales\" style=\"background-image:url('\/irj\/go\/km\/docs\/galerias\/Imagenes\/Galer\u00eda d\u00eda a d\u00eda 2020\/500_400\/20201115 Foto archivo - D\u00eda de v\u00edctimas.jpg')\"><\/div>\n<p class=\"pMetaDesc\">Foto: Medell\u00edn conmemora el d\u00eda mundial de las v\u00edctimas de incidentes viales<\/p>\n<p class=\"pMetaFotografo\">Fot\u00f3grafo: Foto Alcald\u00eda de Medelll\u00edn<\/p>\n<\/div>\n<p class=\"fecha\"><span class=\"input_plantilla input_text\" data-input=\"fecha\">2020-11-15<\/span><\/p>\n<p itemprop=\"name\" class=\"input_plantilla input_text\" data-input=\"titulo\">Medell\u00edn conmemora el d\u00eda mundial de las v\u00edctimas de incidentes viales<\/p>\n<p class=\"input_plantilla input_text\" data-input=\"autor\">Por Prensa Alcald\u00eda de Medell\u00edn<\/p>\n<div class=\"cuerpo input_plantilla input_area\" data-input=\"contenido\">\n<p><span>.:&nbsp;<\/span>Este domingo, a las 10:00 a. m., se realizar\u00e1n intervenciones art\u00edsticas y pedag\u00f3gicas en v\u00edas con alto n\u00famero de incidentes.&nbsp;<br \/><span>.:&nbsp;<\/span>En promedio, cada 48 horas fallece una persona por incidente de tr\u00e1nsito en Medell\u00edn.&nbsp;<br \/><span>.:&nbsp;<\/span>La conmemoraci\u00f3n se enmarca en el enfoque de Visi\u00f3n Cero, en el cual la \u00fanica cifra aceptable en cuanto a muertes en las v\u00edas es cero.&nbsp;&nbsp;<\/p>\n<p><strong><a href=\"https:\/\/www.medellin.gov.co\/irj\/go\/km\/docs\/pccdesign\/medellin\/Temas\/AtencionCiudadana\/Noticias\/Shared Content\/Documentos\/2020\/20201115-Secretario-de-Movilidad-Carlos-Cadena.mp3\" title=\"Medell\u00edn conmemora el d\u00eda mundial de las v\u00edctimas de incidentes viales\" target=\"_blank\" rel=\"noopener\" data-mce-href=\"https:\/\/www.medellin.gov.co\/irj\/go\/km\/docs\/pccdesign\/medellin\/Temas\/AtencionCiudadana\/Noticias\/Shared Content\/Documentos\/2020\/20201115-Secretario-de-Movilidad-Carlos-Cadena.mp3\"><span style=\"color: #3366ff;\" data-mce-style=\"color: #3366ff;\">|| Audio || Palabras de&nbsp;Carlos Cadena,&nbsp;Secretario de Movilidad<\/span><\/a><\/strong>.&nbsp;<\/p>\n<p>Este domingo, 15 de noviembre, Medell\u00edn se suma a la conmemoraci\u00f3n del d\u00eda mundial de las v\u00edctimas por incidentes viales, una fecha para recordar a las personas fallecidas e insistir en el valor de la vida.&nbsp;<\/p>\n<p><i>\u2018Que no se detenga tu ritmo\u2019<\/i> es el nombre de las intervenciones art\u00edsticas y pedag\u00f3gicas que realizar\u00e1 la Administraci\u00f3n Municipal durante la jornada en tres v\u00edas con alto n\u00famero de incidentes: calle San Juan, carrera 65 y Avenida del Ferrocarril.&nbsp;<\/p>\n<p>Con corte al 8 de noviembre, 157 personas han muerto en incidentes viales en Medell\u00edn, lo cual representa una disminuci\u00f3n de 55 casos frente al a\u00f1o pasado. Adem\u00e1s, se registr\u00f3 una reducci\u00f3n de 7.257 casos de incidentes con personas lesionadas.&nbsp;<\/p>\n<p>Del total de v\u00edctimas, 77 corresponden a personas que se desplazaban en motocicleta, 62 a personas caminando, 12 a personas que se transportaban en bicicleta y las seis restantes a personas que iban en otros modos de transporte. El 85 % de las v\u00edctimas eran hombres y el 30 % ten\u00eda entre 20 y 29 a\u00f1os de edad.&nbsp;<\/p>\n<p><i>\u201cEstamos comprometidos con la reducci\u00f3n dr\u00e1stica de muertes y lesiones graves por incidentes viales. Nuestra meta para 2023 es reducir a la mitad la tasa de mortalidad vial, que durante los \u00faltimos a\u00f1os se ha mantenido por encima de 10 muertes por cada 100.000 habitantes\u201d<\/i> expres\u00f3 el Secretario de Movilidad Carlos Cadena.&nbsp;<\/p>\n<p>La estrategia Visi\u00f3n Cero, que adelanta la Alcald\u00eda de Medell\u00edn, quiere decir que el \u00fanico n\u00famero aceptable de muertes y lesiones graves por incidentes viales es cero. Por eso no se habla de \u201caccidentes\u201d ya que estos hechos se pueden prevenir, no son hechos fortuitos.<\/p>\n<p>Todos los programas y proyectos de seguridad vial cuentan con elementos de accesibilidad universal, enfoque de g\u00e9nero, Visi\u00f3n Cero y movilidad sostenible.<\/p>\n<\/div>\n<div class=\"compartir\">Compartir en:<a title=\"\" href=\"http:\/\/www.facebook.com\/share.php?u=\" class=\"btCompartirFacebook btCompartir\" target=\"_blank\" rel=\"noopener\"><\/a><a title=\"\" href=\"http:\/\/twitter.com\/home?status=Haz%20clic%20para%20ver%20esta%20noticia%20en%20\" class=\"btCompartirTwitter btCompartir\"><\/a><a title=\"\" href=\"whatsapp:\/\/send?text=Haz%20clic%20para%20ver%20esta%20noticia%20en%20\" class=\"btCompartirWa btCompartir\"><\/a><\/div>\n<\/div>\n<p><script>try{comprobarImagen();fixBtnRedes();hitsMedellin();}catch(e){}<\/script><\/div>\n","protected":false},"excerpt":{"rendered":"<p>Foto: Medell\u00edn conmemora el d\u00eda mundial de las v\u00edctimas de incidentes viales Fot\u00f3grafo: Foto Alcald\u00eda de Medelll\u00edn 2020-11-15 Medell\u00edn conmemora el d\u00eda mundial de las v\u00edctimas de incidentes viales Por Prensa Alcald\u00eda de Medell\u00edn .:&nbsp;Este &#8230;<\/p>\n","protected":false},"author":1,"featured_media":59599,"comment_status":"open","ping_status":"open","sticky":false,"template":"","format":"standard","meta":[],"categories":[14],"tags":[447],"formato_nota":[],"programas_tax":[],"acf":[],"_links":{"self":[{"href":"https:\/\/www.medellin.gov.co\/es\/wp-json\/wp\/v2\/posts\/35342"}],"collection":[{"href":"https:\/\/www.medellin.gov.co\/es\/wp-json\/wp\/v2\/posts"}],"about":[{"href":"https:\/\/www.medellin.gov.co\/es\/wp-json\/wp\/v2\/types\/post"}],"author":[{"embeddable":true,"href":"https:\/\/www.medellin.gov.co\/es\/wp-json\/wp\/v2\/users\/1"}],"replies":[{"embeddable":true,"href":"https:\/\/www.medellin.gov.co\/es\/wp-json\/wp\/v2\/comments?post=35342"}],"version-history":[{"count":1,"href":"https:\/\/www.medellin.gov.co\/es\/wp-json\/wp\/v2\/posts\/35342\/revisions"}],"predecessor-version":[{"id":45279,"href":"https:\/\/www.medellin.gov.co\/es\/wp-json\/wp\/v2\/posts\/35342\/revisions\/45279"}],"wp:featuredmedia":[{"embeddable":true,"href":"https:\/\/www.medellin.gov.co\/es\/wp-json\/wp\/v2\/media\/59599"}],"wp:attachment":[{"href":"https:\/\/www.medellin.gov.co\/es\/wp-json\/wp\/v2\/media?parent=35342"}],"wp:term":[{"taxonomy":"category","embeddable":true,"href":"https:\/\/www.medellin.gov.co\/es\/wp-json\/wp\/v2\/categories?post=35342"},{"taxonomy":"post_tag","embeddable":true,"href":"https:\/\/www.medellin.gov.co\/es\/wp-json\/wp\/v2\/tags?post=35342"},{"taxonomy":"formato_nota","embeddable":true,"href":"https:\/\/www.medellin.gov.co\/es\/wp-json\/wp\/v2\/formato_nota?post=35342"},{"taxonomy":"programas_tax","embeddable":true,"href":"https:\/\/www.medellin.gov.co\/es\/wp-json\/wp\/v2\/programas_tax?post=35342"}],"curies":[{"name":"wp","href":"https:\/\/api.w.org\/{rel}","templated":true}]}}