{"id":353562,"date":"2024-10-14T10:09:38","date_gmt":"2024-10-14T15:09:38","guid":{"rendered":"https:\/\/www.medellin.gov.co\/es\/?p=353562"},"modified":"2024-10-14T10:09:38","modified_gmt":"2024-10-14T15:09:38","slug":"mas-de-400-ninas-participaron-en-el-mundialito-sub-14","status":"publish","type":"post","link":"https:\/\/www.medellin.gov.co\/es\/sala-de-prensa\/noticias\/mas-de-400-ninas-participaron-en-el-mundialito-sub-14\/","title":{"rendered":"M\u00e1s de 400 ni\u00f1as participaron en el Mundialito Sub-14"},"content":{"rendered":"<!--[if lt IE 9]><script>document.createElement('audio');<\/script><![endif]-->\n\t<div class=\"wp-playlist wp-audio-playlist wp-playlist-light\">\n\t\t\t<div class=\"wp-playlist-current-item\"><\/div>\n\t\t<audio controls=\"controls\" preload=\"none\" width=\"640\"\n\t\t\t><\/audio>\n\t<div class=\"wp-playlist-next\"><\/div>\n\t<div class=\"wp-playlist-prev\"><\/div>\n\t<noscript>\n\t<ol>\n\t\t<li><a href='https:\/\/www.medellin.gov.co\/es\/wp-content\/uploads\/2024\/10\/Mundialito-sub-14-participantes-01.mp3'>Palabras de Eduardo Silva Meluk, director del Inder<\/a><\/li><li><a href='https:\/\/www.medellin.gov.co\/es\/wp-content\/uploads\/2024\/10\/Mundialito-sub-14-participantes-02.mp3'>Palabras de Salom\u00e9 Ricardo, jugadora equipo Colombia<\/a><\/li>\t<\/ol>\n\t<\/noscript>\n\t<script type=\"application\/json\" class=\"wp-playlist-script\">{\"type\":\"audio\",\"tracklist\":true,\"tracknumbers\":true,\"images\":true,\"artists\":true,\"tracks\":[{\"src\":\"https:\\\/\\\/www.medellin.gov.co\\\/es\\\/wp-content\\\/uploads\\\/2024\\\/10\\\/Mundialito-sub-14-participantes-01.mp3\",\"type\":\"audio\\\/mpeg\",\"title\":\"Palabras de Eduardo Silva Meluk, director del Inder\",\"caption\":\"\",\"description\":\"\\u00abPalabras de Eduardo Silva Meluk, director del Inder\\u00bb.\",\"meta\":{\"length_formatted\":\"0:51\"},\"image\":{\"src\":\"https:\\\/\\\/www.medellin.gov.co\\\/es\\\/wp-includes\\\/images\\\/media\\\/audio.png\",\"width\":48,\"height\":64},\"thumb\":{\"src\":\"https:\\\/\\\/www.medellin.gov.co\\\/es\\\/wp-includes\\\/images\\\/media\\\/audio.png\",\"width\":48,\"height\":64}},{\"src\":\"https:\\\/\\\/www.medellin.gov.co\\\/es\\\/wp-content\\\/uploads\\\/2024\\\/10\\\/Mundialito-sub-14-participantes-02.mp3\",\"type\":\"audio\\\/mpeg\",\"title\":\"Palabras de Salom\\u00e9 Ricardo, jugadora equipo Colombia\",\"caption\":\"\",\"description\":\"\\u00abPalabras de Salom\\u00e9 Ricardo, jugadora equipo Colombia\\u00bb.\",\"meta\":{\"length_formatted\":\"0:22\"},\"image\":{\"src\":\"https:\\\/\\\/www.medellin.gov.co\\\/es\\\/wp-includes\\\/images\\\/media\\\/audio.png\",\"width\":48,\"height\":64},\"thumb\":{\"src\":\"https:\\\/\\\/www.medellin.gov.co\\\/es\\\/wp-includes\\\/images\\\/media\\\/audio.png\",\"width\":48,\"height\":64}}]}<\/script>\n<\/div>\n\t\n<p class=\"p1\">Durante los \u00faltimos seis fines de semana, se desarroll\u00f3 en Medell\u00edn la primera\u00a0edici\u00f3n del Mundialito Sub-14, un torneo inspirado en la Copa Mundial Femenina\u00a0Sub-20 de la FIFA Colombia 2024. Para esta ocasi\u00f3n, el equipo Colombia, de la\u00a0comuna 12- La Am\u00e9rica fueron los campeones.<\/p>\n<div id=\"attachment_353563\" style=\"width: 1210px\" class=\"wp-caption aligncenter\"><a href=\"https:\/\/www.medellin.gov.co\/es\/wp-content\/uploads\/2024\/10\/Mundialito-sub-14-participantes-1.jpg\" target=\"_blank\" rel=\"noopener\"><img aria-describedby=\"caption-attachment-353563\" loading=\"lazy\" class=\"wp-image-353563 size-full\" title=\"M\u00e1s de 400 ni\u00f1as participaron en el Mundialito Sub-14\" src=\"https:\/\/www.medellin.gov.co\/es\/wp-content\/uploads\/2024\/10\/Mundialito-sub-14-participantes-1.jpg\" alt=\"M\u00e1s de 400 ni\u00f1as participaron en el Mundialito Sub-14\" width=\"1200\" height=\"843\" srcset=\"https:\/\/www.medellin.gov.co\/es\/wp-content\/uploads\/2024\/10\/Mundialito-sub-14-participantes-1.jpg 1200w, https:\/\/www.medellin.gov.co\/es\/wp-content\/uploads\/2024\/10\/Mundialito-sub-14-participantes-1-300x211.jpg 300w, https:\/\/www.medellin.gov.co\/es\/wp-content\/uploads\/2024\/10\/Mundialito-sub-14-participantes-1-1024x719.jpg 1024w, https:\/\/www.medellin.gov.co\/es\/wp-content\/uploads\/2024\/10\/Mundialito-sub-14-participantes-1-150x105.jpg 150w, https:\/\/www.medellin.gov.co\/es\/wp-content\/uploads\/2024\/10\/Mundialito-sub-14-participantes-1-768x540.jpg 768w\" sizes=\"(max-width: 1200px) 100vw, 1200px\" \/><\/a><p id=\"caption-attachment-353563\" class=\"wp-caption-text\">M\u00e1s de 400 ni\u00f1as participaron en el Mundialito Sub-14 &#8211; Foto alcaldia de Medell\u00edn<\/p><\/div>\n<p class=\"p1\">Se calcula que m\u00e1s de 1.500 personas asistieron a las diferentes canchas de la\u00a0ciudad para apoyar a las 480 ni\u00f1as y 96 formadores que participaron en este\u00a0evento que, a trav\u00e9s del f\u00fatbol, integr\u00f3 a las comunas y corregimientos del\u00a0Distrito, promoviendo valores como el esp\u00edritu deportivo, la disciplina y la\u00a0equidad de g\u00e9nero.<\/p>\n<p class=\"p1\"><i>\u201cCon el Mundialito estamos apoyando e impulsando el f\u00fatbol femenino en la\u00a0<\/i><i>ciudad, construimos un futuro con el apoyo de los profes, los clubes y los\u00a0<\/i><i>aliados, gracias a todos\u00bb,<\/i> dijo el director del Inder, Eduardo Silva Meluk.<\/p>\n\n\t\t<style type=\"text\/css\">\n\t\t\t#gallery-1 {\n\t\t\t\tmargin: auto;\n\t\t\t}\n\t\t\t#gallery-1 .gallery-item {\n\t\t\t\tfloat: left;\n\t\t\t\tmargin-top: 10px;\n\t\t\t\ttext-align: center;\n\t\t\t\twidth: 50%;\n\t\t\t}\n\t\t\t#gallery-1 img {\n\t\t\t\tborder: 2px solid #cfcfcf;\n\t\t\t}\n\t\t\t#gallery-1 .gallery-caption {\n\t\t\t\tmargin-left: 0;\n\t\t\t}\n\t\t\t\/* see gallery_shortcode() in wp-includes\/media.php *\/\n\t\t<\/style>\n\t\t<div id='gallery-1' class='gallery galleryid-353562 gallery-columns-2 gallery-size-large'><dl class='gallery-item'>\n\t\t\t<dt class='gallery-icon landscape'>\n\t\t\t\t<a href='https:\/\/www.medellin.gov.co\/es\/sala-de-prensa\/noticias\/mas-de-400-ninas-participaron-en-el-mundialito-sub-14\/mundialito-sub-14-participantes-5\/'><img width=\"1024\" height=\"682\" src=\"https:\/\/www.medellin.gov.co\/es\/wp-content\/uploads\/2024\/10\/Mundialito-sub-14-participantes-5-1024x682.jpg\" class=\"attachment-large size-large\" alt=\"M\u00e1s de 400 ni\u00f1as participaron en el Mundialito Sub-14\" loading=\"lazy\" aria-describedby=\"gallery-1-353571\" srcset=\"https:\/\/www.medellin.gov.co\/es\/wp-content\/uploads\/2024\/10\/Mundialito-sub-14-participantes-5-1024x682.jpg 1024w, https:\/\/www.medellin.gov.co\/es\/wp-content\/uploads\/2024\/10\/Mundialito-sub-14-participantes-5-300x200.jpg 300w, https:\/\/www.medellin.gov.co\/es\/wp-content\/uploads\/2024\/10\/Mundialito-sub-14-participantes-5-150x100.jpg 150w, https:\/\/www.medellin.gov.co\/es\/wp-content\/uploads\/2024\/10\/Mundialito-sub-14-participantes-5-768x511.jpg 768w, https:\/\/www.medellin.gov.co\/es\/wp-content\/uploads\/2024\/10\/Mundialito-sub-14-participantes-5.jpg 1200w\" sizes=\"(max-width: 1024px) 100vw, 1024px\" \/><\/a>\n\t\t\t<\/dt>\n\t\t\t\t<dd class='wp-caption-text gallery-caption' id='gallery-1-353571'>\n\t\t\t\tM\u00e1s de 400 ni\u00f1as participaron en el Mundialito Sub-14 &#8211; Foto alcaldia de Medell\u00edn\n\t\t\t\t<\/dd><\/dl><dl class='gallery-item'>\n\t\t\t<dt class='gallery-icon landscape'>\n\t\t\t\t<a href='https:\/\/www.medellin.gov.co\/es\/sala-de-prensa\/noticias\/mas-de-400-ninas-participaron-en-el-mundialito-sub-14\/mundialito-sub-14-participantes-2\/'><img width=\"1024\" height=\"682\" src=\"https:\/\/www.medellin.gov.co\/es\/wp-content\/uploads\/2024\/10\/Mundialito-sub-14-participantes-2-1024x682.jpg\" class=\"attachment-large size-large\" alt=\"M\u00e1s de 400 ni\u00f1as participaron en el Mundialito Sub-14\" loading=\"lazy\" aria-describedby=\"gallery-1-353567\" srcset=\"https:\/\/www.medellin.gov.co\/es\/wp-content\/uploads\/2024\/10\/Mundialito-sub-14-participantes-2-1024x682.jpg 1024w, https:\/\/www.medellin.gov.co\/es\/wp-content\/uploads\/2024\/10\/Mundialito-sub-14-participantes-2-300x200.jpg 300w, https:\/\/www.medellin.gov.co\/es\/wp-content\/uploads\/2024\/10\/Mundialito-sub-14-participantes-2-150x100.jpg 150w, https:\/\/www.medellin.gov.co\/es\/wp-content\/uploads\/2024\/10\/Mundialito-sub-14-participantes-2-768x511.jpg 768w, https:\/\/www.medellin.gov.co\/es\/wp-content\/uploads\/2024\/10\/Mundialito-sub-14-participantes-2.jpg 1200w\" sizes=\"(max-width: 1024px) 100vw, 1024px\" \/><\/a>\n\t\t\t<\/dt>\n\t\t\t\t<dd class='wp-caption-text gallery-caption' id='gallery-1-353567'>\n\t\t\t\tM\u00e1s de 400 ni\u00f1as participaron en el Mundialito Sub-14 &#8211; Foto alcaldia de Medell\u00edn\n\t\t\t\t<\/dd><\/dl><br style=\"clear: both\" \/>\n\t\t<\/div>\n\n<p class=\"p1\">En este torneo se jugaron 52 partidos y se realizaron 8 paradas futboleras en las\u00a0diferentes comunas. La valla menos vencida fue la de Camer\u00fan (comuna 4) y la\u00a0goleadora del mundialito fue Hasleidy Barrera del equipo de Paraguay (comuna\u00a05) con 24 anotaciones.<\/p>\n<p class=\"p1\"><i>\u201cMe siento muy emocionada por haber jugado este torneo tan maravilloso.\u00a0<\/i><i>Quiero dejarle un mensaje a las ni\u00f1as que quieren jugar f\u00fatbol que nunca se\u00a0<\/i><i>limiten y que luchen por sus sue\u00f1os\u201d<\/i><i>, <\/i>opin\u00f3<i> <\/i>Salom\u00e9 Ricardo, participante del\u00a0torneo.<\/p>\n\n\t\t<style type=\"text\/css\">\n\t\t\t#gallery-2 {\n\t\t\t\tmargin: auto;\n\t\t\t}\n\t\t\t#gallery-2 .gallery-item {\n\t\t\t\tfloat: left;\n\t\t\t\tmargin-top: 10px;\n\t\t\t\ttext-align: center;\n\t\t\t\twidth: 50%;\n\t\t\t}\n\t\t\t#gallery-2 img {\n\t\t\t\tborder: 2px solid #cfcfcf;\n\t\t\t}\n\t\t\t#gallery-2 .gallery-caption {\n\t\t\t\tmargin-left: 0;\n\t\t\t}\n\t\t\t\/* see gallery_shortcode() in wp-includes\/media.php *\/\n\t\t<\/style>\n\t\t<div id='gallery-2' class='gallery galleryid-353562 gallery-columns-2 gallery-size-large'><dl class='gallery-item'>\n\t\t\t<dt class='gallery-icon landscape'>\n\t\t\t\t<a href='https:\/\/www.medellin.gov.co\/es\/sala-de-prensa\/noticias\/mas-de-400-ninas-participaron-en-el-mundialito-sub-14\/mundialito-sub-14-participantes-6\/'><img width=\"1024\" height=\"682\" src=\"https:\/\/www.medellin.gov.co\/es\/wp-content\/uploads\/2024\/10\/Mundialito-sub-14-participantes-6-1024x682.jpg\" class=\"attachment-large size-large\" alt=\"M\u00e1s de 400 ni\u00f1as participaron en el Mundialito Sub-14\" loading=\"lazy\" aria-describedby=\"gallery-2-353572\" srcset=\"https:\/\/www.medellin.gov.co\/es\/wp-content\/uploads\/2024\/10\/Mundialito-sub-14-participantes-6-1024x682.jpg 1024w, https:\/\/www.medellin.gov.co\/es\/wp-content\/uploads\/2024\/10\/Mundialito-sub-14-participantes-6-300x200.jpg 300w, https:\/\/www.medellin.gov.co\/es\/wp-content\/uploads\/2024\/10\/Mundialito-sub-14-participantes-6-150x100.jpg 150w, https:\/\/www.medellin.gov.co\/es\/wp-content\/uploads\/2024\/10\/Mundialito-sub-14-participantes-6-768x511.jpg 768w, https:\/\/www.medellin.gov.co\/es\/wp-content\/uploads\/2024\/10\/Mundialito-sub-14-participantes-6.jpg 1200w\" sizes=\"(max-width: 1024px) 100vw, 1024px\" \/><\/a>\n\t\t\t<\/dt>\n\t\t\t\t<dd class='wp-caption-text gallery-caption' id='gallery-2-353572'>\n\t\t\t\tM\u00e1s de 400 ni\u00f1as participaron en el Mundialito Sub-14 &#8211; Foto alcaldia de Medell\u00edn\n\t\t\t\t<\/dd><\/dl><dl class='gallery-item'>\n\t\t\t<dt class='gallery-icon landscape'>\n\t\t\t\t<a href='https:\/\/www.medellin.gov.co\/es\/sala-de-prensa\/noticias\/mas-de-400-ninas-participaron-en-el-mundialito-sub-14\/mundialito-sub-14-participantes-3\/'><img width=\"1024\" height=\"682\" src=\"https:\/\/www.medellin.gov.co\/es\/wp-content\/uploads\/2024\/10\/Mundialito-sub-14-participantes-3-1024x682.jpg\" class=\"attachment-large size-large\" alt=\"M\u00e1s de 400 ni\u00f1as participaron en el Mundialito Sub-14\" loading=\"lazy\" aria-describedby=\"gallery-2-353569\" srcset=\"https:\/\/www.medellin.gov.co\/es\/wp-content\/uploads\/2024\/10\/Mundialito-sub-14-participantes-3-1024x682.jpg 1024w, https:\/\/www.medellin.gov.co\/es\/wp-content\/uploads\/2024\/10\/Mundialito-sub-14-participantes-3-300x200.jpg 300w, https:\/\/www.medellin.gov.co\/es\/wp-content\/uploads\/2024\/10\/Mundialito-sub-14-participantes-3-150x100.jpg 150w, https:\/\/www.medellin.gov.co\/es\/wp-content\/uploads\/2024\/10\/Mundialito-sub-14-participantes-3-768x511.jpg 768w, https:\/\/www.medellin.gov.co\/es\/wp-content\/uploads\/2024\/10\/Mundialito-sub-14-participantes-3.jpg 1200w\" sizes=\"(max-width: 1024px) 100vw, 1024px\" \/><\/a>\n\t\t\t<\/dt>\n\t\t\t\t<dd class='wp-caption-text gallery-caption' id='gallery-2-353569'>\n\t\t\t\tM\u00e1s de 400 ni\u00f1as participaron en el Mundialito Sub-14 &#8211; Foto alcaldia de Medell\u00edn\n\t\t\t\t<\/dd><\/dl><br style=\"clear: both\" \/>\n\t\t<\/div>\n\n<p class=\"p1\">Con el Mundialito Sub-14 se envi\u00f3 un mensaje de inclusi\u00f3n, diversidad y\u00a0empoderamiento, utilizando el f\u00fatbol como herramienta educativa que promueve\u00a0el desarrollo personal y el liderazgo.<\/p>\n","protected":false},"excerpt":{"rendered":"<p>Durante los \u00faltimos seis fines de semana, se desarroll\u00f3 en Medell\u00edn la primera\u00a0edici\u00f3n del Mundialito Sub-14, un torneo inspirado en la Copa Mundial Femenina\u00a0Sub-20 de la FIFA Colombia 2024. Para esta ocasi\u00f3n, el equipo Colombia, &#8230;<\/p>\n","protected":false},"author":84,"featured_media":353570,"comment_status":"open","ping_status":"open","sticky":false,"template":"","format":"standard","meta":[],"categories":[17],"tags":[634,689,455],"formato_nota":[],"programas_tax":[],"acf":[],"_links":{"self":[{"href":"https:\/\/www.medellin.gov.co\/es\/wp-json\/wp\/v2\/posts\/353562"}],"collection":[{"href":"https:\/\/www.medellin.gov.co\/es\/wp-json\/wp\/v2\/posts"}],"about":[{"href":"https:\/\/www.medellin.gov.co\/es\/wp-json\/wp\/v2\/types\/post"}],"author":[{"embeddable":true,"href":"https:\/\/www.medellin.gov.co\/es\/wp-json\/wp\/v2\/users\/84"}],"replies":[{"embeddable":true,"href":"https:\/\/www.medellin.gov.co\/es\/wp-json\/wp\/v2\/comments?post=353562"}],"version-history":[{"count":1,"href":"https:\/\/www.medellin.gov.co\/es\/wp-json\/wp\/v2\/posts\/353562\/revisions"}],"predecessor-version":[{"id":353573,"href":"https:\/\/www.medellin.gov.co\/es\/wp-json\/wp\/v2\/posts\/353562\/revisions\/353573"}],"wp:featuredmedia":[{"embeddable":true,"href":"https:\/\/www.medellin.gov.co\/es\/wp-json\/wp\/v2\/media\/353570"}],"wp:attachment":[{"href":"https:\/\/www.medellin.gov.co\/es\/wp-json\/wp\/v2\/media?parent=353562"}],"wp:term":[{"taxonomy":"category","embeddable":true,"href":"https:\/\/www.medellin.gov.co\/es\/wp-json\/wp\/v2\/categories?post=353562"},{"taxonomy":"post_tag","embeddable":true,"href":"https:\/\/www.medellin.gov.co\/es\/wp-json\/wp\/v2\/tags?post=353562"},{"taxonomy":"formato_nota","embeddable":true,"href":"https:\/\/www.medellin.gov.co\/es\/wp-json\/wp\/v2\/formato_nota?post=353562"},{"taxonomy":"programas_tax","embeddable":true,"href":"https:\/\/www.medellin.gov.co\/es\/wp-json\/wp\/v2\/programas_tax?post=353562"}],"curies":[{"name":"wp","href":"https:\/\/api.w.org\/{rel}","templated":true}]}}