{"id":353579,"date":"2024-10-15T06:54:11","date_gmt":"2024-10-15T11:54:11","guid":{"rendered":"https:\/\/www.medellin.gov.co\/es\/?p=353579"},"modified":"2024-10-15T06:54:11","modified_gmt":"2024-10-15T11:54:11","slug":"medellin-le-apuesta-al-reciclaje-de-puentes-tres-peatonales-en-desuso-seran-pasos-de-fauna-silvestre","status":"publish","type":"post","link":"https:\/\/www.medellin.gov.co\/es\/sala-de-prensa\/noticias\/medellin-le-apuesta-al-reciclaje-de-puentes-tres-peatonales-en-desuso-seran-pasos-de-fauna-silvestre\/","title":{"rendered":"Medell\u00edn le apuesta al reciclaje de puentes: tres peatonales en desuso ser\u00e1n pasos de fauna silvestre"},"content":{"rendered":"<ul>\n<li class=\"p1\"><b>Inicialmente, estas estructuras se intervendr\u00e1n con 280 metros cuadrados <\/b><b>de jardines elevados que mitiguen el cambio clim\u00e1tico, disminuyan la\u00a0<\/b><b>sensaci\u00f3n de calor y se conviertan en hogar de fauna silvestre.<\/b><\/li>\n<li class=\"p1\"><b>Los sitios en donde est\u00e1n los puentes ya cuentan con dispositivos o <\/b><b>adecuaciones a nivel para el cruce seguro de peatones, lo que garantiza la\u00a0<\/b><b>movilidad incluyente y efectiva de los transe\u00fantes.<\/b><\/li>\n<\/ul>\n<!--[if lt IE 9]><script>document.createElement('audio');<\/script><![endif]-->\n\t<div class=\"wp-playlist wp-audio-playlist wp-playlist-light\">\n\t\t\t<div class=\"wp-playlist-current-item\"><\/div>\n\t\t<audio controls=\"controls\" preload=\"none\" width=\"640\"\n\t\t\t><\/audio>\n\t<div class=\"wp-playlist-next\"><\/div>\n\t<div class=\"wp-playlist-prev\"><\/div>\n\t<noscript>\n\t<ol>\n\t\t<li><a href='https:\/\/www.medellin.gov.co\/es\/wp-content\/uploads\/2024\/10\/Reciclaje-de-puentes-pasos-de-fauna-silvestre-01.mp3'>Palabras de Jaime Andr\u00e9s Naranjo Medina, secretario de Infraestructura F\u00edsica<\/a><\/li>\t<\/ol>\n\t<\/noscript>\n\t<script type=\"application\/json\" class=\"wp-playlist-script\">{\"type\":\"audio\",\"tracklist\":true,\"tracknumbers\":true,\"images\":true,\"artists\":true,\"tracks\":[{\"src\":\"https:\\\/\\\/www.medellin.gov.co\\\/es\\\/wp-content\\\/uploads\\\/2024\\\/10\\\/Reciclaje-de-puentes-pasos-de-fauna-silvestre-01.mp3\",\"type\":\"audio\\\/mpeg\",\"title\":\"Palabras de Jaime Andr\\u00e9s Naranjo Medina, secretario de Infraestructura F\\u00edsica\",\"caption\":\"\",\"description\":\"\\u00abPalabras de Jaime Andr\\u00e9s Naranjo Medina, secretario de Infraestructura F\\u00edsica\\u00bb.\",\"meta\":{\"year\":\"2024\",\"length_formatted\":\"1:13\"},\"image\":{\"src\":\"https:\\\/\\\/www.medellin.gov.co\\\/es\\\/wp-includes\\\/images\\\/media\\\/audio.png\",\"width\":48,\"height\":64},\"thumb\":{\"src\":\"https:\\\/\\\/www.medellin.gov.co\\\/es\\\/wp-includes\\\/images\\\/media\\\/audio.png\",\"width\":48,\"height\":64}}]}<\/script>\n<\/div>\n\t\n<p class=\"p1\">Los puentes peatonales en inmediaciones de Coltabaco, en Campo Amor y Cristo\u00a0Rey, ambos en la avenida Guayabal, as\u00ed como el de las afueras del Polit\u00e9cnico\u00a0Colombiano Jaime Isaza Cadavid, en la avenida Las Vegas, ser\u00e1n pasos de fauna\u00a0silvestre.<\/p>\n<div id=\"attachment_353589\" style=\"width: 1210px\" class=\"wp-caption aligncenter\"><a href=\"https:\/\/www.medellin.gov.co\/es\/wp-content\/uploads\/2024\/10\/Reciclaje-de-puentes-pasos-de-fauna-silvestre-4.jpg\" target=\"_blank\" rel=\"noopener\"><img aria-describedby=\"caption-attachment-353589\" loading=\"lazy\" class=\"wp-image-353589 size-full\" title=\"Medell\u00edn le apuesta al reciclaje de puentes: tres peatonales en desuso ser\u00e1n pasos de fauna silvestre\" src=\"https:\/\/www.medellin.gov.co\/es\/wp-content\/uploads\/2024\/10\/Reciclaje-de-puentes-pasos-de-fauna-silvestre-4.jpg\" alt=\"Medell\u00edn le apuesta al reciclaje de puentes: tres peatonales en desuso ser\u00e1n pasos de fauna silvestre\" width=\"1200\" height=\"675\" srcset=\"https:\/\/www.medellin.gov.co\/es\/wp-content\/uploads\/2024\/10\/Reciclaje-de-puentes-pasos-de-fauna-silvestre-4.jpg 1200w, https:\/\/www.medellin.gov.co\/es\/wp-content\/uploads\/2024\/10\/Reciclaje-de-puentes-pasos-de-fauna-silvestre-4-300x169.jpg 300w, https:\/\/www.medellin.gov.co\/es\/wp-content\/uploads\/2024\/10\/Reciclaje-de-puentes-pasos-de-fauna-silvestre-4-1024x576.jpg 1024w, https:\/\/www.medellin.gov.co\/es\/wp-content\/uploads\/2024\/10\/Reciclaje-de-puentes-pasos-de-fauna-silvestre-4-150x84.jpg 150w, https:\/\/www.medellin.gov.co\/es\/wp-content\/uploads\/2024\/10\/Reciclaje-de-puentes-pasos-de-fauna-silvestre-4-768x432.jpg 768w\" sizes=\"(max-width: 1200px) 100vw, 1200px\" \/><\/a><p id=\"caption-attachment-353589\" class=\"wp-caption-text\">Medell\u00edn le apuesta al reciclaje de puentes: tres peatonales en desuso ser\u00e1n pasos de fauna silvestre &#8211; Foto alcaldia de Medell\u00edn<\/p><\/div>\n<p class=\"p1\">Esta intervenci\u00f3n de 280 metros cuadrados de jardines, que incidir\u00e1 positivamente\u00a0en la conectividad ecol\u00f3gica, incluy\u00f3 la demolici\u00f3n de accesos y el mejoramiento\u00a0de andenes. As\u00ed mismo, enriquecer\u00e1 y consolidar\u00e1 el sistema ambiental y\u00a0paisaj\u00edstico de la ciudad.<\/p>\n<p class=\"p1\"><i>\u201cTrabajamos en el paisajismo y el inicio de las siembras a trav\u00e9s del Jard\u00edn\u00a0<\/i><i>Bot\u00e1nico, esto gracias al an\u00e1lisis interdisciplinario entre la Secretar\u00eda de Movilidad\u00a0<\/i><i>y la Unidad Socioambiental y de Paisajismo de la Secretar\u00eda de Infraestructura\u00a0<\/i><i>F\u00edsica, acci\u00f3n que se suma a los estudios realizados para el reciclaje de otros\u00a0<\/i><i>puentes del Distrito\u201d<\/i>, expres\u00f3 el secretario de Infraestructura F\u00edsica, Jaime Andr\u00e9s\u00a0Naranjo Medina.<\/p>\n<p class=\"p1\">De esta manera, al trasladar o convertir los puentes en pasos de fauna silvestre\u00a0se contribuye a la sostenibilidad.<\/p>\n\n\t\t<style type=\"text\/css\">\n\t\t\t#gallery-1 {\n\t\t\t\tmargin: auto;\n\t\t\t}\n\t\t\t#gallery-1 .gallery-item {\n\t\t\t\tfloat: left;\n\t\t\t\tmargin-top: 10px;\n\t\t\t\ttext-align: center;\n\t\t\t\twidth: 50%;\n\t\t\t}\n\t\t\t#gallery-1 img {\n\t\t\t\tborder: 2px solid #cfcfcf;\n\t\t\t}\n\t\t\t#gallery-1 .gallery-caption {\n\t\t\t\tmargin-left: 0;\n\t\t\t}\n\t\t\t\/* see gallery_shortcode() in wp-includes\/media.php *\/\n\t\t<\/style>\n\t\t<div id='gallery-1' class='gallery galleryid-353579 gallery-columns-2 gallery-size-large'><dl class='gallery-item'>\n\t\t\t<dt class='gallery-icon landscape'>\n\t\t\t\t<a href='https:\/\/www.medellin.gov.co\/es\/sala-de-prensa\/noticias\/medellin-le-apuesta-al-reciclaje-de-puentes-tres-peatonales-en-desuso-seran-pasos-de-fauna-silvestre\/reciclaje-de-puentes-pasos-de-fauna-silvestre-3\/'><img width=\"1024\" height=\"576\" src=\"https:\/\/www.medellin.gov.co\/es\/wp-content\/uploads\/2024\/10\/Reciclaje-de-puentes-pasos-de-fauna-silvestre-3-1024x576.jpg\" class=\"attachment-large size-large\" alt=\"Medell\u00edn le apuesta al reciclaje de puentes: tres peatonales en desuso ser\u00e1n pasos de fauna silvestre\" loading=\"lazy\" aria-describedby=\"gallery-1-353588\" srcset=\"https:\/\/www.medellin.gov.co\/es\/wp-content\/uploads\/2024\/10\/Reciclaje-de-puentes-pasos-de-fauna-silvestre-3-1024x576.jpg 1024w, https:\/\/www.medellin.gov.co\/es\/wp-content\/uploads\/2024\/10\/Reciclaje-de-puentes-pasos-de-fauna-silvestre-3-300x169.jpg 300w, https:\/\/www.medellin.gov.co\/es\/wp-content\/uploads\/2024\/10\/Reciclaje-de-puentes-pasos-de-fauna-silvestre-3-150x84.jpg 150w, https:\/\/www.medellin.gov.co\/es\/wp-content\/uploads\/2024\/10\/Reciclaje-de-puentes-pasos-de-fauna-silvestre-3-768x432.jpg 768w, https:\/\/www.medellin.gov.co\/es\/wp-content\/uploads\/2024\/10\/Reciclaje-de-puentes-pasos-de-fauna-silvestre-3.jpg 1200w\" sizes=\"(max-width: 1024px) 100vw, 1024px\" \/><\/a>\n\t\t\t<\/dt>\n\t\t\t\t<dd class='wp-caption-text gallery-caption' id='gallery-1-353588'>\n\t\t\t\tMedell\u00edn le apuesta al reciclaje de puentes: tres peatonales en desuso ser\u00e1n pasos de fauna silvestre &#8211; Foto alcaldia de Medell\u00edn\n\t\t\t\t<\/dd><\/dl><dl class='gallery-item'>\n\t\t\t<dt class='gallery-icon landscape'>\n\t\t\t\t<a href='https:\/\/www.medellin.gov.co\/es\/sala-de-prensa\/noticias\/medellin-le-apuesta-al-reciclaje-de-puentes-tres-peatonales-en-desuso-seran-pasos-de-fauna-silvestre\/reciclaje-de-puentes-pasos-de-fauna-silvestre-2\/'><img width=\"1024\" height=\"576\" src=\"https:\/\/www.medellin.gov.co\/es\/wp-content\/uploads\/2024\/10\/Reciclaje-de-puentes-pasos-de-fauna-silvestre-2-1024x576.jpg\" class=\"attachment-large size-large\" alt=\"Medell\u00edn le apuesta al reciclaje de puentes: tres peatonales en desuso ser\u00e1n pasos de fauna silvestre\" loading=\"lazy\" aria-describedby=\"gallery-1-353586\" srcset=\"https:\/\/www.medellin.gov.co\/es\/wp-content\/uploads\/2024\/10\/Reciclaje-de-puentes-pasos-de-fauna-silvestre-2-1024x576.jpg 1024w, https:\/\/www.medellin.gov.co\/es\/wp-content\/uploads\/2024\/10\/Reciclaje-de-puentes-pasos-de-fauna-silvestre-2-300x169.jpg 300w, https:\/\/www.medellin.gov.co\/es\/wp-content\/uploads\/2024\/10\/Reciclaje-de-puentes-pasos-de-fauna-silvestre-2-150x84.jpg 150w, https:\/\/www.medellin.gov.co\/es\/wp-content\/uploads\/2024\/10\/Reciclaje-de-puentes-pasos-de-fauna-silvestre-2-768x432.jpg 768w, https:\/\/www.medellin.gov.co\/es\/wp-content\/uploads\/2024\/10\/Reciclaje-de-puentes-pasos-de-fauna-silvestre-2.jpg 1200w\" sizes=\"(max-width: 1024px) 100vw, 1024px\" \/><\/a>\n\t\t\t<\/dt>\n\t\t\t\t<dd class='wp-caption-text gallery-caption' id='gallery-1-353586'>\n\t\t\t\tMedell\u00edn le apuesta al reciclaje de puentes: tres peatonales en desuso ser\u00e1n pasos de fauna silvestre &#8211; Foto alcaldia de Medell\u00edn\n\t\t\t\t<\/dd><\/dl><br style=\"clear: both\" \/>\n\t\t<\/div>\n\n<p class=\"p1\">Entre las estructuras con factibilidad de futuras intervenciones se encuentran las\u00a0ubicadas en la Villa de Aburr\u00e1, \u00c9xito de Laureles, cerro Nutibara, f\u00e1brica Noel y el\u00a0anfiteatro.<\/p>\n<p class=\"p1\">Al reciclar puentes, se disminuyen los impactos ambientales que generan las\u00a0construcciones habituales que son: alrededor de 40 % de extracci\u00f3n de recursos\u00a0naturales, 70 % de consumo de electricidad y 20 % de agua potable, 65 % del\u00a0volumen de desechos s\u00f3lidos y 50 % de emisi\u00f3n de CO2 y gases de efecto\u00a0invernadero.<\/p>\n","protected":false},"excerpt":{"rendered":"<p>Inicialmente, estas estructuras se intervendr\u00e1n con 280 metros cuadrados de jardines elevados que mitiguen el cambio clim\u00e1tico, disminuyan la\u00a0sensaci\u00f3n de calor y se conviertan en hogar de fauna silvestre. Los sitios en donde est\u00e1n los &#8230;<\/p>\n","protected":false},"author":84,"featured_media":353582,"comment_status":"open","ping_status":"open","sticky":false,"template":"","format":"standard","meta":[],"categories":[11],"tags":[436,455],"formato_nota":[],"programas_tax":[],"acf":[],"_links":{"self":[{"href":"https:\/\/www.medellin.gov.co\/es\/wp-json\/wp\/v2\/posts\/353579"}],"collection":[{"href":"https:\/\/www.medellin.gov.co\/es\/wp-json\/wp\/v2\/posts"}],"about":[{"href":"https:\/\/www.medellin.gov.co\/es\/wp-json\/wp\/v2\/types\/post"}],"author":[{"embeddable":true,"href":"https:\/\/www.medellin.gov.co\/es\/wp-json\/wp\/v2\/users\/84"}],"replies":[{"embeddable":true,"href":"https:\/\/www.medellin.gov.co\/es\/wp-json\/wp\/v2\/comments?post=353579"}],"version-history":[{"count":1,"href":"https:\/\/www.medellin.gov.co\/es\/wp-json\/wp\/v2\/posts\/353579\/revisions"}],"predecessor-version":[{"id":353590,"href":"https:\/\/www.medellin.gov.co\/es\/wp-json\/wp\/v2\/posts\/353579\/revisions\/353590"}],"wp:featuredmedia":[{"embeddable":true,"href":"https:\/\/www.medellin.gov.co\/es\/wp-json\/wp\/v2\/media\/353582"}],"wp:attachment":[{"href":"https:\/\/www.medellin.gov.co\/es\/wp-json\/wp\/v2\/media?parent=353579"}],"wp:term":[{"taxonomy":"category","embeddable":true,"href":"https:\/\/www.medellin.gov.co\/es\/wp-json\/wp\/v2\/categories?post=353579"},{"taxonomy":"post_tag","embeddable":true,"href":"https:\/\/www.medellin.gov.co\/es\/wp-json\/wp\/v2\/tags?post=353579"},{"taxonomy":"formato_nota","embeddable":true,"href":"https:\/\/www.medellin.gov.co\/es\/wp-json\/wp\/v2\/formato_nota?post=353579"},{"taxonomy":"programas_tax","embeddable":true,"href":"https:\/\/www.medellin.gov.co\/es\/wp-json\/wp\/v2\/programas_tax?post=353579"}],"curies":[{"name":"wp","href":"https:\/\/api.w.org\/{rel}","templated":true}]}}