{"id":353598,"date":"2024-10-15T08:05:27","date_gmt":"2024-10-15T13:05:27","guid":{"rendered":"https:\/\/www.medellin.gov.co\/es\/?p=353598"},"modified":"2024-10-15T08:05:27","modified_gmt":"2024-10-15T13:05:27","slug":"cerca-de-754-mil-personas-se-movilizaron-por-las-terminales-de-transporte-de-medellin-durante-la-semana-de-receso-escolar","status":"publish","type":"post","link":"https:\/\/www.medellin.gov.co\/es\/sala-de-prensa\/noticias\/cerca-de-754-mil-personas-se-movilizaron-por-las-terminales-de-transporte-de-medellin-durante-la-semana-de-receso-escolar\/","title":{"rendered":"Cerca de 754 mil personas se movilizaron por las terminales de transporte de Medell\u00edn durante la semana de receso escolar"},"content":{"rendered":"<ul>\n<li class=\"p1\"><b>En las terminales del norte y del sur, los destinos preferidos fueron el\u00a0<\/b><b>Oriente antioque\u00f1o, Urab\u00e1, Suroeste, Bogot\u00e1, Cartagena y el Eje Cafetero.<\/b><\/li>\n<\/ul>\n<!--[if lt IE 9]><script>document.createElement('audio');<\/script><![endif]-->\n\t<div class=\"wp-playlist wp-audio-playlist wp-playlist-light\">\n\t\t\t<div class=\"wp-playlist-current-item\"><\/div>\n\t\t<audio controls=\"controls\" preload=\"none\" width=\"640\"\n\t\t\t><\/audio>\n\t<div class=\"wp-playlist-next\"><\/div>\n\t<div class=\"wp-playlist-prev\"><\/div>\n\t<noscript>\n\t<ol>\n\t\t<li><a href='https:\/\/www.medellin.gov.co\/es\/wp-content\/uploads\/2024\/10\/Personas-movilizadas-terminales-de-transporte-01.mp3'>Palabras de Ricardo Le\u00f3n Yepes, subgerente T\u00e9cnico y Operativo de Terminales Medell\u00edn<\/a><\/li>\t<\/ol>\n\t<\/noscript>\n\t<script type=\"application\/json\" class=\"wp-playlist-script\">{\"type\":\"audio\",\"tracklist\":true,\"tracknumbers\":true,\"images\":true,\"artists\":true,\"tracks\":[{\"src\":\"https:\\\/\\\/www.medellin.gov.co\\\/es\\\/wp-content\\\/uploads\\\/2024\\\/10\\\/Personas-movilizadas-terminales-de-transporte-01.mp3\",\"type\":\"audio\\\/mpeg\",\"title\":\"Palabras de Ricardo Le\\u00f3n Yepes, subgerente T\\u00e9cnico y Operativo de Terminales Medell\\u00edn\",\"caption\":\"\",\"description\":\"\\u00abPalabras de Ricardo Le\\u00f3n Yepes, subgerente T\\u00e9cnico y Operativo de Terminales Medell\\u00edn\\u00bb.\",\"meta\":{\"year\":\"2024\",\"length_formatted\":\"0:24\"},\"image\":{\"src\":\"https:\\\/\\\/www.medellin.gov.co\\\/es\\\/wp-includes\\\/images\\\/media\\\/audio.png\",\"width\":48,\"height\":64},\"thumb\":{\"src\":\"https:\\\/\\\/www.medellin.gov.co\\\/es\\\/wp-includes\\\/images\\\/media\\\/audio.png\",\"width\":48,\"height\":64}}]}<\/script>\n<\/div>\n\t\n<p class=\"p1\">En la semana del receso escolar, que se extendi\u00f3 del 4 al 14 de octubre,\u00a0Terminales Medell\u00edn registr\u00f3 la movilizaci\u00f3n alrededor de 754 mil viajeros,\u00a0posicion\u00e1ndose como un eje fundamental de conectividad para el departamento y\u00a0el pa\u00eds.<\/p>\n<div id=\"attachment_353615\" style=\"width: 609px\" class=\"wp-caption aligncenter\"><a href=\"https:\/\/www.medellin.gov.co\/es\/wp-content\/uploads\/2024\/10\/Personas-movilizadas-terminales-de-transporte-3.jpg\" target=\"_blank\" rel=\"noopener\"><img aria-describedby=\"caption-attachment-353615\" loading=\"lazy\" class=\"wp-image-353615 size-full\" title=\"Cerca de 754 mil personas se movilizaron por las terminales de transporte de Medell\u00edn durante la semana de receso escolar\" src=\"https:\/\/www.medellin.gov.co\/es\/wp-content\/uploads\/2024\/10\/Personas-movilizadas-terminales-de-transporte-3.jpg\" alt=\"Cerca de 754 mil personas se movilizaron por las terminales de transporte de Medell\u00edn durante la semana de receso escolar\" width=\"599\" height=\"900\" srcset=\"https:\/\/www.medellin.gov.co\/es\/wp-content\/uploads\/2024\/10\/Personas-movilizadas-terminales-de-transporte-3.jpg 599w, https:\/\/www.medellin.gov.co\/es\/wp-content\/uploads\/2024\/10\/Personas-movilizadas-terminales-de-transporte-3-200x300.jpg 200w, https:\/\/www.medellin.gov.co\/es\/wp-content\/uploads\/2024\/10\/Personas-movilizadas-terminales-de-transporte-3-100x150.jpg 100w\" sizes=\"(max-width: 599px) 100vw, 599px\" \/><\/a><p id=\"caption-attachment-353615\" class=\"wp-caption-text\">Cerca de 754 mil personas se movilizaron por las terminales de transporte de Medell\u00edn durante la semana de receso escolar &#8211; Foto alcaldia de Medell\u00edn<\/p><\/div>\n<p class=\"p1\">Durante estos d\u00edas, cerca de 60.000 veh\u00edculos entraron y salieron de la Terminal\u00a0del Norte y la Terminal del Sur, con pasajeros que se dirigieron tanto a destinos\u00a0locales como nacionales, en especial hacia el Oriente antioque\u00f1o, Urab\u00e1, el\u00a0Suroeste, Bogot\u00e1, Cartagena y el Eje Cafetero.<\/p>\n<p class=\"p1\"><i>\u00abEstamos muy satisfechos con el resultado de esta temporada de receso escolar.\u00a0<\/i><i>Nuestro equipo operativo trabaj\u00f3 24\/7 para garantizar que los viajeros vivieran\u00a0<\/i><i>cosas buenas. Gracias a la coordinaci\u00f3n con las diferentes instituciones y las\u00a0<\/i><i>empresas transportadoras, logramos superar las expectativas iniciales sin\u00a0<\/i><i>mayores novedades\u00bb<\/i>, expres\u00f3 el subgerente T\u00e9cnico y Operativo de Terminales\u00a0Medell\u00edn, Ricardo Le\u00f3n Yepes.<\/p>\n<div id=\"attachment_353613\" style=\"width: 609px\" class=\"wp-caption aligncenter\"><a href=\"https:\/\/www.medellin.gov.co\/es\/wp-content\/uploads\/2024\/10\/Personas-movilizadas-terminales-de-transporte-2.jpg\" target=\"_blank\" rel=\"noopener\"><img aria-describedby=\"caption-attachment-353613\" loading=\"lazy\" class=\"wp-image-353613 size-full\" title=\"Cerca de 754 mil personas se movilizaron por las terminales de transporte de Medell\u00edn durante la semana de receso escolar\" src=\"https:\/\/www.medellin.gov.co\/es\/wp-content\/uploads\/2024\/10\/Personas-movilizadas-terminales-de-transporte-2.jpg\" alt=\"Cerca de 754 mil personas se movilizaron por las terminales de transporte de Medell\u00edn durante la semana de receso escolar\" width=\"599\" height=\"900\" srcset=\"https:\/\/www.medellin.gov.co\/es\/wp-content\/uploads\/2024\/10\/Personas-movilizadas-terminales-de-transporte-2.jpg 599w, https:\/\/www.medellin.gov.co\/es\/wp-content\/uploads\/2024\/10\/Personas-movilizadas-terminales-de-transporte-2-200x300.jpg 200w, https:\/\/www.medellin.gov.co\/es\/wp-content\/uploads\/2024\/10\/Personas-movilizadas-terminales-de-transporte-2-100x150.jpg 100w\" sizes=\"(max-width: 599px) 100vw, 599px\" \/><\/a><p id=\"caption-attachment-353613\" class=\"wp-caption-text\">Cerca de 754 mil personas se movilizaron por las terminales de transporte de Medell\u00edn durante la semana de receso escolar &#8211; Foto alcaldia de Medell\u00edn<\/p><\/div>\n<p class=\"p1\">Medell\u00edn sigue consolid\u00e1ndose como atractivo tur\u00edstico, gracias al esfuerzo\u00a0conjunto de las entidades responsables que han trabajado en la optimizaci\u00f3n de\u00a0las operaciones, para brindar una experiencia de viaje m\u00e1s \u00e1gil, eficiente y segura\u00a0para los usuarios, tanto en las terminales terrestres como a\u00e9reas de la ciudad.<\/p>\n","protected":false},"excerpt":{"rendered":"<p>En las terminales del norte y del sur, los destinos preferidos fueron el\u00a0Oriente antioque\u00f1o, Urab\u00e1, Suroeste, Bogot\u00e1, Cartagena y el Eje Cafetero. En la semana del receso escolar, que se extendi\u00f3 del 4 al 14 &#8230;<\/p>\n","protected":false},"author":84,"featured_media":353609,"comment_status":"open","ping_status":"open","sticky":false,"template":"","format":"standard","meta":[],"categories":[17],"tags":[447,455],"formato_nota":[],"programas_tax":[],"acf":[],"_links":{"self":[{"href":"https:\/\/www.medellin.gov.co\/es\/wp-json\/wp\/v2\/posts\/353598"}],"collection":[{"href":"https:\/\/www.medellin.gov.co\/es\/wp-json\/wp\/v2\/posts"}],"about":[{"href":"https:\/\/www.medellin.gov.co\/es\/wp-json\/wp\/v2\/types\/post"}],"author":[{"embeddable":true,"href":"https:\/\/www.medellin.gov.co\/es\/wp-json\/wp\/v2\/users\/84"}],"replies":[{"embeddable":true,"href":"https:\/\/www.medellin.gov.co\/es\/wp-json\/wp\/v2\/comments?post=353598"}],"version-history":[{"count":1,"href":"https:\/\/www.medellin.gov.co\/es\/wp-json\/wp\/v2\/posts\/353598\/revisions"}],"predecessor-version":[{"id":353618,"href":"https:\/\/www.medellin.gov.co\/es\/wp-json\/wp\/v2\/posts\/353598\/revisions\/353618"}],"wp:featuredmedia":[{"embeddable":true,"href":"https:\/\/www.medellin.gov.co\/es\/wp-json\/wp\/v2\/media\/353609"}],"wp:attachment":[{"href":"https:\/\/www.medellin.gov.co\/es\/wp-json\/wp\/v2\/media?parent=353598"}],"wp:term":[{"taxonomy":"category","embeddable":true,"href":"https:\/\/www.medellin.gov.co\/es\/wp-json\/wp\/v2\/categories?post=353598"},{"taxonomy":"post_tag","embeddable":true,"href":"https:\/\/www.medellin.gov.co\/es\/wp-json\/wp\/v2\/tags?post=353598"},{"taxonomy":"formato_nota","embeddable":true,"href":"https:\/\/www.medellin.gov.co\/es\/wp-json\/wp\/v2\/formato_nota?post=353598"},{"taxonomy":"programas_tax","embeddable":true,"href":"https:\/\/www.medellin.gov.co\/es\/wp-json\/wp\/v2\/programas_tax?post=353598"}],"curies":[{"name":"wp","href":"https:\/\/api.w.org\/{rel}","templated":true}]}}