{"id":355135,"date":"2024-10-19T16:09:13","date_gmt":"2024-10-19T21:09:13","guid":{"rendered":"https:\/\/www.medellin.gov.co\/es\/?p=355135"},"modified":"2024-10-19T16:09:13","modified_gmt":"2024-10-19T21:09:13","slug":"en-el-centro-de-medellin-se-inaugura-el-museo-escolar-un-mundo-de-murales-no-de-muros","status":"publish","type":"post","link":"https:\/\/www.medellin.gov.co\/es\/sala-de-prensa\/noticias\/en-el-centro-de-medellin-se-inaugura-el-museo-escolar-un-mundo-de-murales-no-de-muros\/","title":{"rendered":"En el Centro de Medell\u00edn se inaugura el museo escolar \u201cUn mundo de murales, no de muros\u201d"},"content":{"rendered":"<ul>\n<li class=\"p1\"><b>Estar\u00e1 disponible en la Instituci\u00f3n Educativa H\u00e9ctor Abad G\u00f3mez, sede <\/b><b>Dar\u00edo Londo\u00f1o Cardona (sector Niquitao).<\/b><\/li>\n<li class=\"p1\"><b>En este colegio hay estudiantes de distintas regiones y pa\u00edses, quienes <\/b><b>traen una riqueza de culturas, etnias y realidades socioecon\u00f3micas.<\/b><\/li>\n<li class=\"p1\"><b>Comprende 13 murales elaborados por 14 artistas internacionales, <\/b><b>nacionales y locales.<\/b><\/li>\n<\/ul>\n<!--[if lt IE 9]><script>document.createElement('audio');<\/script><![endif]-->\n\t<div class=\"wp-playlist wp-audio-playlist wp-playlist-light\">\n\t\t\t<div class=\"wp-playlist-current-item\"><\/div>\n\t\t<audio controls=\"controls\" preload=\"none\" width=\"640\"\n\t\t\t><\/audio>\n\t<div class=\"wp-playlist-next\"><\/div>\n\t<div class=\"wp-playlist-prev\"><\/div>\n\t<noscript>\n\t<ol>\n\t\t<li><a href='https:\/\/www.medellin.gov.co\/es\/wp-content\/uploads\/2024\/10\/Un-mundo-de-murales-no-de-muros-01.mp3'>Palabras de Luis Guillermo Pati\u00f1o Aristiz\u00e1bal, secretario de Educaci\u00f3n<\/a><\/li><li><a href='https:\/\/www.medellin.gov.co\/es\/wp-content\/uploads\/2024\/10\/Un-mundo-de-murales-no-de-muros-02.mp3'>Palabras de Florencia Camp\u00f3o (nombre art\u00edstico: Moff), artista chilena<\/a><\/li>\t<\/ol>\n\t<\/noscript>\n\t<script type=\"application\/json\" class=\"wp-playlist-script\">{\"type\":\"audio\",\"tracklist\":true,\"tracknumbers\":true,\"images\":true,\"artists\":true,\"tracks\":[{\"src\":\"https:\\\/\\\/www.medellin.gov.co\\\/es\\\/wp-content\\\/uploads\\\/2024\\\/10\\\/Un-mundo-de-murales-no-de-muros-01.mp3\",\"type\":\"audio\\\/mpeg\",\"title\":\"Palabras de Luis Guillermo Pati\\u00f1o Aristiz\\u00e1bal, secretario de Educaci\\u00f3n\",\"caption\":\"\",\"description\":\"\\u00abPalabras de Luis Guillermo Pati\\u00f1o Aristiz\\u00e1bal, secretario de Educaci\\u00f3n\\u00bb.\",\"meta\":{\"length_formatted\":\"0:50\"},\"image\":{\"src\":\"https:\\\/\\\/www.medellin.gov.co\\\/es\\\/wp-includes\\\/images\\\/media\\\/audio.png\",\"width\":48,\"height\":64},\"thumb\":{\"src\":\"https:\\\/\\\/www.medellin.gov.co\\\/es\\\/wp-includes\\\/images\\\/media\\\/audio.png\",\"width\":48,\"height\":64}},{\"src\":\"https:\\\/\\\/www.medellin.gov.co\\\/es\\\/wp-content\\\/uploads\\\/2024\\\/10\\\/Un-mundo-de-murales-no-de-muros-02.mp3\",\"type\":\"audio\\\/mpeg\",\"title\":\"Palabras de Florencia Camp\\u00f3o (nombre art\\u00edstico: Moff), artista chilena\",\"caption\":\"\",\"description\":\"\\u00abPalabras de Florencia Camp\\u00f3o (nombre art\\u00edstico: Moff), artista chilena\\u00bb.\",\"meta\":{\"length_formatted\":\"0:41\"},\"image\":{\"src\":\"https:\\\/\\\/www.medellin.gov.co\\\/es\\\/wp-includes\\\/images\\\/media\\\/audio.png\",\"width\":48,\"height\":64},\"thumb\":{\"src\":\"https:\\\/\\\/www.medellin.gov.co\\\/es\\\/wp-includes\\\/images\\\/media\\\/audio.png\",\"width\":48,\"height\":64}}]}<\/script>\n<\/div>\n\t\n<p class=\"p1\">Como un espacio de memoria y aprendizaje colectivo, la Instituci\u00f3n Educativa\u00a0H\u00e9ctor Abad G\u00f3mez, sede Dar\u00edo Londo\u00f1o Cardona (ubicada en Niquitao)\u00a0inaugur\u00f3 el museo escolar <i>\u201cUn mundo de murales, no de muros\u201d<\/i>, que fomenta la\u00a0inclusi\u00f3n desde diversos \u00e1mbitos, incluida la promoci\u00f3n del bienestar\u00a0socioemocional a trav\u00e9s de un enfoque preventivo y los estilos de vida\u00a0saludables. Comprende 13 murales elaborados por 14 artistas internacionales,\u00a0nacionales y locales.<\/p>\n<div id=\"attachment_355147\" style=\"width: 1210px\" class=\"wp-caption aligncenter\"><a href=\"https:\/\/www.medellin.gov.co\/es\/wp-content\/uploads\/2024\/10\/Un-mundo-de-murales-no-de-muros-5.jpg\" target=\"_blank\" rel=\"noopener\"><img aria-describedby=\"caption-attachment-355147\" loading=\"lazy\" class=\"wp-image-355147 size-full\" title=\"En el Centro de Medell\u00edn se inaugura el museo escolar \u201cUn mundo de murales, no de muros\u201d\" src=\"https:\/\/www.medellin.gov.co\/es\/wp-content\/uploads\/2024\/10\/Un-mundo-de-murales-no-de-muros-5.jpg\" alt=\"En el Centro de Medell\u00edn se inaugura el museo escolar \u201cUn mundo de murales, no de muros\u201d\" width=\"1200\" height=\"900\" srcset=\"https:\/\/www.medellin.gov.co\/es\/wp-content\/uploads\/2024\/10\/Un-mundo-de-murales-no-de-muros-5.jpg 1200w, https:\/\/www.medellin.gov.co\/es\/wp-content\/uploads\/2024\/10\/Un-mundo-de-murales-no-de-muros-5-300x225.jpg 300w, https:\/\/www.medellin.gov.co\/es\/wp-content\/uploads\/2024\/10\/Un-mundo-de-murales-no-de-muros-5-1024x768.jpg 1024w, https:\/\/www.medellin.gov.co\/es\/wp-content\/uploads\/2024\/10\/Un-mundo-de-murales-no-de-muros-5-150x113.jpg 150w, https:\/\/www.medellin.gov.co\/es\/wp-content\/uploads\/2024\/10\/Un-mundo-de-murales-no-de-muros-5-768x576.jpg 768w\" sizes=\"(max-width: 1200px) 100vw, 1200px\" \/><\/a><p id=\"caption-attachment-355147\" class=\"wp-caption-text\">En el Centro de Medell\u00edn se inaugura el museo escolar \u201cUn mundo de murales, no de muros\u201d &#8211; Foto alcaldia de Medell\u00edn<\/p><\/div>\n<p class=\"p1\"><i>\u201cEstamos felices inaugurando el gran museo escolar de la instituci\u00f3n educativa\u00a0<\/i><i>H\u00e9ctor Abad G\u00f3mez, la de mayor inclusi\u00f3n en Medell\u00edn. M\u00e1s de 16 murales y\u00a0<\/i><i>pinturas de artistas nacionales e internacionales que se unieron en una causa\u00a0<\/i><i>hermosa: representar la diversidad, la inclusi\u00f3n y el respeto de los Derechos\u00a0<\/i><i>Humanos que se vive en esta instituci\u00f3n educativa. Ser\u00e1 un museo en el colegio,\u00a0<\/i><i>abierto no solo para los estudiantes, sino para toda la ciudad. Una manera de\u00a0<\/i><i>demostrar c\u00f3mo el arte y la cultura transforman vidas, fortalecen la educaci\u00f3n y\u00a0<\/i><i>permiten que nuestros ni\u00f1os y ni\u00f1as puedan hacer sus sue\u00f1os realidad\u201d, <\/i>dijo el\u00a0secretario de Educaci\u00f3n, Luis Guillermo Pati\u00f1o Aristiz\u00e1bal.<\/p>\n<p class=\"p1\">Se trata de una fusi\u00f3n de experiencias, narrativas y trayectorias diversas, que\u00a0representa el legado del m\u00e9dico, educador y defensor de los derechos humanos\u00a0H\u00e9ctor Abad G\u00f3mez, quien dedic\u00f3 su vida a luchar contra las injusticias y\u00a0promover la dignidad en medio de la violencia pol\u00edtica y social de Colombia.<\/p>\n<div id=\"attachment_355137\" style=\"width: 1210px\" class=\"wp-caption aligncenter\"><a href=\"https:\/\/www.medellin.gov.co\/es\/wp-content\/uploads\/2024\/10\/Un-mundo-de-murales-no-de-muros-1.jpg\" target=\"_blank\" rel=\"noopener\"><img aria-describedby=\"caption-attachment-355137\" loading=\"lazy\" class=\"wp-image-355137 size-full\" src=\"https:\/\/www.medellin.gov.co\/es\/wp-content\/uploads\/2024\/10\/Un-mundo-de-murales-no-de-muros-1.jpg\" alt=\"En el Centro de Medell\u00edn se inaugura el museo escolar \u201cUn mundo de murales, no de muros\u201d\" width=\"1200\" height=\"799\" srcset=\"https:\/\/www.medellin.gov.co\/es\/wp-content\/uploads\/2024\/10\/Un-mundo-de-murales-no-de-muros-1.jpg 1200w, https:\/\/www.medellin.gov.co\/es\/wp-content\/uploads\/2024\/10\/Un-mundo-de-murales-no-de-muros-1-300x200.jpg 300w, https:\/\/www.medellin.gov.co\/es\/wp-content\/uploads\/2024\/10\/Un-mundo-de-murales-no-de-muros-1-1024x682.jpg 1024w, https:\/\/www.medellin.gov.co\/es\/wp-content\/uploads\/2024\/10\/Un-mundo-de-murales-no-de-muros-1-150x100.jpg 150w, https:\/\/www.medellin.gov.co\/es\/wp-content\/uploads\/2024\/10\/Un-mundo-de-murales-no-de-muros-1-768x511.jpg 768w\" sizes=\"(max-width: 1200px) 100vw, 1200px\" \/><\/a><p id=\"caption-attachment-355137\" class=\"wp-caption-text\">En el Centro de Medell\u00edn se inaugura el museo escolar \u201cUn mundo de murales, no de muros\u201d &#8211; Foto alcaldia de Medell\u00edn<\/p><\/div>\n<p class=\"p1\">Las obras reflejan los encuentros y conversaciones entre los artistas y la\u00a0comunidad. Se convierten en testimonio de las historias compartidas por las\u00a0familias del sector.<\/p>\n<p class=\"p1\"><i>\u201cPintamos uno de los murales aqu\u00ed, en el nuevo museo de la Escuela H\u00e9ctor\u00a0<\/i><i>Abad. Ha sido un placer trabajar en este proyecto, un proyecto muy integral; el\u00a0<\/i><i>equipo est\u00e1 muy capacitado para poder recibirnos como artistas y darnos todo lo\u00a0<\/i><i>necesario para poder trabajar. Me parece muy potente lo que se est\u00e1 haciendo\u00a0<\/i><i>en un espacio como este, donde los ni\u00f1os vienen a un oasis educativo en medio\u00a0<\/i><i>de un contexto muy vulnerado, con muchos flagelos que son sensibles para que\u00a0<\/i><i>los ni\u00f1os est\u00e9n viendo y est\u00e9n conviviendo con eso. Entonces es importante lo\u00a0<\/i><i>que se est\u00e1 haciendo aqu\u00ed en esta escuela, el trabajo de los docentes, del rector,\u00a0<\/i><i>de todo el equipo. La verdad que es maravilloso poder entregarles tantas\u00a0<\/i><i>posibilidades de libertad a trav\u00e9s de las im\u00e1genes que se han creado con los\u00a0<\/i><i>murales\u201d, <\/i>expres\u00f3 Florencia Camp\u00f3o (nombre art\u00edstico: Moff), artista chilena.<\/p>\n\n\t\t<style type=\"text\/css\">\n\t\t\t#gallery-1 {\n\t\t\t\tmargin: auto;\n\t\t\t}\n\t\t\t#gallery-1 .gallery-item {\n\t\t\t\tfloat: left;\n\t\t\t\tmargin-top: 10px;\n\t\t\t\ttext-align: center;\n\t\t\t\twidth: 50%;\n\t\t\t}\n\t\t\t#gallery-1 img {\n\t\t\t\tborder: 2px solid #cfcfcf;\n\t\t\t}\n\t\t\t#gallery-1 .gallery-caption {\n\t\t\t\tmargin-left: 0;\n\t\t\t}\n\t\t\t\/* see gallery_shortcode() in wp-includes\/media.php *\/\n\t\t<\/style>\n\t\t<div id='gallery-1' class='gallery galleryid-355135 gallery-columns-2 gallery-size-large'><dl class='gallery-item'>\n\t\t\t<dt class='gallery-icon landscape'>\n\t\t\t\t<a href='https:\/\/www.medellin.gov.co\/es\/sala-de-prensa\/noticias\/en-el-centro-de-medellin-se-inaugura-el-museo-escolar-un-mundo-de-murales-no-de-muros\/un-mundo-de-murales-no-de-muros-4\/'><img width=\"1024\" height=\"768\" src=\"https:\/\/www.medellin.gov.co\/es\/wp-content\/uploads\/2024\/10\/Un-mundo-de-murales-no-de-muros-4-1024x768.jpg\" class=\"attachment-large size-large\" alt=\"En el Centro de Medell\u00edn se inaugura el museo escolar \u201cUn mundo de murales, no de muros\u201d\" loading=\"lazy\" aria-describedby=\"gallery-1-355146\" srcset=\"https:\/\/www.medellin.gov.co\/es\/wp-content\/uploads\/2024\/10\/Un-mundo-de-murales-no-de-muros-4-1024x768.jpg 1024w, https:\/\/www.medellin.gov.co\/es\/wp-content\/uploads\/2024\/10\/Un-mundo-de-murales-no-de-muros-4-300x225.jpg 300w, https:\/\/www.medellin.gov.co\/es\/wp-content\/uploads\/2024\/10\/Un-mundo-de-murales-no-de-muros-4-150x113.jpg 150w, https:\/\/www.medellin.gov.co\/es\/wp-content\/uploads\/2024\/10\/Un-mundo-de-murales-no-de-muros-4-768x576.jpg 768w, https:\/\/www.medellin.gov.co\/es\/wp-content\/uploads\/2024\/10\/Un-mundo-de-murales-no-de-muros-4.jpg 1200w\" sizes=\"(max-width: 1024px) 100vw, 1024px\" \/><\/a>\n\t\t\t<\/dt>\n\t\t\t\t<dd class='wp-caption-text gallery-caption' id='gallery-1-355146'>\n\t\t\t\tEn el Centro de Medell\u00edn se inaugura el museo escolar \u201cUn mundo de murales, no de muros\u201d &#8211; Foto alcaldia de Medell\u00edn\n\t\t\t\t<\/dd><\/dl><dl class='gallery-item'>\n\t\t\t<dt class='gallery-icon landscape'>\n\t\t\t\t<a href='https:\/\/www.medellin.gov.co\/es\/sala-de-prensa\/noticias\/en-el-centro-de-medellin-se-inaugura-el-museo-escolar-un-mundo-de-murales-no-de-muros\/un-mundo-de-murales-no-de-muros-2\/'><img width=\"1024\" height=\"768\" src=\"https:\/\/www.medellin.gov.co\/es\/wp-content\/uploads\/2024\/10\/Un-mundo-de-murales-no-de-muros-2-1024x768.jpg\" class=\"attachment-large size-large\" alt=\"En el Centro de Medell\u00edn se inaugura el museo escolar \u201cUn mundo de murales, no de muros\u201d\" loading=\"lazy\" aria-describedby=\"gallery-1-355143\" srcset=\"https:\/\/www.medellin.gov.co\/es\/wp-content\/uploads\/2024\/10\/Un-mundo-de-murales-no-de-muros-2-1024x768.jpg 1024w, https:\/\/www.medellin.gov.co\/es\/wp-content\/uploads\/2024\/10\/Un-mundo-de-murales-no-de-muros-2-300x225.jpg 300w, https:\/\/www.medellin.gov.co\/es\/wp-content\/uploads\/2024\/10\/Un-mundo-de-murales-no-de-muros-2-150x113.jpg 150w, https:\/\/www.medellin.gov.co\/es\/wp-content\/uploads\/2024\/10\/Un-mundo-de-murales-no-de-muros-2-768x576.jpg 768w, https:\/\/www.medellin.gov.co\/es\/wp-content\/uploads\/2024\/10\/Un-mundo-de-murales-no-de-muros-2.jpg 1200w\" sizes=\"(max-width: 1024px) 100vw, 1024px\" \/><\/a>\n\t\t\t<\/dt>\n\t\t\t\t<dd class='wp-caption-text gallery-caption' id='gallery-1-355143'>\n\t\t\t\tEn el Centro de Medell\u00edn se inaugura el museo escolar \u201cUn mundo de murales, no de muros\u201d &#8211; Foto alcaldia de Medell\u00edn\n\t\t\t\t<\/dd><\/dl><br style=\"clear: both\" \/>\n\t\t<\/div>\n\n<p class=\"p1\">Los interesados en conocer el proyecto pueden realizar una visita guiada y\u00a0gratuita, con agendamiento previo en el correo electr\u00f3nico\u00a0<a href=\"mailto:museoescolarhag@gmail.com\" target=\"_blank\" rel=\"noopener\">museoescolarhag@gmail.com<\/a><span class=\"s1\">.<\/span><\/p>\n<p class=\"p1\">Este proyecto es un paso en la construcci\u00f3n de una comunidad m\u00e1s unida, en la\u00a0que el arte se convierte en una herramienta para la transformaci\u00f3n social y el\u00a0fortalecimiento de la memoria territorial.<\/p>\n","protected":false},"excerpt":{"rendered":"<p>Estar\u00e1 disponible en la Instituci\u00f3n Educativa H\u00e9ctor Abad G\u00f3mez, sede Dar\u00edo Londo\u00f1o Cardona (sector Niquitao). En este colegio hay estudiantes de distintas regiones y pa\u00edses, quienes traen una riqueza de culturas, etnias y realidades socioecon\u00f3micas. &#8230;<\/p>\n","protected":false},"author":84,"featured_media":355145,"comment_status":"open","ping_status":"open","sticky":false,"template":"","format":"standard","meta":[],"categories":[4],"tags":[444,431,455],"formato_nota":[],"programas_tax":[],"acf":[],"_links":{"self":[{"href":"https:\/\/www.medellin.gov.co\/es\/wp-json\/wp\/v2\/posts\/355135"}],"collection":[{"href":"https:\/\/www.medellin.gov.co\/es\/wp-json\/wp\/v2\/posts"}],"about":[{"href":"https:\/\/www.medellin.gov.co\/es\/wp-json\/wp\/v2\/types\/post"}],"author":[{"embeddable":true,"href":"https:\/\/www.medellin.gov.co\/es\/wp-json\/wp\/v2\/users\/84"}],"replies":[{"embeddable":true,"href":"https:\/\/www.medellin.gov.co\/es\/wp-json\/wp\/v2\/comments?post=355135"}],"version-history":[{"count":1,"href":"https:\/\/www.medellin.gov.co\/es\/wp-json\/wp\/v2\/posts\/355135\/revisions"}],"predecessor-version":[{"id":355150,"href":"https:\/\/www.medellin.gov.co\/es\/wp-json\/wp\/v2\/posts\/355135\/revisions\/355150"}],"wp:featuredmedia":[{"embeddable":true,"href":"https:\/\/www.medellin.gov.co\/es\/wp-json\/wp\/v2\/media\/355145"}],"wp:attachment":[{"href":"https:\/\/www.medellin.gov.co\/es\/wp-json\/wp\/v2\/media?parent=355135"}],"wp:term":[{"taxonomy":"category","embeddable":true,"href":"https:\/\/www.medellin.gov.co\/es\/wp-json\/wp\/v2\/categories?post=355135"},{"taxonomy":"post_tag","embeddable":true,"href":"https:\/\/www.medellin.gov.co\/es\/wp-json\/wp\/v2\/tags?post=355135"},{"taxonomy":"formato_nota","embeddable":true,"href":"https:\/\/www.medellin.gov.co\/es\/wp-json\/wp\/v2\/formato_nota?post=355135"},{"taxonomy":"programas_tax","embeddable":true,"href":"https:\/\/www.medellin.gov.co\/es\/wp-json\/wp\/v2\/programas_tax?post=355135"}],"curies":[{"name":"wp","href":"https:\/\/api.w.org\/{rel}","templated":true}]}}