{"id":355151,"date":"2024-10-20T10:47:10","date_gmt":"2024-10-20T15:47:10","guid":{"rendered":"https:\/\/www.medellin.gov.co\/es\/?p=355151"},"modified":"2024-10-20T10:47:10","modified_gmt":"2024-10-20T15:47:10","slug":"la-administracion-distrital-realizara-el-segundo-festival-de-las-oportunidades-para-los-jovenes-de-medellin","status":"publish","type":"post","link":"https:\/\/www.medellin.gov.co\/es\/sala-de-prensa\/noticias\/la-administracion-distrital-realizara-el-segundo-festival-de-las-oportunidades-para-los-jovenes-de-medellin\/","title":{"rendered":"La Administraci\u00f3n Distrital realizar\u00e1 el segundo Festival de las Oportunidades para los j\u00f3venes de Medell\u00edn"},"content":{"rendered":"<!--[if lt IE 9]><script>document.createElement('audio');<\/script><![endif]-->\n\t<div class=\"wp-playlist wp-audio-playlist wp-playlist-light\">\n\t\t\t<div class=\"wp-playlist-current-item\"><\/div>\n\t\t<audio controls=\"controls\" preload=\"none\" width=\"640\"\n\t\t\t><\/audio>\n\t<div class=\"wp-playlist-next\"><\/div>\n\t<div class=\"wp-playlist-prev\"><\/div>\n\t<noscript>\n\t<ol>\n\t\t<li><a href='https:\/\/www.medellin.gov.co\/es\/wp-content\/uploads\/2024\/10\/2do-festival-de-las-oportunidades-juvenil-01.mp3'>Palabras de Ricardo Jaramillo V\u00e9lez, secretario de la Juventud<\/a><\/li>\t<\/ol>\n\t<\/noscript>\n\t<script type=\"application\/json\" class=\"wp-playlist-script\">{\"type\":\"audio\",\"tracklist\":true,\"tracknumbers\":true,\"images\":true,\"artists\":true,\"tracks\":[{\"src\":\"https:\\\/\\\/www.medellin.gov.co\\\/es\\\/wp-content\\\/uploads\\\/2024\\\/10\\\/2do-festival-de-las-oportunidades-juvenil-01.mp3\",\"type\":\"audio\\\/mpeg\",\"title\":\"Palabras de Ricardo Jaramillo V\\u00e9lez, secretario de la Juventud\",\"caption\":\"\",\"description\":\"\\u00abPalabras de Ricardo Jaramillo V\\u00e9lez, secretario de la Juventud\\u00bb.\",\"meta\":{\"length_formatted\":\"1:04\"},\"image\":{\"src\":\"https:\\\/\\\/www.medellin.gov.co\\\/es\\\/wp-includes\\\/images\\\/media\\\/audio.png\",\"width\":48,\"height\":64},\"thumb\":{\"src\":\"https:\\\/\\\/www.medellin.gov.co\\\/es\\\/wp-includes\\\/images\\\/media\\\/audio.png\",\"width\":48,\"height\":64}}]}<\/script>\n<\/div>\n\t\n<p class=\"p1\">El jueves, 24 de octubre, se har\u00e1 la segunda edici\u00f3n del Festival de las\u00a0Oportunidades \u201cEchaos pa\u2019 lante\u201d, un espacio organizado por la Alcald\u00eda de\u00a0Medell\u00edn en alianza con Magneto, en el que los j\u00f3venes de toda la ciudad\u00a0pueden acceder a diferentes ofertas.<\/p>\n<div id=\"attachment_355155\" style=\"width: 1210px\" class=\"wp-caption aligncenter\"><a href=\"https:\/\/www.medellin.gov.co\/es\/wp-content\/uploads\/2024\/10\/2do-festival-de-las-oportunidades-juvenil-2.jpg\" target=\"_blank\" rel=\"noopener\"><img aria-describedby=\"caption-attachment-355155\" loading=\"lazy\" class=\"wp-image-355155 size-full\" title=\"La Administraci\u00f3n Distrital realizar\u00e1 el segundo Festival de las Oportunidades para los j\u00f3venes de Medell\u00edn\" src=\"https:\/\/www.medellin.gov.co\/es\/wp-content\/uploads\/2024\/10\/2do-festival-de-las-oportunidades-juvenil-2.jpg\" alt=\"La Administraci\u00f3n Distrital realizar\u00e1 el segundo Festival de las Oportunidades para los j\u00f3venes de Medell\u00edn\" width=\"1200\" height=\"799\" srcset=\"https:\/\/www.medellin.gov.co\/es\/wp-content\/uploads\/2024\/10\/2do-festival-de-las-oportunidades-juvenil-2.jpg 1200w, https:\/\/www.medellin.gov.co\/es\/wp-content\/uploads\/2024\/10\/2do-festival-de-las-oportunidades-juvenil-2-300x200.jpg 300w, https:\/\/www.medellin.gov.co\/es\/wp-content\/uploads\/2024\/10\/2do-festival-de-las-oportunidades-juvenil-2-1024x682.jpg 1024w, https:\/\/www.medellin.gov.co\/es\/wp-content\/uploads\/2024\/10\/2do-festival-de-las-oportunidades-juvenil-2-150x100.jpg 150w, https:\/\/www.medellin.gov.co\/es\/wp-content\/uploads\/2024\/10\/2do-festival-de-las-oportunidades-juvenil-2-768x511.jpg 768w\" sizes=\"(max-width: 1200px) 100vw, 1200px\" \/><\/a><p id=\"caption-attachment-355155\" class=\"wp-caption-text\">La Administraci\u00f3n Distrital realizar\u00e1 el segundo Festival de las Oportunidades para los j\u00f3venes de Medell\u00edn &#8211; Foto alcald\u00eda de Medell\u00edn<\/p><\/div>\n<p class=\"p1\">Todos los j\u00f3venes que est\u00e9n buscando una oportunidad laboral, de estudio o\u00a0una asesor\u00eda para emprender van a poder acceder a m\u00e1s de 2.000 vacantes de\u00a0las m\u00e1s de 25 empresas aliadas.<\/p>\n<p class=\"p1\">La jornada contar\u00e1 con cuatro charlas de expertos y empresarios sobre\u00a0emprendimiento, marca personal y proyecto de vida, asesor\u00edas sobre\u00a0empleabilidad con Comfama y temas migratorios.<\/p>\n<div id=\"attachment_355156\" style=\"width: 1210px\" class=\"wp-caption aligncenter\"><a href=\"https:\/\/www.medellin.gov.co\/es\/wp-content\/uploads\/2024\/10\/2do-festival-de-las-oportunidades-juvenil-3.jpg\" target=\"_blank\" rel=\"noopener\"><img aria-describedby=\"caption-attachment-355156\" loading=\"lazy\" class=\"wp-image-355156 size-full\" title=\"La Administraci\u00f3n Distrital realizar\u00e1 el segundo Festival de las Oportunidades para los j\u00f3venes de Medell\u00edn\" src=\"https:\/\/www.medellin.gov.co\/es\/wp-content\/uploads\/2024\/10\/2do-festival-de-las-oportunidades-juvenil-3.jpg\" alt=\"La Administraci\u00f3n Distrital realizar\u00e1 el segundo Festival de las Oportunidades para los j\u00f3venes de Medell\u00edn\" width=\"1200\" height=\"799\" srcset=\"https:\/\/www.medellin.gov.co\/es\/wp-content\/uploads\/2024\/10\/2do-festival-de-las-oportunidades-juvenil-3.jpg 1200w, https:\/\/www.medellin.gov.co\/es\/wp-content\/uploads\/2024\/10\/2do-festival-de-las-oportunidades-juvenil-3-300x200.jpg 300w, https:\/\/www.medellin.gov.co\/es\/wp-content\/uploads\/2024\/10\/2do-festival-de-las-oportunidades-juvenil-3-1024x682.jpg 1024w, https:\/\/www.medellin.gov.co\/es\/wp-content\/uploads\/2024\/10\/2do-festival-de-las-oportunidades-juvenil-3-150x100.jpg 150w, https:\/\/www.medellin.gov.co\/es\/wp-content\/uploads\/2024\/10\/2do-festival-de-las-oportunidades-juvenil-3-768x511.jpg 768w\" sizes=\"(max-width: 1200px) 100vw, 1200px\" \/><\/a><p id=\"caption-attachment-355156\" class=\"wp-caption-text\">La Administraci\u00f3n Distrital realizar\u00e1 el segundo Festival de las Oportunidades para los j\u00f3venes de Medell\u00edn &#8211; Foto alcaldia de Medell\u00edn<\/p><\/div>\n<p class=\"p1\">El evento, que tendr\u00e1 programaci\u00f3n desde las 10:00 a. m., se realizar\u00e1 en la\u00a0Ciudadela para la Cuarta Revoluci\u00f3n Industrial, lugar al que se puede acceder a\u00a0trav\u00e9s de la estaci\u00f3n San Javier.<\/p>\n<p class=\"p1\">El acceso es con entrada libre e inscripci\u00f3n previa en la plataforma\u00a0<a href=\"https:\/\/www.medellinjoven.com\" target=\"_blank\" rel=\"noopener\">www.medellinjoven.com<\/a><span class=\"s1\">.<\/span><\/p>\n","protected":false},"excerpt":{"rendered":"<p>El jueves, 24 de octubre, se har\u00e1 la segunda edici\u00f3n del Festival de las\u00a0Oportunidades \u201cEchaos pa\u2019 lante\u201d, un espacio organizado por la Alcald\u00eda de\u00a0Medell\u00edn en alianza con Magneto, en el que los j\u00f3venes de toda &#8230;<\/p>\n","protected":false},"author":84,"featured_media":355152,"comment_status":"open","ping_status":"open","sticky":false,"template":"","format":"standard","meta":[],"categories":[12],"tags":[437,455],"formato_nota":[],"programas_tax":[],"acf":[],"_links":{"self":[{"href":"https:\/\/www.medellin.gov.co\/es\/wp-json\/wp\/v2\/posts\/355151"}],"collection":[{"href":"https:\/\/www.medellin.gov.co\/es\/wp-json\/wp\/v2\/posts"}],"about":[{"href":"https:\/\/www.medellin.gov.co\/es\/wp-json\/wp\/v2\/types\/post"}],"author":[{"embeddable":true,"href":"https:\/\/www.medellin.gov.co\/es\/wp-json\/wp\/v2\/users\/84"}],"replies":[{"embeddable":true,"href":"https:\/\/www.medellin.gov.co\/es\/wp-json\/wp\/v2\/comments?post=355151"}],"version-history":[{"count":1,"href":"https:\/\/www.medellin.gov.co\/es\/wp-json\/wp\/v2\/posts\/355151\/revisions"}],"predecessor-version":[{"id":355157,"href":"https:\/\/www.medellin.gov.co\/es\/wp-json\/wp\/v2\/posts\/355151\/revisions\/355157"}],"wp:featuredmedia":[{"embeddable":true,"href":"https:\/\/www.medellin.gov.co\/es\/wp-json\/wp\/v2\/media\/355152"}],"wp:attachment":[{"href":"https:\/\/www.medellin.gov.co\/es\/wp-json\/wp\/v2\/media?parent=355151"}],"wp:term":[{"taxonomy":"category","embeddable":true,"href":"https:\/\/www.medellin.gov.co\/es\/wp-json\/wp\/v2\/categories?post=355151"},{"taxonomy":"post_tag","embeddable":true,"href":"https:\/\/www.medellin.gov.co\/es\/wp-json\/wp\/v2\/tags?post=355151"},{"taxonomy":"formato_nota","embeddable":true,"href":"https:\/\/www.medellin.gov.co\/es\/wp-json\/wp\/v2\/formato_nota?post=355151"},{"taxonomy":"programas_tax","embeddable":true,"href":"https:\/\/www.medellin.gov.co\/es\/wp-json\/wp\/v2\/programas_tax?post=355151"}],"curies":[{"name":"wp","href":"https:\/\/api.w.org\/{rel}","templated":true}]}}