{"id":356195,"date":"2024-10-23T13:54:40","date_gmt":"2024-10-23T18:54:40","guid":{"rendered":"https:\/\/www.medellin.gov.co\/es\/?p=356195"},"modified":"2024-10-23T13:54:40","modified_gmt":"2024-10-23T18:54:40","slug":"avanza-el-plan-para-reverdecer-a-medellin-se-han-intervenido-cerca-de-1-200-000-metros-cuadrados-de-corredores-verdes-en-quebradas-y-cerros","status":"publish","type":"post","link":"https:\/\/www.medellin.gov.co\/es\/sala-de-prensa\/noticias\/avanza-el-plan-para-reverdecer-a-medellin-se-han-intervenido-cerca-de-1-200-000-metros-cuadrados-de-corredores-verdes-en-quebradas-y-cerros\/","title":{"rendered":"Avanza el plan para reverdecer a Medell\u00edn: se han intervenido cerca de 1.200.000 metros cuadrados de corredores verdes en quebradas y cerros"},"content":{"rendered":"<ul>\n<li class=\"p1\"><b>Adem\u00e1s, este a\u00f1o se han conformado 892 metros cuadrados de muros <\/b><b>verdes y se adelantan acciones permanentes de conservaci\u00f3n de 700\u00a0<\/b><b>\u00e1rboles patrimoniales.<\/b><\/li>\n<\/ul>\n<!--[if lt IE 9]><script>document.createElement('audio');<\/script><![endif]-->\n\t<div class=\"wp-playlist wp-audio-playlist wp-playlist-light\">\n\t\t\t<div class=\"wp-playlist-current-item\"><\/div>\n\t\t<audio controls=\"controls\" preload=\"none\" width=\"640\"\n\t\t\t><\/audio>\n\t<div class=\"wp-playlist-next\"><\/div>\n\t<div class=\"wp-playlist-prev\"><\/div>\n\t<noscript>\n\t<ol>\n\t\t<li><a href='https:\/\/www.medellin.gov.co\/es\/wp-content\/uploads\/2024\/10\/Plan-reverdecer-a-medellin-01.mp3'>Palabras de Ana Ligia Mora, secretaria de Medio Ambiente<\/a><\/li>\t<\/ol>\n\t<\/noscript>\n\t<script type=\"application\/json\" class=\"wp-playlist-script\">{\"type\":\"audio\",\"tracklist\":true,\"tracknumbers\":true,\"images\":true,\"artists\":true,\"tracks\":[{\"src\":\"https:\\\/\\\/www.medellin.gov.co\\\/es\\\/wp-content\\\/uploads\\\/2024\\\/10\\\/Plan-reverdecer-a-medellin-01.mp3\",\"type\":\"audio\\\/mpeg\",\"title\":\"Palabras de Ana Ligia Mora, secretaria de Medio Ambiente\",\"caption\":\"\",\"description\":\"\\u00abPalabras de Ana Ligia Mora, secretaria de Medio Ambiente\\u00bb.\",\"meta\":{\"length_formatted\":\"1:05\"},\"image\":{\"src\":\"https:\\\/\\\/www.medellin.gov.co\\\/es\\\/wp-includes\\\/images\\\/media\\\/audio.png\",\"width\":48,\"height\":64},\"thumb\":{\"src\":\"https:\\\/\\\/www.medellin.gov.co\\\/es\\\/wp-includes\\\/images\\\/media\\\/audio.png\",\"width\":48,\"height\":64}}]}<\/script>\n<\/div>\n\t\n<p class=\"p1\">Para enfrentar desaf\u00edos ambientales, el Distrito fortalece su compromiso con el\u00a0Plan de Renaturalizaci\u00f3n. A este se sum\u00f3 en 2017 y, por tanto, a los prop\u00f3sitos\u00a0de la Uni\u00f3n Europea para que las ciudades aprovechen la naturaleza y mejoren\u00a0la calidad de vida de sus habitantes.<\/p>\n\n\t\t<style type=\"text\/css\">\n\t\t\t#gallery-1 {\n\t\t\t\tmargin: auto;\n\t\t\t}\n\t\t\t#gallery-1 .gallery-item {\n\t\t\t\tfloat: left;\n\t\t\t\tmargin-top: 10px;\n\t\t\t\ttext-align: center;\n\t\t\t\twidth: 50%;\n\t\t\t}\n\t\t\t#gallery-1 img {\n\t\t\t\tborder: 2px solid #cfcfcf;\n\t\t\t}\n\t\t\t#gallery-1 .gallery-caption {\n\t\t\t\tmargin-left: 0;\n\t\t\t}\n\t\t\t\/* see gallery_shortcode() in wp-includes\/media.php *\/\n\t\t<\/style>\n\t\t<div id='gallery-1' class='gallery galleryid-356195 gallery-columns-2 gallery-size-large'><dl class='gallery-item'>\n\t\t\t<dt class='gallery-icon landscape'>\n\t\t\t\t<a href='https:\/\/www.medellin.gov.co\/es\/sala-de-prensa\/noticias\/avanza-el-plan-para-reverdecer-a-medellin-se-han-intervenido-cerca-de-1-200-000-metros-cuadrados-de-corredores-verdes-en-quebradas-y-cerros\/plan-reverdecer-a-medellin-4\/'><img width=\"1024\" height=\"894\" src=\"https:\/\/www.medellin.gov.co\/es\/wp-content\/uploads\/2024\/10\/Plan-reverdecer-a-medellin-4-1024x894.jpg\" class=\"attachment-large size-large\" alt=\"Avanza el plan para reverdecer a Medell\u00edn: se han intervenido cerca de 1.200.000 metros cuadrados de corredores verdes en quebradas y cerros\" loading=\"lazy\" aria-describedby=\"gallery-1-356203\" srcset=\"https:\/\/www.medellin.gov.co\/es\/wp-content\/uploads\/2024\/10\/Plan-reverdecer-a-medellin-4-1024x894.jpg 1024w, https:\/\/www.medellin.gov.co\/es\/wp-content\/uploads\/2024\/10\/Plan-reverdecer-a-medellin-4-300x262.jpg 300w, https:\/\/www.medellin.gov.co\/es\/wp-content\/uploads\/2024\/10\/Plan-reverdecer-a-medellin-4-150x131.jpg 150w, https:\/\/www.medellin.gov.co\/es\/wp-content\/uploads\/2024\/10\/Plan-reverdecer-a-medellin-4-768x670.jpg 768w, https:\/\/www.medellin.gov.co\/es\/wp-content\/uploads\/2024\/10\/Plan-reverdecer-a-medellin-4.jpg 1031w\" sizes=\"(max-width: 1024px) 100vw, 1024px\" \/><\/a>\n\t\t\t<\/dt>\n\t\t\t\t<dd class='wp-caption-text gallery-caption' id='gallery-1-356203'>\n\t\t\t\tAvanza el plan para reverdecer a Medell\u00edn: se han intervenido cerca de 1.200.000 metros cuadrados de corredores verdes en quebradas y cerros\n\t\t\t\t<\/dd><\/dl><dl class='gallery-item'>\n\t\t\t<dt class='gallery-icon landscape'>\n\t\t\t\t<a href='https:\/\/www.medellin.gov.co\/es\/sala-de-prensa\/noticias\/avanza-el-plan-para-reverdecer-a-medellin-se-han-intervenido-cerca-de-1-200-000-metros-cuadrados-de-corredores-verdes-en-quebradas-y-cerros\/plan-reverdecer-a-medellin-2\/'><img width=\"1024\" height=\"850\" src=\"https:\/\/www.medellin.gov.co\/es\/wp-content\/uploads\/2024\/10\/Plan-reverdecer-a-medellin-2-1024x850.jpg\" class=\"attachment-large size-large\" alt=\"Avanza el plan para reverdecer a Medell\u00edn: se han intervenido cerca de 1.200.000 metros cuadrados de corredores verdes en quebradas y cerros\" loading=\"lazy\" aria-describedby=\"gallery-1-356201\" srcset=\"https:\/\/www.medellin.gov.co\/es\/wp-content\/uploads\/2024\/10\/Plan-reverdecer-a-medellin-2-1024x850.jpg 1024w, https:\/\/www.medellin.gov.co\/es\/wp-content\/uploads\/2024\/10\/Plan-reverdecer-a-medellin-2-300x249.jpg 300w, https:\/\/www.medellin.gov.co\/es\/wp-content\/uploads\/2024\/10\/Plan-reverdecer-a-medellin-2-150x125.jpg 150w, https:\/\/www.medellin.gov.co\/es\/wp-content\/uploads\/2024\/10\/Plan-reverdecer-a-medellin-2-768x638.jpg 768w, https:\/\/www.medellin.gov.co\/es\/wp-content\/uploads\/2024\/10\/Plan-reverdecer-a-medellin-2.jpg 1084w\" sizes=\"(max-width: 1024px) 100vw, 1024px\" \/><\/a>\n\t\t\t<\/dt>\n\t\t\t\t<dd class='wp-caption-text gallery-caption' id='gallery-1-356201'>\n\t\t\t\tAvanza el plan para reverdecer a Medell\u00edn: se han intervenido cerca de 1.200.000 metros cuadrados de corredores verdes en quebradas y cerros\n\t\t\t\t<\/dd><\/dl><br style=\"clear: both\" \/>\n\t\t<\/div>\n\n<p class=\"p1\">Para ello, en este cuatrienio, seg\u00fan el Plan de Desarrollo Medell\u00edn Te Quiere, la\u00a0Administraci\u00f3n Distrital se plantea incorporar los lineamientos de la iniciativa de\u00a0reverdecimiento en por lo menos el 30 % de las obras p\u00fablicas que financie, por\u00a0ejemplo, en colegios, establecimientos deportivos y culturales. Adem\u00e1s, se\u00a0pretende intervenir 2.000.000 de metros cuadrados de corredores verdes en\u00a0quebradas y cerros por a\u00f1o y crear 800.000 metros cuadrados.<\/p>\n<p class=\"p1\">En lo que va de 2024, el Distrito ha avanzado en este prop\u00f3sito con la\u00a0intervenci\u00f3n de 1.199.276 metros cuadrados de corredores verdes en quebradas\u00a0y cerros, y la creaci\u00f3n de 135.980 metros cuadrados nuevos de estos; adem\u00e1s\u00a0de la conformaci\u00f3n de 892 metros cuadrados de muros verdes y las acciones de\u00a0conservaci\u00f3n de 700 \u00e1rboles patrimoniales.<\/p>\n<div id=\"attachment_356201\" style=\"width: 1094px\" class=\"wp-caption aligncenter\"><a href=\"https:\/\/www.medellin.gov.co\/es\/wp-content\/uploads\/2024\/10\/Plan-reverdecer-a-medellin-2.jpg\" target=\"_blank\" rel=\"noopener\"><img aria-describedby=\"caption-attachment-356201\" loading=\"lazy\" class=\"wp-image-356201 size-full\" title=\"Avanza el plan para reverdecer a Medell\u00edn: se han intervenido cerca de 1.200.000 metros cuadrados de corredores verdes en quebradas y cerros\" src=\"https:\/\/www.medellin.gov.co\/es\/wp-content\/uploads\/2024\/10\/Plan-reverdecer-a-medellin-2.jpg\" alt=\"Avanza el plan para reverdecer a Medell\u00edn: se han intervenido cerca de 1.200.000 metros cuadrados de corredores verdes en quebradas y cerros\" width=\"1084\" height=\"900\" srcset=\"https:\/\/www.medellin.gov.co\/es\/wp-content\/uploads\/2024\/10\/Plan-reverdecer-a-medellin-2.jpg 1084w, https:\/\/www.medellin.gov.co\/es\/wp-content\/uploads\/2024\/10\/Plan-reverdecer-a-medellin-2-300x249.jpg 300w, https:\/\/www.medellin.gov.co\/es\/wp-content\/uploads\/2024\/10\/Plan-reverdecer-a-medellin-2-1024x850.jpg 1024w, https:\/\/www.medellin.gov.co\/es\/wp-content\/uploads\/2024\/10\/Plan-reverdecer-a-medellin-2-150x125.jpg 150w, https:\/\/www.medellin.gov.co\/es\/wp-content\/uploads\/2024\/10\/Plan-reverdecer-a-medellin-2-768x638.jpg 768w\" sizes=\"(max-width: 1084px) 100vw, 1084px\" \/><\/a><p id=\"caption-attachment-356201\" class=\"wp-caption-text\">Avanza el plan para reverdecer a Medell\u00edn: se han intervenido cerca de 1.200.000 metros cuadrados de corredores verdes en quebradas y cerros &#8211; Foto alcaldia de Medell\u00edn<\/p><\/div>\n<p class=\"p1\">Asimismo, a trav\u00e9s de la estrategia de recuperaci\u00f3n de puntos cr\u00edticos de\u00a0residuos s\u00f3lidos, la Alcald\u00eda de Medell\u00edn sembr\u00f3 plantas en un \u00e1rea total de\u00a06.100 metros cuadrados. En total, se ha logrado renaturalizar un \u00e1rea de 48.505\u00a0metros cuadrados.<\/p>\n<p class=\"p1\"><i>\u00abCon este plan queremos que Medell\u00edn no solo mantenga sus \u00e1reas verdes, sino\u00a0<\/i><i>que las restaure y utilice de manera sostenible. Nuestro sue\u00f1o es convertir a\u00a0<\/i><i>Medell\u00edn en un ejemplo para otras ciudades en la forma en que gestionamos y\u00a0<\/i><i>cuidamos nuestro entorno\u00bb<\/i>, destac\u00f3 la secretaria de Medio Ambiente, Ana Ligia\u00a0Mora.<\/p>\n<p class=\"p1\">El Plan de Renaturalizaci\u00f3n enfrenta problem\u00e1ticas como el aumento de la\u00a0temperatura, la contaminaci\u00f3n del aire, el ruido, las inundaciones y la p\u00e9rdida de\u00a0h\u00e1bitats para la fauna.<\/p>\n<div id=\"attachment_356197\" style=\"width: 972px\" class=\"wp-caption aligncenter\"><a href=\"https:\/\/www.medellin.gov.co\/es\/wp-content\/uploads\/2024\/10\/Plan-reverdecer-a-medellin-1.jpg\" target=\"_blank\" rel=\"noopener\"><img aria-describedby=\"caption-attachment-356197\" loading=\"lazy\" class=\"wp-image-356197 size-full\" title=\"Avanza el plan para reverdecer a Medell\u00edn: se han intervenido cerca de 1.200.000 metros cuadrados de corredores verdes en quebradas y cerros\" src=\"https:\/\/www.medellin.gov.co\/es\/wp-content\/uploads\/2024\/10\/Plan-reverdecer-a-medellin-1.jpg\" alt=\"Avanza el plan para reverdecer a Medell\u00edn: se han intervenido cerca de 1.200.000 metros cuadrados de corredores verdes en quebradas y cerros\" width=\"962\" height=\"900\" srcset=\"https:\/\/www.medellin.gov.co\/es\/wp-content\/uploads\/2024\/10\/Plan-reverdecer-a-medellin-1.jpg 962w, https:\/\/www.medellin.gov.co\/es\/wp-content\/uploads\/2024\/10\/Plan-reverdecer-a-medellin-1-300x281.jpg 300w, https:\/\/www.medellin.gov.co\/es\/wp-content\/uploads\/2024\/10\/Plan-reverdecer-a-medellin-1-150x140.jpg 150w, https:\/\/www.medellin.gov.co\/es\/wp-content\/uploads\/2024\/10\/Plan-reverdecer-a-medellin-1-768x719.jpg 768w\" sizes=\"(max-width: 962px) 100vw, 962px\" \/><\/a><p id=\"caption-attachment-356197\" class=\"wp-caption-text\">Avanza el plan para reverdecer a Medell\u00edn: se han intervenido cerca de 1.200.000 metros cuadrados de corredores verdes en quebradas y cerros &#8211; Foto alcaldia de Medell\u00edn<\/p><\/div>\n<p class=\"p1\">Mundialmente, esto se logra mediante soluciones que imitan a la naturaleza,\u00a0como muros y terrazas verdes, ecoparques en las m\u00e1rgenes de las quebradas,\u00a0jardines urbanos, huertas que atraigan polinizadores, corredores verdes en\u00a0separadores viales y cambio de pisos duros por zonas verdes, entre otras.<\/p>\n<p class=\"p1\">El plan tambi\u00e9n busca unir esfuerzos de diferentes entidades y sectores de la\u00a0ciudad, incluyendo a la comunidad, empresas, universidades y organismos\u00a0gubernamentales, para que todos trabajen juntos en el desarrollo de \u00e1reas\u00a0verdes.<\/p>\n","protected":false},"excerpt":{"rendered":"<p>Adem\u00e1s, este a\u00f1o se han conformado 892 metros cuadrados de muros verdes y se adelantan acciones permanentes de conservaci\u00f3n de 700\u00a0\u00e1rboles patrimoniales. Para enfrentar desaf\u00edos ambientales, el Distrito fortalece su compromiso con el\u00a0Plan de Renaturalizaci\u00f3n. &#8230;<\/p>\n","protected":false},"author":84,"featured_media":356202,"comment_status":"open","ping_status":"open","sticky":false,"template":"","format":"standard","meta":[],"categories":[13],"tags":[445,436,455],"formato_nota":[],"programas_tax":[],"acf":[],"_links":{"self":[{"href":"https:\/\/www.medellin.gov.co\/es\/wp-json\/wp\/v2\/posts\/356195"}],"collection":[{"href":"https:\/\/www.medellin.gov.co\/es\/wp-json\/wp\/v2\/posts"}],"about":[{"href":"https:\/\/www.medellin.gov.co\/es\/wp-json\/wp\/v2\/types\/post"}],"author":[{"embeddable":true,"href":"https:\/\/www.medellin.gov.co\/es\/wp-json\/wp\/v2\/users\/84"}],"replies":[{"embeddable":true,"href":"https:\/\/www.medellin.gov.co\/es\/wp-json\/wp\/v2\/comments?post=356195"}],"version-history":[{"count":2,"href":"https:\/\/www.medellin.gov.co\/es\/wp-json\/wp\/v2\/posts\/356195\/revisions"}],"predecessor-version":[{"id":356206,"href":"https:\/\/www.medellin.gov.co\/es\/wp-json\/wp\/v2\/posts\/356195\/revisions\/356206"}],"wp:featuredmedia":[{"embeddable":true,"href":"https:\/\/www.medellin.gov.co\/es\/wp-json\/wp\/v2\/media\/356202"}],"wp:attachment":[{"href":"https:\/\/www.medellin.gov.co\/es\/wp-json\/wp\/v2\/media?parent=356195"}],"wp:term":[{"taxonomy":"category","embeddable":true,"href":"https:\/\/www.medellin.gov.co\/es\/wp-json\/wp\/v2\/categories?post=356195"},{"taxonomy":"post_tag","embeddable":true,"href":"https:\/\/www.medellin.gov.co\/es\/wp-json\/wp\/v2\/tags?post=356195"},{"taxonomy":"formato_nota","embeddable":true,"href":"https:\/\/www.medellin.gov.co\/es\/wp-json\/wp\/v2\/formato_nota?post=356195"},{"taxonomy":"programas_tax","embeddable":true,"href":"https:\/\/www.medellin.gov.co\/es\/wp-json\/wp\/v2\/programas_tax?post=356195"}],"curies":[{"name":"wp","href":"https:\/\/api.w.org\/{rel}","templated":true}]}}