{"id":356313,"date":"2024-10-23T19:31:12","date_gmt":"2024-10-24T00:31:12","guid":{"rendered":"https:\/\/www.medellin.gov.co\/es\/?p=356313"},"modified":"2024-10-23T19:31:12","modified_gmt":"2024-10-24T00:31:12","slug":"seis-instituciones-educativas-de-medellin-son-premiadas-por-su-participacion-en-la-campana-con-mi-cuerpo-nadie-se-mete","status":"publish","type":"post","link":"https:\/\/www.medellin.gov.co\/es\/sala-de-prensa\/noticias\/seis-instituciones-educativas-de-medellin-son-premiadas-por-su-participacion-en-la-campana-con-mi-cuerpo-nadie-se-mete\/","title":{"rendered":"Seis instituciones educativas de Medell\u00edn son premiadas por su participaci\u00f3n en la campa\u00f1a Con mi Cuerpo Nadie se Mete"},"content":{"rendered":"<ul>\n<li class=\"p1\"><b>En total, 79 establecimientos educativos participaron activamente en la <\/b><b>creaci\u00f3n de contenidos digitales con mensajes alusivos a la prevenci\u00f3n.<\/b><\/li>\n<li class=\"p1\"><b>Los ganadores recibieron premios como entradas al cine, pases para el <\/b><b>Parque Norte y Parque Arv\u00ed, conciertos de una emisora local y kits\u00a0<\/b><b>deportivos.<\/b><\/li>\n<\/ul>\n<!--[if lt IE 9]><script>document.createElement('audio');<\/script><![endif]-->\n\t<div class=\"wp-playlist wp-audio-playlist wp-playlist-light\">\n\t\t\t<div class=\"wp-playlist-current-item\"><\/div>\n\t\t<audio controls=\"controls\" preload=\"none\" width=\"640\"\n\t\t\t><\/audio>\n\t<div class=\"wp-playlist-next\"><\/div>\n\t<div class=\"wp-playlist-prev\"><\/div>\n\t<noscript>\n\t<ol>\n\t\t<li><a href='https:\/\/www.medellin.gov.co\/es\/wp-content\/uploads\/2024\/10\/Instituciones-educativas-premiadas-01.mp3'>Palabras de Margarita Mar\u00eda G\u00f3mez, primera dama del Distrito<\/a><\/li><li><a href='https:\/\/www.medellin.gov.co\/es\/wp-content\/uploads\/2024\/10\/Instituciones-educativas-premiadas-02.mp3'>Palabras de Juan Andr\u00e9s Vanegas, estudiante de la I.E Gabriel Restrepo Moreno<\/a><\/li>\t<\/ol>\n\t<\/noscript>\n\t<script type=\"application\/json\" class=\"wp-playlist-script\">{\"type\":\"audio\",\"tracklist\":true,\"tracknumbers\":true,\"images\":true,\"artists\":true,\"tracks\":[{\"src\":\"https:\\\/\\\/www.medellin.gov.co\\\/es\\\/wp-content\\\/uploads\\\/2024\\\/10\\\/Instituciones-educativas-premiadas-01.mp3\",\"type\":\"audio\\\/mpeg\",\"title\":\"Palabras de Margarita Mar\\u00eda G\\u00f3mez, primera dama del Distrito\",\"caption\":\"\",\"description\":\"\\u00abPalabras de Margarita Mar\\u00eda G\\u00f3mez, primera dama del Distrito\\u00bb.\",\"meta\":{\"length_formatted\":\"1:04\"},\"image\":{\"src\":\"https:\\\/\\\/www.medellin.gov.co\\\/es\\\/wp-includes\\\/images\\\/media\\\/audio.png\",\"width\":48,\"height\":64},\"thumb\":{\"src\":\"https:\\\/\\\/www.medellin.gov.co\\\/es\\\/wp-includes\\\/images\\\/media\\\/audio.png\",\"width\":48,\"height\":64}},{\"src\":\"https:\\\/\\\/www.medellin.gov.co\\\/es\\\/wp-content\\\/uploads\\\/2024\\\/10\\\/Instituciones-educativas-premiadas-02.mp3\",\"type\":\"audio\\\/mpeg\",\"title\":\"Palabras de Juan Andr\\u00e9s Vanegas, estudiante de la I.E Gabriel Restrepo Moreno\",\"caption\":\"\",\"description\":\"\\u00abPalabras de Juan Andr\\u00e9s Vanegas, estudiante de la I.E Gabriel Restrepo Moreno\\u00bb.\",\"meta\":{\"length_formatted\":\"1:15\"},\"image\":{\"src\":\"https:\\\/\\\/www.medellin.gov.co\\\/es\\\/wp-includes\\\/images\\\/media\\\/audio.png\",\"width\":48,\"height\":64},\"thumb\":{\"src\":\"https:\\\/\\\/www.medellin.gov.co\\\/es\\\/wp-includes\\\/images\\\/media\\\/audio.png\",\"width\":48,\"height\":64}}]}<\/script>\n<\/div>\n\t\n<p class=\"p1\">La Alcald\u00eda de Medell\u00edn, y el programa Tejiendo Hogares, liderado por el Despacho\u00a0de la Primera Dama la campa\u00f1a, premi\u00f3 a seis establecimientos educativos por su\u00a0participaci\u00f3n activa en la creaci\u00f3n de contenidos digitales con mensajes alusivos a\u00a0la prevenci\u00f3n de violencias sexuales y la protecci\u00f3n de los derechos de ni\u00f1as, ni\u00f1os\u00a0y adolescentes, como parte del concurso Con mi Cuerpo Nadie se Mete.<\/p>\n<p class=\"p1\">Los galardonados, que participaron en tres categor\u00edas, recibieron premios como\u00a0entradas a cine, al Parque Norte, Parque Arv\u00ed, el concierto de una emisora local y\u00a0kits deportivos, entre otros.<\/p>\n<div id=\"attachment_356335\" style=\"width: 1210px\" class=\"wp-caption aligncenter\"><a href=\"https:\/\/www.medellin.gov.co\/es\/wp-content\/uploads\/2024\/10\/Instituciones-educativas-premiadas-3.jpg\" target=\"_blank\" rel=\"noopener\"><img aria-describedby=\"caption-attachment-356335\" loading=\"lazy\" class=\"wp-image-356335 size-full\" title=\"Seis instituciones educativas de Medell\u00edn son premiadas por su participaci\u00f3n en la campa\u00f1a Con mi Cuerpo Nadie se Mete\" src=\"https:\/\/www.medellin.gov.co\/es\/wp-content\/uploads\/2024\/10\/Instituciones-educativas-premiadas-3.jpg\" alt=\"Seis instituciones educativas de Medell\u00edn son premiadas por su participaci\u00f3n en la campa\u00f1a Con mi Cuerpo Nadie se Mete\" width=\"1200\" height=\"799\" srcset=\"https:\/\/www.medellin.gov.co\/es\/wp-content\/uploads\/2024\/10\/Instituciones-educativas-premiadas-3.jpg 1200w, https:\/\/www.medellin.gov.co\/es\/wp-content\/uploads\/2024\/10\/Instituciones-educativas-premiadas-3-300x200.jpg 300w, https:\/\/www.medellin.gov.co\/es\/wp-content\/uploads\/2024\/10\/Instituciones-educativas-premiadas-3-1024x682.jpg 1024w, https:\/\/www.medellin.gov.co\/es\/wp-content\/uploads\/2024\/10\/Instituciones-educativas-premiadas-3-150x100.jpg 150w, https:\/\/www.medellin.gov.co\/es\/wp-content\/uploads\/2024\/10\/Instituciones-educativas-premiadas-3-768x511.jpg 768w\" sizes=\"(max-width: 1200px) 100vw, 1200px\" \/><\/a><p id=\"caption-attachment-356335\" class=\"wp-caption-text\">Seis instituciones educativas de Medell\u00edn son premiadas por su participaci\u00f3n en la campa\u00f1a Con mi Cuerpo Nadie se Mete &#8211; Foto alcaldia de Medell\u00edn<\/p><\/div>\n<p class=\"p1\">En total, fueron 79 instituciones educativas p\u00fablicas y privadas que desarrollaron\u00a0contenidos digitales bajo el hashtag #ConMiCuerpoNadieSeMete, impactando en\u00a0las aulas y las redes sociales. Durante los tres d\u00edas del concurso se publicaron\u00a0423.000 reproducciones, 1.796 comentarios y 18.500 likes.<\/p>\n<p class=\"p1\">El concurso Con mi Cuerpo Nadie se Mete pretende generar un cambio cultural\u00a0hacia la protecci\u00f3n de la infancia y adolescencia en Medell\u00edn. \u00ab<i>Nos sentimos\u00a0<\/i><i>conmovidos y felices con los resultados. Las propuestas demostraron un alto nivel\u00a0<\/i><i>de creatividad e inter\u00e9s por parte de los j\u00f3venes en transmitir el mensaje de\u00a0<\/i><i>autocuidado y protecci\u00f3n\u00bb<\/i>, expres\u00f3 la primera dama del Distrito, Margarita Mar\u00eda\u00a0G\u00f3mez.<\/p>\n<p class=\"p1\">El jurado interdisciplinar, compuesto por representantes de las secretar\u00edas de\u00a0Juventud, Educaci\u00f3n, Comunicaciones y del programa Tejiendo Hogares, evalu\u00f3 los\u00a0proyectos tomando en cuenta la innovaci\u00f3n, la creatividad, la apropiaci\u00f3n de los\u00a0conceptos clave y el alcance en redes sociales.<\/p>\n<p class=\"p1\">Los seis colegios ganadores fueron las instituciones educativas Lola Gonz\u00e1lez,\u00a0Pedro Nel Ospina, Mariscal Robledo, Normal Superior de Medell\u00edn, Gabriel\u00a0Restrepo Moreno y Alfonso L\u00f3pez.<\/p>\n<div id=\"attachment_356329\" style=\"width: 1210px\" class=\"wp-caption aligncenter\"><a href=\"https:\/\/www.medellin.gov.co\/es\/wp-content\/uploads\/2024\/10\/Instituciones-educativas-premiadas-1.jpg\" target=\"_blank\" rel=\"noopener\"><img aria-describedby=\"caption-attachment-356329\" loading=\"lazy\" class=\"wp-image-356329 size-full\" title=\"Seis instituciones educativas de Medell\u00edn son premiadas por su participaci\u00f3n en la campa\u00f1a Con mi Cuerpo Nadie se Mete\" src=\"https:\/\/www.medellin.gov.co\/es\/wp-content\/uploads\/2024\/10\/Instituciones-educativas-premiadas-1.jpg\" alt=\"Seis instituciones educativas de Medell\u00edn son premiadas por su participaci\u00f3n en la campa\u00f1a Con mi Cuerpo Nadie se Mete\" width=\"1200\" height=\"799\" srcset=\"https:\/\/www.medellin.gov.co\/es\/wp-content\/uploads\/2024\/10\/Instituciones-educativas-premiadas-1.jpg 1200w, https:\/\/www.medellin.gov.co\/es\/wp-content\/uploads\/2024\/10\/Instituciones-educativas-premiadas-1-300x200.jpg 300w, https:\/\/www.medellin.gov.co\/es\/wp-content\/uploads\/2024\/10\/Instituciones-educativas-premiadas-1-1024x682.jpg 1024w, https:\/\/www.medellin.gov.co\/es\/wp-content\/uploads\/2024\/10\/Instituciones-educativas-premiadas-1-150x100.jpg 150w, https:\/\/www.medellin.gov.co\/es\/wp-content\/uploads\/2024\/10\/Instituciones-educativas-premiadas-1-768x511.jpg 768w\" sizes=\"(max-width: 1200px) 100vw, 1200px\" \/><\/a><p id=\"caption-attachment-356329\" class=\"wp-caption-text\">Seis instituciones educativas de Medell\u00edn son premiadas por su participaci\u00f3n en la campa\u00f1a Con mi Cuerpo Nadie se Mete &#8211; Foto alcald\u00eda de Medell\u00edn<\/p><\/div>\n<p class=\"p1\">Las propuestas de las instituciones participantes abordaron temas esenciales como\u00a0los diferentes tipos de violencia sexual, la importancia de proteger el cuerpo y las\u00a0rutas de atenci\u00f3n disponibles para quienes necesiten ayuda. Estas tem\u00e1ticas se\u00a0desarrollaron a trav\u00e9s de propuestas que incluyeron danzas, representaciones\u00a0teatrales, din\u00e1micas interactivas y videos pedag\u00f3gicos que alcanzaron una notable\u00a0difusi\u00f3n.<\/p>\n<p class=\"p1\">Tejiendo Hogares ha sido clave en la construcci\u00f3n de entornos seguros, brindando\u00a0apoyo a m\u00e1s de 15.000 estudiantes a trav\u00e9s de experiencias pedag\u00f3gicas y\u00a0activaci\u00f3n de rutas de atenci\u00f3n para casos de abuso sexual. La campa\u00f1a ha sido\u00a0un paso importante hacia la sensibilizaci\u00f3n y la construcci\u00f3n de una ciudad m\u00e1s\u00a0segura para todos.<\/p>\n<p class=\"p1\"><i>\u201cEs muy importante resaltar el liderazgo de los ni\u00f1os y j\u00f3venes en sus instituciones\u00a0<\/i><i>educativas. El primer paso para prevenir es que ellos tengas las herramientas y\u00a0<\/i><i>reconozcan las se\u00f1ales\u201d,<\/i> finaliz\u00f3 la primera dama, Margarita Mar\u00eda G\u00f3mez Mar\u00edn.<\/p>\n<p class=\"p1\">Para m\u00e1s informaci\u00f3n sobre el concurso y la premiaci\u00f3n, visite\u00a0www.medellin.gov.co<span class=\"s1\">.<\/span><\/p>\n","protected":false},"excerpt":{"rendered":"<p>En total, 79 establecimientos educativos participaron activamente en la creaci\u00f3n de contenidos digitales con mensajes alusivos a la prevenci\u00f3n. Los ganadores recibieron premios como entradas al cine, pases para el Parque Norte y Parque Arv\u00ed, &#8230;<\/p>\n","protected":false},"author":84,"featured_media":356333,"comment_status":"open","ping_status":"open","sticky":false,"template":"","format":"standard","meta":[],"categories":[285],"tags":[437,431,455],"formato_nota":[],"programas_tax":[],"acf":[],"_links":{"self":[{"href":"https:\/\/www.medellin.gov.co\/es\/wp-json\/wp\/v2\/posts\/356313"}],"collection":[{"href":"https:\/\/www.medellin.gov.co\/es\/wp-json\/wp\/v2\/posts"}],"about":[{"href":"https:\/\/www.medellin.gov.co\/es\/wp-json\/wp\/v2\/types\/post"}],"author":[{"embeddable":true,"href":"https:\/\/www.medellin.gov.co\/es\/wp-json\/wp\/v2\/users\/84"}],"replies":[{"embeddable":true,"href":"https:\/\/www.medellin.gov.co\/es\/wp-json\/wp\/v2\/comments?post=356313"}],"version-history":[{"count":1,"href":"https:\/\/www.medellin.gov.co\/es\/wp-json\/wp\/v2\/posts\/356313\/revisions"}],"predecessor-version":[{"id":356337,"href":"https:\/\/www.medellin.gov.co\/es\/wp-json\/wp\/v2\/posts\/356313\/revisions\/356337"}],"wp:featuredmedia":[{"embeddable":true,"href":"https:\/\/www.medellin.gov.co\/es\/wp-json\/wp\/v2\/media\/356333"}],"wp:attachment":[{"href":"https:\/\/www.medellin.gov.co\/es\/wp-json\/wp\/v2\/media?parent=356313"}],"wp:term":[{"taxonomy":"category","embeddable":true,"href":"https:\/\/www.medellin.gov.co\/es\/wp-json\/wp\/v2\/categories?post=356313"},{"taxonomy":"post_tag","embeddable":true,"href":"https:\/\/www.medellin.gov.co\/es\/wp-json\/wp\/v2\/tags?post=356313"},{"taxonomy":"formato_nota","embeddable":true,"href":"https:\/\/www.medellin.gov.co\/es\/wp-json\/wp\/v2\/formato_nota?post=356313"},{"taxonomy":"programas_tax","embeddable":true,"href":"https:\/\/www.medellin.gov.co\/es\/wp-json\/wp\/v2\/programas_tax?post=356313"}],"curies":[{"name":"wp","href":"https:\/\/api.w.org\/{rel}","templated":true}]}}