{"id":35745,"date":"2021-11-30T08:42:56","date_gmt":"2021-11-30T13:42:56","guid":{"rendered":"https:\/\/www.medellin.gov.co\/es\/saladeprensa\/noticias\/medellin-presenta-balance-preliminar-del-tercer-dia-de-vacunacion-contra-el-covid-19-en-los-adultos-mayores-de-80-anos-2\/"},"modified":"2022-06-28T08:16:04","modified_gmt":"2022-06-28T13:16:04","slug":"medellin-presenta-balance-preliminar-del-tercer-dia-de-vacunacion-contra-el-covid-19-en-los-adultos-mayores-de-80-anos-2","status":"publish","type":"post","link":"https:\/\/www.medellin.gov.co\/es\/sala-de-prensa\/noticias\/medellin-presenta-balance-preliminar-del-tercer-dia-de-vacunacion-contra-el-covid-19-en-los-adultos-mayores-de-80-anos-2\/","title":{"rendered":"Medell\u00edn presenta balance preliminar del tercer d\u00eda de vacunaci\u00f3n contra el Covid-19 en los adultos mayores de 80 a\u00f1os"},"content":{"rendered":"<div class=\"wrap contenido\">\n<div class=\"noticia\">\n<div class=\"imagen\">\n<div class=\"divContImageNoticia input_plantilla input_background\" style=\"background-image: url('\/irj\/go\/km\/docs\/galerias\/Imagenes\/Galer\u00eda d\u00eda a d\u00eda 2021\/500_400\/20210226-Balance-Vacunacion-1.jpg');\" data-input=\"fotografia\"><\/div>\n<p class=\"pMetaDesc\">Foto: Medell\u00edn presenta balance preliminar del tercer d\u00eda de vacunaci\u00f3n contra el Covid-19 en los adultos mayores de 80 a\u00f1os.<\/p>\n<p class=\"pMetaFotografo\">Fot\u00f3grafo: Foto Alcald\u00eda de Medell\u00edn<\/p>\n<\/div>\n<p class=\"fecha\"><span class=\"input_plantilla input_text\" data-input=\"fecha\">2021-02-26<\/span><\/p>\n<p class=\"input_plantilla input_text\" data-input=\"titulo\">Medell\u00edn presenta balance preliminar del tercer d\u00eda de vacunaci\u00f3n contra el Covid-19 en los adultos mayores de 80 a\u00f1os<\/p>\n<p class=\"input_plantilla input_text\" data-input=\"autor\">Por M\u00e1bel Hern\u00e1ndez Toro<\/p>\n<div class=\"cuerpo input_plantilla input_area\" data-input=\"contenido\">\n<p>.: El jueves 25 de febrero se inmunizaron a 419 adultos mayores en hogares geri\u00e1tricos de la ciudad.<\/p>\n<p>.: La capital antioque\u00f1a llega a un total de 653 dosis aplicadas en la poblaci\u00f3n adulta mayor de 80 a\u00f1os.<\/p>\n<p>.: De los 140 hogares geri\u00e1tricos que hay en Medell\u00edn, en m\u00e1s de 30 ya se ha aplicado la vacuna.<\/p>\n<p><a class=\"aContEnlace audio\" href=\"\/irj\/go\/km\/docs\/galerias\/Audios\/Audios d\u00eda a d\u00eda 2021\/20210226-Balance-Vacunacion-01.mp3\" download=\"\">Palabras de Andree Uribe Montoya, secretaria de Salud.1061 Kb<\/a><\/p>\n<p>Luego de dos d\u00edas del inicio de la aplicaci\u00f3n de la vacuna Sinovac en adultos mayores de 80 a\u00f1os, la Alcald\u00eda de Medell\u00edn ha llegado a m\u00e1s de 30 hogares geri\u00e1tricos de los 140 que hay en la ciudad y tiene proyectado vacunar el 100% de esta poblaci\u00f3n que reside en los centros geri\u00e1tricos este fin de semana.<\/p>\n<p>De las 1.585 vacunas que llegaron de esta farmac\u00e9utica, a\u00fan faltan por inocular entre la poblaci\u00f3n vulnerable 932 y la meta para este viernes 26 de febrero es completar los 1.000 vacunados.<\/p>\n<p>\u201c<em>Desde la Secretar\u00eda de Salud hemos desplegado todo nuestro equipo de vigilancia epidemiol\u00f3gica conformado por 400 profesionales para llevar a cabo este proceso de vacunaci\u00f3n en cada uno de estos hogares y administrar una meta que est\u00e1 dispuesta para hoy de 1.000 vacunas, ya llevamos alrededor de 700 y esperamos que durante todo el fin de semana podamos llevar a cabo el 100% de la administraci\u00f3n de estas dosis<\/em>\u201d, dijo la secretaria de Salud, Andree Uribe Montoya.<\/p>\n<p>Durante los dos primeros d\u00edas de vacunaci\u00f3n, en la ciudad se presentaron seis reacciones secundarias como mareos y dolor de cabeza que fueron controladas y monitoreadas por el personal de la Secretar\u00eda de Salud, avanzando de manera segura y confiable en el proceso de inmunizaci\u00f3n en la ciudad.<\/p>\n<p>Respecto a la log\u00edstica de las vacunas Pfizer que llegar\u00e1n a Medell\u00edn desde el Gobierno Nacional para continuar con el proceso de vacunaci\u00f3n del personal de salud de primera l\u00ednea, la secretaria de Salud expres\u00f3: \u201ccontinuamos a la espera de que lleguen las vacunas Pfizer a la ciudad, estamos preparados en la log\u00edstica en el momento en el que aterricen en nuestra ciudad y sean dispuestas en la CAVA (Centro Administrativo de Vacunaci\u00f3n). Ya hemos vacunado 4.599 profesionales y esperamos seguir avanzando con las nuevas dosis que lleguen\u201d.<\/p>\n<p>&nbsp;<\/p>\n<\/div>\n<div class=\"compartir\">Compartir en:<\/div>\n<\/div>\n<p><script>try{comprobarImagen();fixBtnRedes();hitsMedellin();}catch(e){}<\/script><\/p>\n<\/div>\n","protected":false},"excerpt":{"rendered":"<p>Foto: Medell\u00edn presenta balance preliminar del tercer d\u00eda de vacunaci\u00f3n contra el Covid-19 en los adultos mayores de 80 a\u00f1os. Fot\u00f3grafo: Foto Alcald\u00eda de Medell\u00edn 2021-02-26 Medell\u00edn presenta balance preliminar del tercer d\u00eda de vacunaci\u00f3n &#8230;<\/p>\n","protected":false},"author":1,"featured_media":61675,"comment_status":"open","ping_status":"open","sticky":false,"template":"","format":"standard","meta":[],"categories":[8,18],"tags":[],"formato_nota":[],"programas_tax":[],"acf":[],"_links":{"self":[{"href":"https:\/\/www.medellin.gov.co\/es\/wp-json\/wp\/v2\/posts\/35745"}],"collection":[{"href":"https:\/\/www.medellin.gov.co\/es\/wp-json\/wp\/v2\/posts"}],"about":[{"href":"https:\/\/www.medellin.gov.co\/es\/wp-json\/wp\/v2\/types\/post"}],"author":[{"embeddable":true,"href":"https:\/\/www.medellin.gov.co\/es\/wp-json\/wp\/v2\/users\/1"}],"replies":[{"embeddable":true,"href":"https:\/\/www.medellin.gov.co\/es\/wp-json\/wp\/v2\/comments?post=35745"}],"version-history":[{"count":1,"href":"https:\/\/www.medellin.gov.co\/es\/wp-json\/wp\/v2\/posts\/35745\/revisions"}],"predecessor-version":[{"id":66368,"href":"https:\/\/www.medellin.gov.co\/es\/wp-json\/wp\/v2\/posts\/35745\/revisions\/66368"}],"wp:featuredmedia":[{"embeddable":true,"href":"https:\/\/www.medellin.gov.co\/es\/wp-json\/wp\/v2\/media\/61675"}],"wp:attachment":[{"href":"https:\/\/www.medellin.gov.co\/es\/wp-json\/wp\/v2\/media?parent=35745"}],"wp:term":[{"taxonomy":"category","embeddable":true,"href":"https:\/\/www.medellin.gov.co\/es\/wp-json\/wp\/v2\/categories?post=35745"},{"taxonomy":"post_tag","embeddable":true,"href":"https:\/\/www.medellin.gov.co\/es\/wp-json\/wp\/v2\/tags?post=35745"},{"taxonomy":"formato_nota","embeddable":true,"href":"https:\/\/www.medellin.gov.co\/es\/wp-json\/wp\/v2\/formato_nota?post=35745"},{"taxonomy":"programas_tax","embeddable":true,"href":"https:\/\/www.medellin.gov.co\/es\/wp-json\/wp\/v2\/programas_tax?post=35745"}],"curies":[{"name":"wp","href":"https:\/\/api.w.org\/{rel}","templated":true}]}}