{"id":357878,"date":"2024-10-30T11:57:43","date_gmt":"2024-10-30T16:57:43","guid":{"rendered":"https:\/\/www.medellin.gov.co\/es\/?p=357878"},"modified":"2024-10-30T11:57:43","modified_gmt":"2024-10-30T16:57:43","slug":"el-cine-corto-y-los-cortometrajes-tienen-su-festival-en-el-barrio-san-javier-de-medellin","status":"publish","type":"post","link":"https:\/\/www.medellin.gov.co\/es\/sala-de-prensa\/noticias\/el-cine-corto-y-los-cortometrajes-tienen-su-festival-en-el-barrio-san-javier-de-medellin\/","title":{"rendered":"El cine corto y los cortometrajes tienen su festival en el barrio San Javier de Medell\u00edn"},"content":{"rendered":"<p><em>En Medell\u00edn, un evento se alza como un faro de creatividad y expresi\u00f3n art\u00edstica: el <a href=\"https:\/\/cinecortomedellin.com\/\" target=\"_blank\" rel=\"noopener\">Festival de Cine Corto y Cortometrajes<\/a>. Este a\u00f1o, los d\u00edas 7, 8 y 9 de noviembre, la magia del cine invadir\u00e1 al <a href=\"https:\/\/www.medellin.gov.co\/giscatalogacion\/giscatalogacion\/api\/records\/0bbbeac3-c95b-4d96-bea9-4a318193982c\" target=\"_blank\" rel=\"noopener\">barrio San Javier<\/a>, con proyecciones en el <a href=\"https:\/\/sapiencia.gov.co\/ciudadelas-universitarias-sapiencia\/#\" target=\"_blank\" rel=\"noopener\">Centro para la Cuarta Revoluci\u00f3n Industrial -CATA- ubicado en la zona y en la biblioteca local<\/a>. Estos espacios se convertir\u00e1n en el escenario perfecto para la celebraci\u00f3n de historias contadas en cortos. La cita no solo es un <a href=\"https:\/\/cinecortomedellin.com\/\">festival<\/a>; es una plataforma que une a la comunidad, fomenta el talento local y resalta la importancia de la cultura en nuestro entorno.<\/em><\/p>\n<div id=\"attachment_358232\" style=\"width: 1034px\" class=\"wp-caption alignnone\"><a href=\"https:\/\/www.medellin.gov.co\/es\/wp-content\/uploads\/2024\/10\/festival_cinecorto-9.jpg\" target=\"_blank\" rel=\"noopener\"><img aria-describedby=\"caption-attachment-358232\" loading=\"lazy\" class=\"wp-image-358232 size-large\" src=\"https:\/\/www.medellin.gov.co\/es\/wp-content\/uploads\/2024\/10\/festival_cinecorto-9-1024x680.jpg\" alt=\"\" width=\"1024\" height=\"680\" srcset=\"https:\/\/www.medellin.gov.co\/es\/wp-content\/uploads\/2024\/10\/festival_cinecorto-9-1024x680.jpg 1024w, https:\/\/www.medellin.gov.co\/es\/wp-content\/uploads\/2024\/10\/festival_cinecorto-9-300x199.jpg 300w, https:\/\/www.medellin.gov.co\/es\/wp-content\/uploads\/2024\/10\/festival_cinecorto-9-150x100.jpg 150w, https:\/\/www.medellin.gov.co\/es\/wp-content\/uploads\/2024\/10\/festival_cinecorto-9-768x510.jpg 768w, https:\/\/www.medellin.gov.co\/es\/wp-content\/uploads\/2024\/10\/festival_cinecorto-9.jpg 1280w\" sizes=\"(max-width: 1024px) 100vw, 1024px\" \/><\/a><p id=\"caption-attachment-358232\" class=\"wp-caption-text\">Julio C\u00e9sar Ospina Cuesta, coordinador del <a href=\"https:\/\/cinecortomedellin.com\/\" target=\"_blank\" rel=\"noopener\">Festival de Cine Corto y Cortometrajes<\/a><\/p><\/div>\n<p>Este <a href=\"https:\/\/cinecortomedellin.com\/\">festival,<\/a> que cuenta con el apoyo de un concurso realizado a trav\u00e9s del <a href=\"https:\/\/www.medellin.gov.co\/es\/secretaria-participacion-ciudadana\/planeacion-local-y-presupuesto-participativo\/\">Presupuesto Participativo<\/a>, no ser\u00eda posible sin el arduo trabajo y dedicaci\u00f3n de quienes lo han hecho realidad. Julio C\u00e9sar Ospina Cuesta, es el coordinador del evento, es contratista de la <a href=\"https:\/\/www.medellin.gov.co\" target=\"_blank\" rel=\"noopener\">Alcald\u00eda de Medell\u00edn<\/a> y ha sido una pieza clave en esta iniciativa.<\/p>\n<p>Desde hace aproximadamente un a\u00f1o, Ospina ha trabajado en la dependencia de soporte de impresi\u00f3n de la <a href=\"https:\/\/www.medellin.gov.co\/es\/secretaria-suministros-y-servicios\/\" target=\"_blank\" rel=\"noopener\">Secretar\u00eda de Suministros y Servicios de la Alcald\u00eda de Medell\u00edn<\/a> y su pasi\u00f3n por el cine y el arte ha trascendido su labor cotidiana. Su compromiso ha sido fundamental para que este <a href=\"https:\/\/cinecortomedellin.com\/\">festival<\/a> tome forma, convirtiendo una idea en un evento tangible que enriquece la cultura del <a href=\"https:\/\/www.medellin.gov.co\/giscatalogacion\/giscatalogacion\/api\/records\/0bbbeac3-c95b-4d96-bea9-4a318193982c\">barrio San Javier<\/a>.<\/p>\n\n\t\t<style type=\"text\/css\">\n\t\t\t#gallery-1 {\n\t\t\t\tmargin: auto;\n\t\t\t}\n\t\t\t#gallery-1 .gallery-item {\n\t\t\t\tfloat: left;\n\t\t\t\tmargin-top: 10px;\n\t\t\t\ttext-align: center;\n\t\t\t\twidth: 50%;\n\t\t\t}\n\t\t\t#gallery-1 img {\n\t\t\t\tborder: 2px solid #cfcfcf;\n\t\t\t}\n\t\t\t#gallery-1 .gallery-caption {\n\t\t\t\tmargin-left: 0;\n\t\t\t}\n\t\t\t\/* see gallery_shortcode() in wp-includes\/media.php *\/\n\t\t<\/style>\n\t\t<div id='gallery-1' class='gallery galleryid-357878 gallery-columns-2 gallery-size-large'><dl class='gallery-item'>\n\t\t\t<dt class='gallery-icon landscape'>\n\t\t\t\t<a href='https:\/\/www.medellin.gov.co\/es\/sala-de-prensa\/noticias\/el-cine-corto-y-los-cortometrajes-tienen-su-festival-en-el-barrio-san-javier-de-medellin\/festival_cinecorto-3\/'><img width=\"1024\" height=\"1024\" src=\"https:\/\/www.medellin.gov.co\/es\/wp-content\/uploads\/2024\/10\/festival_cinecorto-3-1024x1024.jpeg\" class=\"attachment-large size-large\" alt=\"\" loading=\"lazy\" srcset=\"https:\/\/www.medellin.gov.co\/es\/wp-content\/uploads\/2024\/10\/festival_cinecorto-3-1024x1024.jpeg 1024w, https:\/\/www.medellin.gov.co\/es\/wp-content\/uploads\/2024\/10\/festival_cinecorto-3-300x300.jpeg 300w, https:\/\/www.medellin.gov.co\/es\/wp-content\/uploads\/2024\/10\/festival_cinecorto-3-150x150.jpeg 150w, https:\/\/www.medellin.gov.co\/es\/wp-content\/uploads\/2024\/10\/festival_cinecorto-3-768x768.jpeg 768w, https:\/\/www.medellin.gov.co\/es\/wp-content\/uploads\/2024\/10\/festival_cinecorto-3.jpeg 1080w\" sizes=\"(max-width: 1024px) 100vw, 1024px\" \/><\/a>\n\t\t\t<\/dt><\/dl><dl class='gallery-item'>\n\t\t\t<dt class='gallery-icon landscape'>\n\t\t\t\t<a href='https:\/\/www.medellin.gov.co\/es\/sala-de-prensa\/noticias\/el-cine-corto-y-los-cortometrajes-tienen-su-festival-en-el-barrio-san-javier-de-medellin\/festival_cinecorto-5\/'><img width=\"1024\" height=\"1024\" src=\"https:\/\/www.medellin.gov.co\/es\/wp-content\/uploads\/2024\/10\/festival_cinecorto-5-1024x1024.jpeg\" class=\"attachment-large size-large\" alt=\"\" loading=\"lazy\" srcset=\"https:\/\/www.medellin.gov.co\/es\/wp-content\/uploads\/2024\/10\/festival_cinecorto-5-1024x1024.jpeg 1024w, https:\/\/www.medellin.gov.co\/es\/wp-content\/uploads\/2024\/10\/festival_cinecorto-5-300x300.jpeg 300w, https:\/\/www.medellin.gov.co\/es\/wp-content\/uploads\/2024\/10\/festival_cinecorto-5-150x150.jpeg 150w, https:\/\/www.medellin.gov.co\/es\/wp-content\/uploads\/2024\/10\/festival_cinecorto-5-768x768.jpeg 768w, https:\/\/www.medellin.gov.co\/es\/wp-content\/uploads\/2024\/10\/festival_cinecorto-5.jpeg 1080w\" sizes=\"(max-width: 1024px) 100vw, 1024px\" \/><\/a>\n\t\t\t<\/dt><\/dl><br style=\"clear: both\" \/>\n\t\t<\/div>\n\n<p>\u201c<em>Ha sido un trabajo constante que nos ha dado\u00a0 resultados incre\u00edbles y muy buena acogida y hemos descubierto talentos ocultos que estoy seguro van a ser conocidos\u201d<\/em> indica Ospina con gran alegr\u00eda en su rostro.<\/p>\n<p><strong>El <a href=\"https:\/\/cinecortomedellin.com\/\">festival<\/a><\/strong><\/p>\n<p>El festival no solo ofrece un espacio para la proyecci\u00f3n de cortometrajes; tambi\u00e9n crea un entorno donde los cineastas emergentes pueden conectarse con su audiencia. Los cortos que se presentar\u00e1n son un reflejo de la diversidad y la riqueza cultural de nuestra regi\u00f3n. Historias de amor, superaci\u00f3n, realidades cotidianas y fantas\u00edas que nos invitan a so\u00f1ar y que se entrelazan en una programaci\u00f3n que promete emocionar y hacer reflexionar a los asistentes. Cada proyecci\u00f3n ser\u00e1 una oportunidad para que el p\u00fablico se adentre en universos \u00fanicos, creados por talentosos cineastas que, a menudo, encuentran en el cine una forma de expresar sus realidades y visiones del mundo.<strong>\u00a0<\/strong><\/p>\n\n\t\t<style type=\"text\/css\">\n\t\t\t#gallery-2 {\n\t\t\t\tmargin: auto;\n\t\t\t}\n\t\t\t#gallery-2 .gallery-item {\n\t\t\t\tfloat: left;\n\t\t\t\tmargin-top: 10px;\n\t\t\t\ttext-align: center;\n\t\t\t\twidth: 50%;\n\t\t\t}\n\t\t\t#gallery-2 img {\n\t\t\t\tborder: 2px solid #cfcfcf;\n\t\t\t}\n\t\t\t#gallery-2 .gallery-caption {\n\t\t\t\tmargin-left: 0;\n\t\t\t}\n\t\t\t\/* see gallery_shortcode() in wp-includes\/media.php *\/\n\t\t<\/style>\n\t\t<div id='gallery-2' class='gallery galleryid-357878 gallery-columns-2 gallery-size-large'><dl class='gallery-item'>\n\t\t\t<dt class='gallery-icon landscape'>\n\t\t\t\t<a href='https:\/\/www.medellin.gov.co\/es\/sala-de-prensa\/noticias\/el-cine-corto-y-los-cortometrajes-tienen-su-festival-en-el-barrio-san-javier-de-medellin\/festival_cinecorto-1\/'><img width=\"1024\" height=\"1024\" src=\"https:\/\/www.medellin.gov.co\/es\/wp-content\/uploads\/2024\/10\/festival_cinecorto-1-1024x1024.jpeg\" class=\"attachment-large size-large\" alt=\"\" loading=\"lazy\" srcset=\"https:\/\/www.medellin.gov.co\/es\/wp-content\/uploads\/2024\/10\/festival_cinecorto-1-1024x1024.jpeg 1024w, https:\/\/www.medellin.gov.co\/es\/wp-content\/uploads\/2024\/10\/festival_cinecorto-1-300x300.jpeg 300w, https:\/\/www.medellin.gov.co\/es\/wp-content\/uploads\/2024\/10\/festival_cinecorto-1-150x150.jpeg 150w, https:\/\/www.medellin.gov.co\/es\/wp-content\/uploads\/2024\/10\/festival_cinecorto-1-768x768.jpeg 768w, https:\/\/www.medellin.gov.co\/es\/wp-content\/uploads\/2024\/10\/festival_cinecorto-1.jpeg 1080w\" sizes=\"(max-width: 1024px) 100vw, 1024px\" \/><\/a>\n\t\t\t<\/dt><\/dl><dl class='gallery-item'>\n\t\t\t<dt class='gallery-icon landscape'>\n\t\t\t\t<a href='https:\/\/www.medellin.gov.co\/es\/sala-de-prensa\/noticias\/el-cine-corto-y-los-cortometrajes-tienen-su-festival-en-el-barrio-san-javier-de-medellin\/festival_cinecorto-4\/'><img width=\"1024\" height=\"1024\" src=\"https:\/\/www.medellin.gov.co\/es\/wp-content\/uploads\/2024\/10\/festival_cinecorto-4-1024x1024.jpeg\" class=\"attachment-large size-large\" alt=\"\" loading=\"lazy\" srcset=\"https:\/\/www.medellin.gov.co\/es\/wp-content\/uploads\/2024\/10\/festival_cinecorto-4-1024x1024.jpeg 1024w, https:\/\/www.medellin.gov.co\/es\/wp-content\/uploads\/2024\/10\/festival_cinecorto-4-300x300.jpeg 300w, https:\/\/www.medellin.gov.co\/es\/wp-content\/uploads\/2024\/10\/festival_cinecorto-4-150x150.jpeg 150w, https:\/\/www.medellin.gov.co\/es\/wp-content\/uploads\/2024\/10\/festival_cinecorto-4-768x768.jpeg 768w, https:\/\/www.medellin.gov.co\/es\/wp-content\/uploads\/2024\/10\/festival_cinecorto-4.jpeg 1080w\" sizes=\"(max-width: 1024px) 100vw, 1024px\" \/><\/a>\n\t\t\t<\/dt><\/dl><br style=\"clear: both\" \/>\n\t\t<\/div>\n\n<p>El <a href=\"https:\/\/cinecortomedellin.com\/\" target=\"_blank\" rel=\"noopener\">Festival de Cine Corto y Cortometrajes de Medell\u00edn<\/a> fue fundado en el a\u00f1o 2022 y este a\u00f1o en su tercera edici\u00f3n los asistentes podr\u00e1n disfrutar de cortometrajes en las categor\u00edas de cine educativo, cine comunitario, cine ambiental y cine de terror.<\/p>\n<p>La importancia de eventos como este no puede ser subestimada. El cine es un poderoso medio de comunicaci\u00f3n que trasciende barreras y conecta a las personas. En un momento en que el mundo enfrenta desaf\u00edos sociales y culturales, el <a href=\"https:\/\/cinecortomedellin.com\/\" target=\"_blank\" rel=\"noopener\">Festival de Cine Corto y Cortometrajes<\/a> se presenta como una respuesta vibrante y optimista; invita a todos, sin importar su edad o trasfondo, a unirse en una experiencia colectiva, donde la empat\u00eda y la creatividad se dan la mano.<\/p>\n<p><a href=\"https:\/\/www.medellin.gov.co\/es\/wp-content\/uploads\/2024\/10\/festival_corto.jpg\" target=\"_blank\" rel=\"noopener\"><img loading=\"lazy\" class=\"alignnone wp-image-358222 size-large\" src=\"https:\/\/www.medellin.gov.co\/es\/wp-content\/uploads\/2024\/10\/festival_corto-1024x517.jpg\" alt=\"\" width=\"1024\" height=\"517\" srcset=\"https:\/\/www.medellin.gov.co\/es\/wp-content\/uploads\/2024\/10\/festival_corto-1024x517.jpg 1024w, https:\/\/www.medellin.gov.co\/es\/wp-content\/uploads\/2024\/10\/festival_corto-300x151.jpg 300w, https:\/\/www.medellin.gov.co\/es\/wp-content\/uploads\/2024\/10\/festival_corto-150x76.jpg 150w, https:\/\/www.medellin.gov.co\/es\/wp-content\/uploads\/2024\/10\/festival_corto-768x388.jpg 768w, https:\/\/www.medellin.gov.co\/es\/wp-content\/uploads\/2024\/10\/festival_corto.jpg 1280w\" sizes=\"(max-width: 1024px) 100vw, 1024px\" \/><\/a><\/p>\n<p>Adem\u00e1s, este <a href=\"https:\/\/cinecortomedellin.com\/\" target=\"_blank\" rel=\"noopener\">festival<\/a> se convierte en un espacio para el di\u00e1logo. A trav\u00e9s de paneles, charlas y debates, se generar\u00e1n discusiones sobre la industria del cine, el proceso creativo y los desaf\u00edos que enfrentan los cineastas en la actualidad. Estas interacciones no solo enriquecer\u00e1n a los asistentes, sino que tambi\u00e9n fortalecer\u00e1n la comunidad cinematogr\u00e1fica local, creando redes de apoyo y colaboraci\u00f3n que perdurar\u00e1n m\u00e1s all\u00e1 del evento.<\/p>\n<p>Los d\u00edas del <a href=\"https:\/\/cinecortomedellin.com\/\" target=\"_blank\" rel=\"noopener\">festival<\/a> ser\u00e1n una celebraci\u00f3n del cine, pero tambi\u00e9n de la comunidad. En <a href=\"https:\/\/www.medellin.gov.co\/giscatalogacion\/giscatalogacion\/api\/records\/0bbbeac3-c95b-4d96-bea9-4a318193982c\" target=\"_blank\" rel=\"noopener\">San Javier<\/a>, donde la cultura y el arte florecen entre sus calles, este evento es una oportunidad para que los habitantes se sientan orgullosos de su identidad y de su historia. Al asistir, no solo disfrutar\u00e1n de pel\u00edculas, sino que tambi\u00e9n estar\u00e1n apoyando a sus artistas locales, alentando la creaci\u00f3n y la expresi\u00f3n.<\/p>\n<p><a href=\"https:\/\/www.medellin.gov.co\/es\/wp-content\/uploads\/2024\/10\/festival_cinecorto-10.jpg\" target=\"_blank\" rel=\"noopener\"><img loading=\"lazy\" class=\"alignnone wp-image-358216 size-large\" src=\"https:\/\/www.medellin.gov.co\/es\/wp-content\/uploads\/2024\/10\/festival_cinecorto-10-1024x768.jpg\" alt=\"\" width=\"1024\" height=\"768\" srcset=\"https:\/\/www.medellin.gov.co\/es\/wp-content\/uploads\/2024\/10\/festival_cinecorto-10-1024x768.jpg 1024w, https:\/\/www.medellin.gov.co\/es\/wp-content\/uploads\/2024\/10\/festival_cinecorto-10-300x225.jpg 300w, https:\/\/www.medellin.gov.co\/es\/wp-content\/uploads\/2024\/10\/festival_cinecorto-10-150x113.jpg 150w, https:\/\/www.medellin.gov.co\/es\/wp-content\/uploads\/2024\/10\/festival_cinecorto-10-768x576.jpg 768w, https:\/\/www.medellin.gov.co\/es\/wp-content\/uploads\/2024\/10\/festival_cinecorto-10.jpg 1280w\" sizes=\"(max-width: 1024px) 100vw, 1024px\" \/><\/a><\/p>\n<p>Al final, el <a href=\"https:\/\/cinecortomedellin.com\/\" target=\"_blank\" rel=\"noopener\">Festival de Cine Corto y Cortometrajes de Medell\u00edn<\/a> es m\u00e1s que un simple evento: es un canto a la vida, a la creatividad y a la comunidad. En un mundo donde a menudo nos sentimos desconectados, este <a href=\"https:\/\/cinecortomedellin.com\/\">festival<\/a> nos recordar\u00e1 la importancia de unirnos, de compartir historias y de celebrar el talento que brota de nuestros rincones. As\u00ed, en cada proyecci\u00f3n, en cada risa y en cada l\u00e1grima compartida, se forjar\u00e1 un lazo m\u00e1s fuerte entre los asistentes, los cineastas y la comunidad de <a href=\"https:\/\/www.medellin.gov.co\/giscatalogacion\/giscatalogacion\/api\/records\/0bbbeac3-c95b-4d96-bea9-4a318193982c\" target=\"_blank\" rel=\"noopener\">San Javier<\/a>.<\/p>\n<p>Si quieres ampliar la informaci\u00f3n puedes visitar su p\u00e1gina web <a href=\"https:\/\/cinecortomedellin.com\/\">https:\/\/cinecortomedellin.com\/<\/a> \u00a0\u00a1Los esperamos con los brazos abiertos y el coraz\u00f3n lleno de cine!<\/p>\n","protected":false},"excerpt":{"rendered":"<p>En Medell\u00edn, un evento se alza como un faro de creatividad y expresi\u00f3n art\u00edstica: el Festival de Cine Corto y Cortometrajes. Este a\u00f1o, los d\u00edas 7, 8 y 9 de noviembre, la magia del cine &#8230;<\/p>\n","protected":false},"author":17,"featured_media":358216,"comment_status":"open","ping_status":"open","sticky":false,"template":"","format":"standard","meta":[],"categories":[31],"tags":[444,428],"formato_nota":[],"programas_tax":[],"acf":[],"_links":{"self":[{"href":"https:\/\/www.medellin.gov.co\/es\/wp-json\/wp\/v2\/posts\/357878"}],"collection":[{"href":"https:\/\/www.medellin.gov.co\/es\/wp-json\/wp\/v2\/posts"}],"about":[{"href":"https:\/\/www.medellin.gov.co\/es\/wp-json\/wp\/v2\/types\/post"}],"author":[{"embeddable":true,"href":"https:\/\/www.medellin.gov.co\/es\/wp-json\/wp\/v2\/users\/17"}],"replies":[{"embeddable":true,"href":"https:\/\/www.medellin.gov.co\/es\/wp-json\/wp\/v2\/comments?post=357878"}],"version-history":[{"count":5,"href":"https:\/\/www.medellin.gov.co\/es\/wp-json\/wp\/v2\/posts\/357878\/revisions"}],"predecessor-version":[{"id":358303,"href":"https:\/\/www.medellin.gov.co\/es\/wp-json\/wp\/v2\/posts\/357878\/revisions\/358303"}],"wp:featuredmedia":[{"embeddable":true,"href":"https:\/\/www.medellin.gov.co\/es\/wp-json\/wp\/v2\/media\/358216"}],"wp:attachment":[{"href":"https:\/\/www.medellin.gov.co\/es\/wp-json\/wp\/v2\/media?parent=357878"}],"wp:term":[{"taxonomy":"category","embeddable":true,"href":"https:\/\/www.medellin.gov.co\/es\/wp-json\/wp\/v2\/categories?post=357878"},{"taxonomy":"post_tag","embeddable":true,"href":"https:\/\/www.medellin.gov.co\/es\/wp-json\/wp\/v2\/tags?post=357878"},{"taxonomy":"formato_nota","embeddable":true,"href":"https:\/\/www.medellin.gov.co\/es\/wp-json\/wp\/v2\/formato_nota?post=357878"},{"taxonomy":"programas_tax","embeddable":true,"href":"https:\/\/www.medellin.gov.co\/es\/wp-json\/wp\/v2\/programas_tax?post=357878"}],"curies":[{"name":"wp","href":"https:\/\/api.w.org\/{rel}","templated":true}]}}