{"id":359642,"date":"2024-10-31T08:02:29","date_gmt":"2024-10-31T13:02:29","guid":{"rendered":"https:\/\/www.medellin.gov.co\/es\/?p=359642"},"modified":"2024-10-31T08:02:29","modified_gmt":"2024-10-31T13:02:29","slug":"medellin-refuerza-compromisos-para-enfrentar-la-violencia-politica-contra-las-mujeres","status":"publish","type":"post","link":"https:\/\/www.medellin.gov.co\/es\/sala-de-prensa\/noticias\/medellin-refuerza-compromisos-para-enfrentar-la-violencia-politica-contra-las-mujeres\/","title":{"rendered":"Medell\u00edn refuerza compromisos para enfrentar la violencia pol\u00edtica contra las mujeres"},"content":{"rendered":"<!--[if lt IE 9]><script>document.createElement('audio');<\/script><![endif]-->\n\t<div class=\"wp-playlist wp-audio-playlist wp-playlist-light\">\n\t\t\t<div class=\"wp-playlist-current-item\"><\/div>\n\t\t<audio controls=\"controls\" preload=\"none\" width=\"640\"\n\t\t\t><\/audio>\n\t<div class=\"wp-playlist-next\"><\/div>\n\t<div class=\"wp-playlist-prev\"><\/div>\n\t<noscript>\n\t<ol>\n\t\t<li><a href='https:\/\/www.medellin.gov.co\/es\/wp-content\/uploads\/2024\/10\/violencia-politica-contra-mujeres-01.mp3'>Palabras de Valeria Molina, secretaria de las Mujeres<\/a><\/li><li><a href='https:\/\/www.medellin.gov.co\/es\/wp-content\/uploads\/2024\/10\/violencia-politica-contra-mujeres-02.mp3'>Palabras de Claudia Mej\u00eda Estrada, subsecretaria de la Secretar\u00eda de Paz y Derechos Humanos<\/a><\/li>\t<\/ol>\n\t<\/noscript>\n\t<script type=\"application\/json\" class=\"wp-playlist-script\">{\"type\":\"audio\",\"tracklist\":true,\"tracknumbers\":true,\"images\":true,\"artists\":true,\"tracks\":[{\"src\":\"https:\\\/\\\/www.medellin.gov.co\\\/es\\\/wp-content\\\/uploads\\\/2024\\\/10\\\/violencia-politica-contra-mujeres-01.mp3\",\"type\":\"audio\\\/mpeg\",\"title\":\"Palabras de Valeria Molina, secretaria de las Mujeres\",\"caption\":\"\",\"description\":\"\\u00abPalabras de Valeria Molina, secretaria de las Mujeres\\u00bb.\",\"meta\":{\"length_formatted\":\"0:58\"},\"image\":{\"src\":\"https:\\\/\\\/www.medellin.gov.co\\\/es\\\/wp-includes\\\/images\\\/media\\\/audio.png\",\"width\":48,\"height\":64},\"thumb\":{\"src\":\"https:\\\/\\\/www.medellin.gov.co\\\/es\\\/wp-includes\\\/images\\\/media\\\/audio.png\",\"width\":48,\"height\":64}},{\"src\":\"https:\\\/\\\/www.medellin.gov.co\\\/es\\\/wp-content\\\/uploads\\\/2024\\\/10\\\/violencia-politica-contra-mujeres-02.mp3\",\"type\":\"audio\\\/mpeg\",\"title\":\"Palabras de Claudia Mej\\u00eda Estrada, subsecretaria de la Secretar\\u00eda de Paz y Derechos Humanos\",\"caption\":\"\",\"description\":\"\\u00abPalabras de Claudia Mej\\u00eda Estrada, subsecretaria de la Secretar\\u00eda de Paz y Derechos Humanos\\u00bb.\",\"meta\":{\"length_formatted\":\"0:29\"},\"image\":{\"src\":\"https:\\\/\\\/www.medellin.gov.co\\\/es\\\/wp-includes\\\/images\\\/media\\\/audio.png\",\"width\":48,\"height\":64},\"thumb\":{\"src\":\"https:\\\/\\\/www.medellin.gov.co\\\/es\\\/wp-includes\\\/images\\\/media\\\/audio.png\",\"width\":48,\"height\":64}}]}<\/script>\n<\/div>\n\t\n<p class=\"p1\">Como una manera de frenar los ataques en contra de las mujeres y promover\u00a0sus derechos de participaci\u00f3n, la Alcald\u00eda de Medell\u00edn anunci\u00f3 varias estrategias\u00a0para ofrecer una garant\u00eda especial a j\u00f3venes, ind\u00edgenas y lideresas de base, que\u00a0enfrenten riesgos f\u00edsicos, psicol\u00f3gicos, sociales y econ\u00f3micos.<\/p>\n\n\t\t<style type=\"text\/css\">\n\t\t\t#gallery-1 {\n\t\t\t\tmargin: auto;\n\t\t\t}\n\t\t\t#gallery-1 .gallery-item {\n\t\t\t\tfloat: left;\n\t\t\t\tmargin-top: 10px;\n\t\t\t\ttext-align: center;\n\t\t\t\twidth: 50%;\n\t\t\t}\n\t\t\t#gallery-1 img {\n\t\t\t\tborder: 2px solid #cfcfcf;\n\t\t\t}\n\t\t\t#gallery-1 .gallery-caption {\n\t\t\t\tmargin-left: 0;\n\t\t\t}\n\t\t\t\/* see gallery_shortcode() in wp-includes\/media.php *\/\n\t\t<\/style>\n\t\t<div id='gallery-1' class='gallery galleryid-359642 gallery-columns-2 gallery-size-large'><dl class='gallery-item'>\n\t\t\t<dt class='gallery-icon landscape'>\n\t\t\t\t<a href='https:\/\/www.medellin.gov.co\/es\/sala-de-prensa\/noticias\/medellin-refuerza-compromisos-para-enfrentar-la-violencia-politica-contra-las-mujeres\/violencia-politica-contra-mujeres-7\/'><img width=\"1024\" height=\"682\" src=\"https:\/\/www.medellin.gov.co\/es\/wp-content\/uploads\/2024\/10\/violencia-politica-contra-mujeres-7-1024x682.jpg\" class=\"attachment-large size-large\" alt=\"Medell\u00edn refuerza compromisos para enfrentar la violencia pol\u00edtica contra las mujeres\" loading=\"lazy\" aria-describedby=\"gallery-1-359659\" srcset=\"https:\/\/www.medellin.gov.co\/es\/wp-content\/uploads\/2024\/10\/violencia-politica-contra-mujeres-7-1024x682.jpg 1024w, https:\/\/www.medellin.gov.co\/es\/wp-content\/uploads\/2024\/10\/violencia-politica-contra-mujeres-7-300x200.jpg 300w, https:\/\/www.medellin.gov.co\/es\/wp-content\/uploads\/2024\/10\/violencia-politica-contra-mujeres-7-150x100.jpg 150w, https:\/\/www.medellin.gov.co\/es\/wp-content\/uploads\/2024\/10\/violencia-politica-contra-mujeres-7-768x511.jpg 768w, https:\/\/www.medellin.gov.co\/es\/wp-content\/uploads\/2024\/10\/violencia-politica-contra-mujeres-7.jpg 1200w\" sizes=\"(max-width: 1024px) 100vw, 1024px\" \/><\/a>\n\t\t\t<\/dt>\n\t\t\t\t<dd class='wp-caption-text gallery-caption' id='gallery-1-359659'>\n\t\t\t\tMedell\u00edn refuerza compromisos para enfrentar la violencia pol\u00edtica contra las mujeres &#8211; Foto alcaldia de Medell\u00edn\n\t\t\t\t<\/dd><\/dl><dl class='gallery-item'>\n\t\t\t<dt class='gallery-icon landscape'>\n\t\t\t\t<a href='https:\/\/www.medellin.gov.co\/es\/sala-de-prensa\/noticias\/medellin-refuerza-compromisos-para-enfrentar-la-violencia-politica-contra-las-mujeres\/violencia-politica-contra-mujeres-6\/'><img width=\"1024\" height=\"682\" src=\"https:\/\/www.medellin.gov.co\/es\/wp-content\/uploads\/2024\/10\/violencia-politica-contra-mujeres-6-1024x682.jpg\" class=\"attachment-large size-large\" alt=\"Medell\u00edn refuerza compromisos para enfrentar la violencia pol\u00edtica contra las mujeres\" loading=\"lazy\" aria-describedby=\"gallery-1-359657\" srcset=\"https:\/\/www.medellin.gov.co\/es\/wp-content\/uploads\/2024\/10\/violencia-politica-contra-mujeres-6-1024x682.jpg 1024w, https:\/\/www.medellin.gov.co\/es\/wp-content\/uploads\/2024\/10\/violencia-politica-contra-mujeres-6-300x200.jpg 300w, https:\/\/www.medellin.gov.co\/es\/wp-content\/uploads\/2024\/10\/violencia-politica-contra-mujeres-6-150x100.jpg 150w, https:\/\/www.medellin.gov.co\/es\/wp-content\/uploads\/2024\/10\/violencia-politica-contra-mujeres-6-768x511.jpg 768w, https:\/\/www.medellin.gov.co\/es\/wp-content\/uploads\/2024\/10\/violencia-politica-contra-mujeres-6.jpg 1200w\" sizes=\"(max-width: 1024px) 100vw, 1024px\" \/><\/a>\n\t\t\t<\/dt>\n\t\t\t\t<dd class='wp-caption-text gallery-caption' id='gallery-1-359657'>\n\t\t\t\tMedell\u00edn refuerza compromisos para enfrentar la violencia pol\u00edtica contra las mujeres &#8211; Foto alcaldia de Medell\u00edn\n\t\t\t\t<\/dd><\/dl><br style=\"clear: both\" \/>\n\t\t<\/div>\n\n<p class=\"p1\">Esto comprende una ruta de atenci\u00f3n con apoyo inmediato y prioritario en situaciones de alto riesgo, en pro de asegurar su movilizaci\u00f3n pol\u00edtica. Adem\u00e1s, se fortalecer\u00e1 el acompa\u00f1amiento a estas situaciones mediante la L\u00ednea 123\u00a0Social.<\/p>\n<p class=\"p1\"><i>\u201cEstos compromisos buscan construir confianza institucional y facilitar el acceso\u00a0<\/i><i>a v\u00edas de protecci\u00f3n y apoyo. La estrategia general apunta a brindar entornos\u00a0<\/i><i>seguros para que participen en la vida social y pol\u00edtica sin temor, con todas las\u00a0<\/i><i>garant\u00edas\u201d<\/i>, expres\u00f3 la secretaria de las Mujeres, Valeria Molina, al t\u00e9rmino de la\u00a0cuarta sesi\u00f3n ordinaria del Consejo de Seguridad P\u00fablica para las Mujeres.<\/p>\n\n\t\t<style type=\"text\/css\">\n\t\t\t#gallery-2 {\n\t\t\t\tmargin: auto;\n\t\t\t}\n\t\t\t#gallery-2 .gallery-item {\n\t\t\t\tfloat: left;\n\t\t\t\tmargin-top: 10px;\n\t\t\t\ttext-align: center;\n\t\t\t\twidth: 50%;\n\t\t\t}\n\t\t\t#gallery-2 img {\n\t\t\t\tborder: 2px solid #cfcfcf;\n\t\t\t}\n\t\t\t#gallery-2 .gallery-caption {\n\t\t\t\tmargin-left: 0;\n\t\t\t}\n\t\t\t\/* see gallery_shortcode() in wp-includes\/media.php *\/\n\t\t<\/style>\n\t\t<div id='gallery-2' class='gallery galleryid-359642 gallery-columns-2 gallery-size-large'><dl class='gallery-item'>\n\t\t\t<dt class='gallery-icon landscape'>\n\t\t\t\t<a href='https:\/\/www.medellin.gov.co\/es\/sala-de-prensa\/noticias\/medellin-refuerza-compromisos-para-enfrentar-la-violencia-politica-contra-las-mujeres\/violencia-politica-contra-mujeres-4\/'><img width=\"1024\" height=\"682\" src=\"https:\/\/www.medellin.gov.co\/es\/wp-content\/uploads\/2024\/10\/violencia-politica-contra-mujeres-4-1024x682.jpg\" class=\"attachment-large size-large\" alt=\"Medell\u00edn refuerza compromisos para enfrentar la violencia pol\u00edtica contra las mujeres\" loading=\"lazy\" aria-describedby=\"gallery-2-359654\" srcset=\"https:\/\/www.medellin.gov.co\/es\/wp-content\/uploads\/2024\/10\/violencia-politica-contra-mujeres-4-1024x682.jpg 1024w, https:\/\/www.medellin.gov.co\/es\/wp-content\/uploads\/2024\/10\/violencia-politica-contra-mujeres-4-300x200.jpg 300w, https:\/\/www.medellin.gov.co\/es\/wp-content\/uploads\/2024\/10\/violencia-politica-contra-mujeres-4-150x100.jpg 150w, https:\/\/www.medellin.gov.co\/es\/wp-content\/uploads\/2024\/10\/violencia-politica-contra-mujeres-4-768x511.jpg 768w, https:\/\/www.medellin.gov.co\/es\/wp-content\/uploads\/2024\/10\/violencia-politica-contra-mujeres-4.jpg 1200w\" sizes=\"(max-width: 1024px) 100vw, 1024px\" \/><\/a>\n\t\t\t<\/dt>\n\t\t\t\t<dd class='wp-caption-text gallery-caption' id='gallery-2-359654'>\n\t\t\t\tMedell\u00edn refuerza compromisos para enfrentar la violencia pol\u00edtica contra las mujeres &#8211; Foto alcaldia de Medell\u00edn\n\t\t\t\t<\/dd><\/dl><dl class='gallery-item'>\n\t\t\t<dt class='gallery-icon landscape'>\n\t\t\t\t<a href='https:\/\/www.medellin.gov.co\/es\/sala-de-prensa\/noticias\/medellin-refuerza-compromisos-para-enfrentar-la-violencia-politica-contra-las-mujeres\/violencia-politica-contra-mujeres-2\/'><img width=\"1024\" height=\"682\" src=\"https:\/\/www.medellin.gov.co\/es\/wp-content\/uploads\/2024\/10\/violencia-politica-contra-mujeres-2-1024x682.jpg\" class=\"attachment-large size-large\" alt=\"Medell\u00edn refuerza compromisos para enfrentar la violencia pol\u00edtica contra las mujeres\" loading=\"lazy\" aria-describedby=\"gallery-2-359648\" srcset=\"https:\/\/www.medellin.gov.co\/es\/wp-content\/uploads\/2024\/10\/violencia-politica-contra-mujeres-2-1024x682.jpg 1024w, https:\/\/www.medellin.gov.co\/es\/wp-content\/uploads\/2024\/10\/violencia-politica-contra-mujeres-2-300x200.jpg 300w, https:\/\/www.medellin.gov.co\/es\/wp-content\/uploads\/2024\/10\/violencia-politica-contra-mujeres-2-150x100.jpg 150w, https:\/\/www.medellin.gov.co\/es\/wp-content\/uploads\/2024\/10\/violencia-politica-contra-mujeres-2-768x511.jpg 768w, https:\/\/www.medellin.gov.co\/es\/wp-content\/uploads\/2024\/10\/violencia-politica-contra-mujeres-2.jpg 1200w\" sizes=\"(max-width: 1024px) 100vw, 1024px\" \/><\/a>\n\t\t\t<\/dt>\n\t\t\t\t<dd class='wp-caption-text gallery-caption' id='gallery-2-359648'>\n\t\t\t\tMedell\u00edn refuerza compromisos para enfrentar la violencia pol\u00edtica contra las mujeres &#8211; Foto alcaldia de Medell\u00edn\n\t\t\t\t<\/dd><\/dl><br style=\"clear: both\" \/>\n\t\t<\/div>\n\n<p class=\"p1\">El Distrito impulsar\u00e1 la creaci\u00f3n de una mesa de trabajo interinstitucional, la cual\u00a0coordinar\u00e1 estrategias para la prevenci\u00f3n y atenci\u00f3n de la violencia sociopol\u00edtica.<\/p>\n<p class=\"p1\">Esta instancia integrar\u00e1 a representantes de diversas dependencias con el\u00a0objetivo de asegurar una respuesta articulada y efectiva.<\/p>\n","protected":false},"excerpt":{"rendered":"<p>Como una manera de frenar los ataques en contra de las mujeres y promover\u00a0sus derechos de participaci\u00f3n, la Alcald\u00eda de Medell\u00edn anunci\u00f3 varias estrategias\u00a0para ofrecer una garant\u00eda especial a j\u00f3venes, ind\u00edgenas y lideresas de base, &#8230;<\/p>\n","protected":false},"author":84,"featured_media":359652,"comment_status":"open","ping_status":"open","sticky":false,"template":"","format":"standard","meta":[],"categories":[15],"tags":[],"formato_nota":[],"programas_tax":[],"acf":[],"_links":{"self":[{"href":"https:\/\/www.medellin.gov.co\/es\/wp-json\/wp\/v2\/posts\/359642"}],"collection":[{"href":"https:\/\/www.medellin.gov.co\/es\/wp-json\/wp\/v2\/posts"}],"about":[{"href":"https:\/\/www.medellin.gov.co\/es\/wp-json\/wp\/v2\/types\/post"}],"author":[{"embeddable":true,"href":"https:\/\/www.medellin.gov.co\/es\/wp-json\/wp\/v2\/users\/84"}],"replies":[{"embeddable":true,"href":"https:\/\/www.medellin.gov.co\/es\/wp-json\/wp\/v2\/comments?post=359642"}],"version-history":[{"count":1,"href":"https:\/\/www.medellin.gov.co\/es\/wp-json\/wp\/v2\/posts\/359642\/revisions"}],"predecessor-version":[{"id":359661,"href":"https:\/\/www.medellin.gov.co\/es\/wp-json\/wp\/v2\/posts\/359642\/revisions\/359661"}],"wp:featuredmedia":[{"embeddable":true,"href":"https:\/\/www.medellin.gov.co\/es\/wp-json\/wp\/v2\/media\/359652"}],"wp:attachment":[{"href":"https:\/\/www.medellin.gov.co\/es\/wp-json\/wp\/v2\/media?parent=359642"}],"wp:term":[{"taxonomy":"category","embeddable":true,"href":"https:\/\/www.medellin.gov.co\/es\/wp-json\/wp\/v2\/categories?post=359642"},{"taxonomy":"post_tag","embeddable":true,"href":"https:\/\/www.medellin.gov.co\/es\/wp-json\/wp\/v2\/tags?post=359642"},{"taxonomy":"formato_nota","embeddable":true,"href":"https:\/\/www.medellin.gov.co\/es\/wp-json\/wp\/v2\/formato_nota?post=359642"},{"taxonomy":"programas_tax","embeddable":true,"href":"https:\/\/www.medellin.gov.co\/es\/wp-json\/wp\/v2\/programas_tax?post=359642"}],"curies":[{"name":"wp","href":"https:\/\/api.w.org\/{rel}","templated":true}]}}