{"id":359719,"date":"2024-10-31T14:51:56","date_gmt":"2024-10-31T19:51:56","guid":{"rendered":"https:\/\/www.medellin.gov.co\/es\/?p=359719"},"modified":"2024-10-31T16:56:26","modified_gmt":"2024-10-31T21:56:26","slug":"asi-recuperamos-a-miles-de-estudiantes-para-los-colegios-publicos-de-medellin","status":"publish","type":"post","link":"https:\/\/www.medellin.gov.co\/es\/sala-de-prensa\/noticias\/asi-recuperamos-a-miles-de-estudiantes-para-los-colegios-publicos-de-medellin\/","title":{"rendered":"As\u00ed recuperamos a miles de estudiantes para los colegios p\u00fablicos de Medell\u00edn"},"content":{"rendered":"<blockquote><p><a href=\"https:\/\/www.medellin.gov.co\/es\/sala-de-prensa\/noticias\/en-los-colegios-de-medellin-contamos-con-vos\/\" target=\"_blank\" rel=\"noopener\"><em>En el Colegio Contamos con Vos <\/em><\/a><em>es un programa estrat\u00e9gico del <a href=\"https:\/\/www.medellin.gov.co\/es\/plan-de-desarrollo\/\" target=\"_blank\" rel=\"noopener\">Plan de Desarrollo Medell\u00edn Te Quiere<\/a>, liderado por el <a href=\"https:\/\/www.medellin.gov.co\/es\/nuestro-alcalde\/\" target=\"_blank\" rel=\"noopener\">alcalde de Medell\u00edn, Federico Guti\u00e9rrez<\/a>. Este a\u00f1o se han hecho m\u00e1s de 50 recorridos en las <a href=\"https:\/\/www.medellin.gov.co\/es\/conoce-algunos-datos-generales-de-la-ciudad\/\" target=\"_blank\" rel=\"noopener\">16 comunas y 5 corregimientos de la ciudad<\/a>, con un especial acompa\u00f1amiento en aquellos sectores donde se encuentran las instituciones educativas que han presentado la mayor deserci\u00f3n de estudiantes en edad escolar<\/em><strong>\u00a0<\/strong><\/p><\/blockquote>\n<p>Con este programa -de enero a abril- se logr\u00f3 matricular a m\u00e1s de 22 000 estudiantes en las instituciones educativas oficiales de la ciudad: menores de edad que no se matricularon finalizando la vigencia 2023 y algunos que se encontraban por fuera del sistema escolar.<\/p>\n<div id=\"attachment_359774\" style=\"width: 1034px\" class=\"wp-caption alignnone\"><a href=\"https:\/\/www.medellin.gov.co\/es\/wp-content\/uploads\/2024\/10\/En-colegio.jpg\"><img aria-describedby=\"caption-attachment-359774\" loading=\"lazy\" class=\"size-large wp-image-359774\" src=\"https:\/\/www.medellin.gov.co\/es\/wp-content\/uploads\/2024\/10\/En-colegio-1024x682.jpg\" alt=\"En el Colegio Contamos con Vos\" width=\"1024\" height=\"682\" srcset=\"https:\/\/www.medellin.gov.co\/es\/wp-content\/uploads\/2024\/10\/En-colegio-1024x682.jpg 1024w, https:\/\/www.medellin.gov.co\/es\/wp-content\/uploads\/2024\/10\/En-colegio-300x200.jpg 300w, https:\/\/www.medellin.gov.co\/es\/wp-content\/uploads\/2024\/10\/En-colegio-150x100.jpg 150w, https:\/\/www.medellin.gov.co\/es\/wp-content\/uploads\/2024\/10\/En-colegio-768x512.jpg 768w, https:\/\/www.medellin.gov.co\/es\/wp-content\/uploads\/2024\/10\/En-colegio.jpg 1280w\" sizes=\"(max-width: 1024px) 100vw, 1024px\" \/><\/a><p id=\"caption-attachment-359774\" class=\"wp-caption-text\">En la administraci\u00f3n liderada por el alcalde, Federico Guti\u00e9rrez, nos esforzamos por disminuir la deserci\u00f3n escolar.<\/p><\/div>\n<blockquote><p>Te puede interesar: <a href=\"https:\/\/www.medellin.gov.co\/es\/sala-de-prensa\/noticias\/en-los-colegios-de-medellin-contamos-con-vos\/\" target=\"_blank\" rel=\"noopener\">En los colegios de Medell\u00edn contamos con vos<\/a><\/p><\/blockquote>\n<p><strong>Retos y logros<\/strong><\/p>\n<p>Medell\u00edn cuenta con la tasa de deserci\u00f3n escolar m\u00e1s alta en la historia de la ciudad: el 5.4 %, que corresponde a 15 917 estudiantes identificados como desertores. Sin embargo, gracias al trabajo articulado e institucional, a las campa\u00f1as de b\u00fasqueda activa en los diferentes territorios, al monitoreo y seguimiento de la movilidad de los estudiantes, hoy podemos decir que, de esta poblaci\u00f3n identificada como desertora, ya se encuentran matriculados en el sistema escolar cerca de 6000 estudiantes que hab\u00edan dejado de estudiar.<\/p>\n<p>Otro logro significativo es que, del primer semestre, de las solicitudes de cupos escolares realizadas por la ciudadan\u00eda a trav\u00e9s del aplicativo <a href=\"https:\/\/www.medellin.edu.co\/tucupo\/\" target=\"_blank\" rel=\"noopener\">Busca tu Cupo<\/a>, fueron gestionadas el 95.4 %, es decir, acompa\u00f1amos a padres de familia y acudientes en 2968 solicitudes de cupos en instituciones educativas p\u00fablicas y de cobertura del Distrito.<\/p>\n<p>Y no solo es lograr que los ni\u00f1os, ni\u00f1as y j\u00f3venes se matriculen, sino que permanezcan en el sistema escolar. Por eso, alrededor de 12 000 estudiantes hacen parte de la estrategia de Transporte Escolar Contratado. Adem\u00e1s, 37 000 estudiantes de instituciones educativas oficiales y privadas, as\u00ed como las instituciones universitarias de educaci\u00f3n superior p\u00fablicas y privadas, con estudiantes de estratos 1, 2 y 3, son beneficiarios del descuento en la <a href=\"https:\/\/civica.metrodemedellin.gov.co\/\" target=\"_blank\" rel=\"noopener\">Tarjeta C\u00edvica del metro<\/a>.<\/p>\n<div id=\"attachment_359769\" style=\"width: 1034px\" class=\"wp-caption alignnone\"><a href=\"https:\/\/www.medellin.gov.co\/es\/wp-content\/uploads\/2024\/10\/Alcalde-y-secretario-Educacion.jpg\"><img aria-describedby=\"caption-attachment-359769\" loading=\"lazy\" class=\"size-large wp-image-359769\" src=\"https:\/\/www.medellin.gov.co\/es\/wp-content\/uploads\/2024\/10\/Alcalde-y-secretario-Educacion-1024x682.jpg\" alt=\"En el Colegio Contamos con Vos\" width=\"1024\" height=\"682\" srcset=\"https:\/\/www.medellin.gov.co\/es\/wp-content\/uploads\/2024\/10\/Alcalde-y-secretario-Educacion-1024x682.jpg 1024w, https:\/\/www.medellin.gov.co\/es\/wp-content\/uploads\/2024\/10\/Alcalde-y-secretario-Educacion-300x200.jpg 300w, https:\/\/www.medellin.gov.co\/es\/wp-content\/uploads\/2024\/10\/Alcalde-y-secretario-Educacion-150x100.jpg 150w, https:\/\/www.medellin.gov.co\/es\/wp-content\/uploads\/2024\/10\/Alcalde-y-secretario-Educacion-768x512.jpg 768w, https:\/\/www.medellin.gov.co\/es\/wp-content\/uploads\/2024\/10\/Alcalde-y-secretario-Educacion.jpg 1280w\" sizes=\"(max-width: 1024px) 100vw, 1024px\" \/><\/a><p id=\"caption-attachment-359769\" class=\"wp-caption-text\">El alcalde de Medell\u00edn, Federico Guti\u00e9rrez, y el secretario de Educaci\u00f3n, Luis Guillermo Pati\u00f1o, en contacto con la comunidad en los barrios de la ciudad.<\/p><\/div>\n<p>Tambi\u00e9n, con Educaci\u00f3n Complementaria, a trav\u00e9s de sus seis l\u00edneas de formaci\u00f3n, durante esta administraci\u00f3n, se han impactado alrededor de 11 118 estudiantes. As\u00ed mismo, 500 estudiantes han sido beneficiados con la estrategia Parceritos.<\/p>\n<p>Adicionalmente, <strong>Modelos Flexibles<\/strong> es una estrategia de acceso y permanencia escolar que facilita la nivelaci\u00f3n de estudiantes en situaci\u00f3n de extraedad, ayud\u00e1ndoles a ponerse al d\u00eda en su proceso acad\u00e9mico y alcanzar el grado adecuado a su edad. Este a\u00f1o hemos ampliado su cobertura en los niveles de b\u00e1sica primaria y secundaria. Dentro de estas estrategias, el modelo Caminar en Secundaria cuenta con m\u00e1s de 10 000 estudiantes matriculados.<\/p>\n<p>A esto se agrega el <a href=\"https:\/\/www.medellin.edu.co\/acceso-cobertura-y-permanencia\/simpade\/pae\/\" target=\"_blank\" rel=\"noopener\">Programa de Alimentaci\u00f3n Escolar (PAE)<\/a>, como estrategia de permanencia escolar, tiene 232 000 cupos asignados en las instituciones educativas oficiales, de cobertura y confesiones religiosas.<\/p>\n<p><strong>Guardianes de la Permanencia y l\u00edderes escolares<\/strong><\/p>\n<p>La <a href=\"https:\/\/www.medellin.gov.co\/es\/secretaria-de-educacion\/\" target=\"_blank\" rel=\"noopener\">Secretar\u00eda de Educaci\u00f3n Distrital<\/a> se encuentra, adem\u00e1s, avanzando en un piloto de monitoreo y seguimiento al ausentismo escolar en 33 instituciones educativas oficiales de la ciudad, a trav\u00e9s de un sistema de alertas tempranas que ha permitido identificar a 1800 estudiantes con mayor ausentismo.<\/p>\n\n\t\t<style type=\"text\/css\">\n\t\t\t#gallery-1 {\n\t\t\t\tmargin: auto;\n\t\t\t}\n\t\t\t#gallery-1 .gallery-item {\n\t\t\t\tfloat: left;\n\t\t\t\tmargin-top: 10px;\n\t\t\t\ttext-align: center;\n\t\t\t\twidth: 50%;\n\t\t\t}\n\t\t\t#gallery-1 img {\n\t\t\t\tborder: 2px solid #cfcfcf;\n\t\t\t}\n\t\t\t#gallery-1 .gallery-caption {\n\t\t\t\tmargin-left: 0;\n\t\t\t}\n\t\t\t\/* see gallery_shortcode() in wp-includes\/media.php *\/\n\t\t<\/style>\n\t\t<div id='gallery-1' class='gallery galleryid-359719 gallery-columns-2 gallery-size-large'><dl class='gallery-item'>\n\t\t\t<dt class='gallery-icon landscape'>\n\t\t\t\t<a href='https:\/\/www.medellin.gov.co\/es\/sala-de-prensa\/noticias\/en-los-colegios-de-medellin-contamos-con-vos\/en-el-colegio-contamos-con-vos-3_1\/'><img width=\"1024\" height=\"682\" src=\"https:\/\/www.medellin.gov.co\/es\/wp-content\/uploads\/2024\/05\/En-el-colegio-contamos-con-vos-3_1-1024x682.jpg\" class=\"attachment-large size-large\" alt=\"En el Colegio Contamos con Vos\" loading=\"lazy\" aria-describedby=\"gallery-1-310261\" srcset=\"https:\/\/www.medellin.gov.co\/es\/wp-content\/uploads\/2024\/05\/En-el-colegio-contamos-con-vos-3_1-1024x682.jpg 1024w, https:\/\/www.medellin.gov.co\/es\/wp-content\/uploads\/2024\/05\/En-el-colegio-contamos-con-vos-3_1-300x200.jpg 300w, https:\/\/www.medellin.gov.co\/es\/wp-content\/uploads\/2024\/05\/En-el-colegio-contamos-con-vos-3_1-150x100.jpg 150w, https:\/\/www.medellin.gov.co\/es\/wp-content\/uploads\/2024\/05\/En-el-colegio-contamos-con-vos-3_1-768x512.jpg 768w, https:\/\/www.medellin.gov.co\/es\/wp-content\/uploads\/2024\/05\/En-el-colegio-contamos-con-vos-3_1.jpg 1280w\" sizes=\"(max-width: 1024px) 100vw, 1024px\" \/><\/a>\n\t\t\t<\/dt>\n\t\t\t\t<dd class='wp-caption-text gallery-caption' id='gallery-1-310261'>\n\t\t\t\tEn el Colegio Contamos con Vos\n\t\t\t\t<\/dd><\/dl><dl class='gallery-item'>\n\t\t\t<dt class='gallery-icon landscape'>\n\t\t\t\t<a href='https:\/\/www.medellin.gov.co\/es\/sala-de-prensa\/noticias\/en-los-colegios-de-medellin-contamos-con-vos\/en-el-colegio-contamos-con-vos-3\/'><img width=\"1024\" height=\"682\" src=\"https:\/\/www.medellin.gov.co\/es\/wp-content\/uploads\/2024\/05\/En-el-colegio-contamos-con-vos-3-1024x682.jpg\" class=\"attachment-large size-large\" alt=\"En el Colegio Contamos con Vos\" loading=\"lazy\" aria-describedby=\"gallery-1-310260\" srcset=\"https:\/\/www.medellin.gov.co\/es\/wp-content\/uploads\/2024\/05\/En-el-colegio-contamos-con-vos-3-1024x682.jpg 1024w, https:\/\/www.medellin.gov.co\/es\/wp-content\/uploads\/2024\/05\/En-el-colegio-contamos-con-vos-3-300x200.jpg 300w, https:\/\/www.medellin.gov.co\/es\/wp-content\/uploads\/2024\/05\/En-el-colegio-contamos-con-vos-3-150x100.jpg 150w, https:\/\/www.medellin.gov.co\/es\/wp-content\/uploads\/2024\/05\/En-el-colegio-contamos-con-vos-3-768x512.jpg 768w, https:\/\/www.medellin.gov.co\/es\/wp-content\/uploads\/2024\/05\/En-el-colegio-contamos-con-vos-3.jpg 1280w\" sizes=\"(max-width: 1024px) 100vw, 1024px\" \/><\/a>\n\t\t\t<\/dt>\n\t\t\t\t<dd class='wp-caption-text gallery-caption' id='gallery-1-310260'>\n\t\t\t\tEn el Colegio Contamos con Vos\n\t\t\t\t<\/dd><\/dl><br style=\"clear: both\" \/>\n\t\t<\/div>\n\n<p>Como parte de este piloto, los <a href=\"https:\/\/www.medellin.edu.co\/la-alcaldia-de-medellin-refuerza-estrategias-de-permanencia-escolar-con-nuevos-guardianes-en-33-instituciones-educativas\/\" target=\"_blank\" rel=\"noopener\">Guardianes de la Permanencia Escolar<\/a>, profesionales de la Secretar\u00eda de Educaci\u00f3n, acompa\u00f1an a las comunidades educativas y refuerzan el trabajo de los l\u00edderes de mediaci\u00f3n y permanencia escolar, quienes impulsan y dirigen diversas campa\u00f1as para garantizar la continuidad de los estudiantes en sus instituciones educativas y acercar oportunidades a los alumnos con mayor riesgo de ausentismo escolar.<\/p>\n<p>Estas oportunidades consisten en participar en ofertas art\u00edsticas, culturales, motivacionales, procesos de formaci\u00f3n en liderazgo y fortalecimiento de los proyectos de vida, as\u00ed como el acompa\u00f1amiento interdisciplinario a trav\u00e9s del <a href=\"https:\/\/www.medellin.edu.co\/escuela-entorno-protector\/\" target=\"_blank\" rel=\"noopener\">programa Escuela Entorno Protector<\/a>, la <a href=\"https:\/\/www.medellin.edu.co\/?sdm_process_download=1&amp;download_id=21404\" target=\"_blank\" rel=\"noopener\">Unidad de Atenci\u00f3n Integral (UAI)<\/a> y otros programas del Distrito de Medell\u00edn.<\/p>\n<p><strong>\u00a1Estudiar es lo primero!<\/strong><\/p>\n<p>A finales de octubre se iniciar\u00e1 la etapa de alistamiento de la campa\u00f1a de matr\u00edcula 2025. En estos \u00faltimos meses del a\u00f1o, la <a href=\"https:\/\/www.medellin.gov.co\/es\/secretaria-de-educacion\/\" target=\"_blank\" rel=\"noopener\">Secretar\u00eda de Educaci\u00f3n<\/a> activa la b\u00fasqueda de ni\u00f1os, ni\u00f1as y j\u00f3venes a trav\u00e9s de m\u00faltiples recorridos por todos los barrios. Estas actividades son jornadas de inscripci\u00f3n de poblaci\u00f3n en edad escolar que se encuentran por fuera del sistema educativo, en las que se hace pedagog\u00eda sobre la ruta de acceso a este.<\/p>\n<p>El protocolo establecido para activar la campa\u00f1a de matr\u00edcula es que, de manera previa, se planean los recorridos con una geolocalizaci\u00f3n de los estudiantes retirados del sistema escolar y el mapeo de las instituciones educativas p\u00fablicas donde se encuentra la oferta educativa. Esta es una intervenci\u00f3n orientada a un prop\u00f3sito: recuperar a la poblaci\u00f3n que ha desertado del sistema escolar y acercar la oferta educativa a los territorios.<\/p>\n\n\t\t<style type=\"text\/css\">\n\t\t\t#gallery-2 {\n\t\t\t\tmargin: auto;\n\t\t\t}\n\t\t\t#gallery-2 .gallery-item {\n\t\t\t\tfloat: left;\n\t\t\t\tmargin-top: 10px;\n\t\t\t\ttext-align: center;\n\t\t\t\twidth: 50%;\n\t\t\t}\n\t\t\t#gallery-2 img {\n\t\t\t\tborder: 2px solid #cfcfcf;\n\t\t\t}\n\t\t\t#gallery-2 .gallery-caption {\n\t\t\t\tmargin-left: 0;\n\t\t\t}\n\t\t\t\/* see gallery_shortcode() in wp-includes\/media.php *\/\n\t\t<\/style>\n\t\t<div id='gallery-2' class='gallery galleryid-359719 gallery-columns-2 gallery-size-large'><dl class='gallery-item'>\n\t\t\t<dt class='gallery-icon landscape'>\n\t\t\t\t<a href='https:\/\/www.medellin.gov.co\/es\/sala-de-prensa\/noticias\/asi-recuperamos-a-miles-de-estudiantes-para-los-colegios-publicos-de-medellin\/secretario-de-educacion_1\/'><img width=\"1024\" height=\"682\" src=\"https:\/\/www.medellin.gov.co\/es\/wp-content\/uploads\/2024\/10\/Secretario-de-Educacion_1-1024x682.jpg\" class=\"attachment-large size-large\" alt=\"\" loading=\"lazy\" srcset=\"https:\/\/www.medellin.gov.co\/es\/wp-content\/uploads\/2024\/10\/Secretario-de-Educacion_1-1024x682.jpg 1024w, https:\/\/www.medellin.gov.co\/es\/wp-content\/uploads\/2024\/10\/Secretario-de-Educacion_1-300x200.jpg 300w, https:\/\/www.medellin.gov.co\/es\/wp-content\/uploads\/2024\/10\/Secretario-de-Educacion_1-150x100.jpg 150w, https:\/\/www.medellin.gov.co\/es\/wp-content\/uploads\/2024\/10\/Secretario-de-Educacion_1-768x512.jpg 768w, https:\/\/www.medellin.gov.co\/es\/wp-content\/uploads\/2024\/10\/Secretario-de-Educacion_1.jpg 1280w\" sizes=\"(max-width: 1024px) 100vw, 1024px\" \/><\/a>\n\t\t\t<\/dt><\/dl><dl class='gallery-item'>\n\t\t\t<dt class='gallery-icon landscape'>\n\t\t\t\t<a href='https:\/\/www.medellin.gov.co\/es\/sala-de-prensa\/noticias\/asi-recuperamos-a-miles-de-estudiantes-para-los-colegios-publicos-de-medellin\/alcalde-3\/'><img width=\"1024\" height=\"682\" src=\"https:\/\/www.medellin.gov.co\/es\/wp-content\/uploads\/2024\/10\/Alcalde-1024x682.jpg\" class=\"attachment-large size-large\" alt=\"En el Colegio Contamos con Vos\" loading=\"lazy\" srcset=\"https:\/\/www.medellin.gov.co\/es\/wp-content\/uploads\/2024\/10\/Alcalde-1024x682.jpg 1024w, https:\/\/www.medellin.gov.co\/es\/wp-content\/uploads\/2024\/10\/Alcalde-300x200.jpg 300w, https:\/\/www.medellin.gov.co\/es\/wp-content\/uploads\/2024\/10\/Alcalde-150x100.jpg 150w, https:\/\/www.medellin.gov.co\/es\/wp-content\/uploads\/2024\/10\/Alcalde-768x512.jpg 768w, https:\/\/www.medellin.gov.co\/es\/wp-content\/uploads\/2024\/10\/Alcalde.jpg 1280w\" sizes=\"(max-width: 1024px) 100vw, 1024px\" \/><\/a>\n\t\t\t<\/dt><\/dl><br style=\"clear: both\" \/>\n\t\t<\/div>\n\n<h6>El alcalde de Medell\u00edn, Federico Guti\u00e9rrez, y el secretario de Educaci\u00f3n, Luis Guillermo Pati\u00f1o, en uno de los recorridos del programa En el Colegio Contamos con Vos.<\/h6>\n<p>As\u00ed mismo, a partir del segundo semestre del a\u00f1o empieza la estrategia de tr\u00e1nsito arm\u00f3nico, que consiste en instalar una mesa de trabajo para brindar acompa\u00f1amiento a los prestadores del servicio de educaci\u00f3n en primera infancia, tanto de <a href=\"https:\/\/www.medellin.gov.co\/es\/unidad-administrativa-especial-buen-comienzo\/\" target=\"_blank\" rel=\"noopener\">Buen Comienzo<\/a>, como del <a href=\"https:\/\/www.icbf.gov.co\/\" target=\"_blank\" rel=\"noopener\">Instituto Colombiano de Bienestar Familiar (ICBF)<\/a>, para pasar a estudiar a los colegios oficiales de la ciudad. A la fecha y para 2025, se ha garantizado el tr\u00e1nsito de 12 000 estudiantes a nuestras instituciones educativas p\u00fablicas.<\/p>\n<p><a href=\"https:\/\/www.medellin.gov.co\/es\/sala-de-prensa\/noticias\/en-los-colegios-de-medellin-contamos-con-vos\/\" target=\"_blank\" rel=\"noopener\"><strong>En el Colegio Contamos con Vos<\/strong><\/a><strong>: un d\u00eda del equipo<\/strong><\/p>\n<p>El equipo de trabajo de la campa\u00f1a <a href=\"https:\/\/www.medellin.gov.co\/es\/sala-de-prensa\/noticias\/en-los-colegios-de-medellin-contamos-con-vos\/\" target=\"_blank\" rel=\"noopener\">En el Colegio Contamos con Vos<\/a>, responsables de las b\u00fasquedas activas, se agendan durante todos los d\u00edas de recorridos para verse a las 7:30 a. m. en el Edificio Carr\u00e9, en el Centro de Medell\u00edn, donde est\u00e1 ubicada la <a href=\"https:\/\/www.medellin.gov.co\/es\/secretaria-de-educacion\/\" target=\"_blank\" rel=\"noopener\">Secretar\u00eda de Educaci\u00f3n<\/a>. Sacan tablas de apoyo, lapiceros, el mapa que trazaron d\u00edas antes y los meg\u00e1fonos. Estas son herramientas fundamentales en el camino hacia la b\u00fasqueda de los ni\u00f1os, ni\u00f1as y j\u00f3venes que est\u00e1n sin estudiar.<\/p>\n<div id=\"attachment_310271\" style=\"width: 1034px\" class=\"wp-caption alignnone\"><a href=\"https:\/\/www.medellin.gov.co\/es\/wp-content\/uploads\/2024\/05\/En-el-colegio-contamos-con-vos-6.jpg\"><img aria-describedby=\"caption-attachment-310271\" loading=\"lazy\" class=\"size-large wp-image-310271\" src=\"https:\/\/www.medellin.gov.co\/es\/wp-content\/uploads\/2024\/05\/En-el-colegio-contamos-con-vos-6-1024x768.jpg\" alt=\"Yorman Eliezer Correa Urday en la Instituci\u00f3n Educativa Medell\u00edn\" width=\"1024\" height=\"768\" srcset=\"https:\/\/www.medellin.gov.co\/es\/wp-content\/uploads\/2024\/05\/En-el-colegio-contamos-con-vos-6-1024x768.jpg 1024w, https:\/\/www.medellin.gov.co\/es\/wp-content\/uploads\/2024\/05\/En-el-colegio-contamos-con-vos-6-300x225.jpg 300w, https:\/\/www.medellin.gov.co\/es\/wp-content\/uploads\/2024\/05\/En-el-colegio-contamos-con-vos-6-150x113.jpg 150w, https:\/\/www.medellin.gov.co\/es\/wp-content\/uploads\/2024\/05\/En-el-colegio-contamos-con-vos-6-768x576.jpg 768w, https:\/\/www.medellin.gov.co\/es\/wp-content\/uploads\/2024\/05\/En-el-colegio-contamos-con-vos-6.jpg 1280w\" sizes=\"(max-width: 1024px) 100vw, 1024px\" \/><\/a><p id=\"caption-attachment-310271\" class=\"wp-caption-text\">Yorman Eliezer Correa Urday en la Instituci\u00f3n Educativa Medell\u00edn<\/p><\/div>\n<p>Son, generalmente, diez profesionales de la Secretar\u00eda: tres mujeres y siete hombres, j\u00f3venes y de diversas disciplinas: administraci\u00f3n, comunicaci\u00f3n social, dise\u00f1o gr\u00e1fico, psicolog\u00eda, derecho. Comienzan su recorrido en carros y luego caminan juntos durante la jornada de la ma\u00f1ana y el d\u00eda, o se separan en dos grupos. Generalmente, los recorridos en los barrios se hacen entre las 7:30 a. m. y las 6:00 p. m.<\/p>\n<p>Durante la campa\u00f1a de matr\u00edcula se ejecutan actividades nocturnas y activaciones en puntos estrat\u00e9gicos de la ciudad, donde se requiera mayor intervenci\u00f3n; muchas de ellas se hacen en compa\u00f1\u00eda del <a href=\"https:\/\/www.medellin.gov.co\/es\/nuestro-alcalde\/\" target=\"_blank\" rel=\"noopener\">alcalde<\/a> y del <a href=\"https:\/\/www.medellin.gov.co\/es\/secretaria-de-educacion\/\" target=\"_blank\" rel=\"noopener\">secretario de Educaci\u00f3n<\/a>.<\/p>\n<p>Los funcionarios tocan las puertas de las casas, abordan a los habitantes en andenes y calles, informan sobre el proyecto a los locales y a los migrantes venezolanos que viven en tantos sectores de la ciudad y socializan la ruta de acceso al sistema escolar.<\/p>\n<div id=\"attachment_359802\" style=\"width: 1034px\" class=\"wp-caption alignnone\"><a href=\"https:\/\/www.medellin.gov.co\/es\/wp-content\/uploads\/2024\/10\/Puerta-a-puerta.jpg\"><img aria-describedby=\"caption-attachment-359802\" loading=\"lazy\" class=\"size-large wp-image-359802\" src=\"https:\/\/www.medellin.gov.co\/es\/wp-content\/uploads\/2024\/10\/Puerta-a-puerta-1024x682.jpg\" alt=\"\" width=\"1024\" height=\"682\" srcset=\"https:\/\/www.medellin.gov.co\/es\/wp-content\/uploads\/2024\/10\/Puerta-a-puerta-1024x682.jpg 1024w, https:\/\/www.medellin.gov.co\/es\/wp-content\/uploads\/2024\/10\/Puerta-a-puerta-300x200.jpg 300w, https:\/\/www.medellin.gov.co\/es\/wp-content\/uploads\/2024\/10\/Puerta-a-puerta-150x100.jpg 150w, https:\/\/www.medellin.gov.co\/es\/wp-content\/uploads\/2024\/10\/Puerta-a-puerta-768x512.jpg 768w, https:\/\/www.medellin.gov.co\/es\/wp-content\/uploads\/2024\/10\/Puerta-a-puerta.jpg 1280w\" sizes=\"(max-width: 1024px) 100vw, 1024px\" \/><\/a><p id=\"caption-attachment-359802\" class=\"wp-caption-text\">Los funcionarios tocan las puertas de las casas para contarles a los habitantes acerca del programa En el Colegio Contamos con Vos.<\/p><\/div>\n<p>Este a\u00f1o han caminado decenas de kil\u00f3metros en m\u00e1s de 50 recorridos. Visitan todas las comunas y su labor es clave en el desarrollo de En el Colegio Contamos con Vos, proyecto estrat\u00e9gico de la Alcald\u00eda.<\/p>\n<p><strong>\u201cBarrio a barrio\u201d<\/strong><\/p>\n<p>La estrategia surgi\u00f3 en la primera administraci\u00f3n del <a href=\"https:\/\/www.medellin.gov.co\/es\/nuestro-alcalde\/\" target=\"_blank\" rel=\"noopener\">alcalde, Federico Guti\u00e9rrez<\/a>, y en la segunda volvi\u00f3 con m\u00e1s fuerza.<\/p>\n<p><em>\u201cRecibimos la ciudad con la tasa de deserci\u00f3n m\u00e1s alta de los \u00faltimos 15 a\u00f1os. Con la estrategia <a href=\"https:\/\/www.medellin.gov.co\/es\/sala-de-prensa\/noticias\/en-los-colegios-de-medellin-contamos-con-vos\/\" target=\"_blank\" rel=\"noopener\">En el Colegio Contamos con Vos<\/a> buscamos a los ni\u00f1os y ni\u00f1as puerta a puerta, barrio a barrio, esquina a esquina, los que no est\u00e9n estudiando, para que volvieran al sistema escolar. No hay golpe m\u00e1s duro a la criminalidad y a la desigualdad que invertir en educaci\u00f3n y garantizar los derechos de nuestros ni\u00f1os, ni\u00f1as y j\u00f3venes\u201d,<\/em> expuso el <a href=\"https:\/\/www.medellin.gov.co\/es\/nuestro-alcalde\/\" target=\"_blank\" rel=\"noopener\">alcalde Federico Guti\u00e9rrez<\/a> cuando present\u00f3 los avances de este programa.<\/p>\n<p>En algunos recorridos se suman funcionarios y contratistas de otras secretar\u00edas y dependencias distritales, entregan informaci\u00f3n en volantes, hacen perifoneo, conversan con los transe\u00fantes o con quienes est\u00e1n en casas y negocios. Despu\u00e9s, el equipo vuelve a la oficina y descarga los datos en la aplicaci\u00f3n <a href=\"https:\/\/www.medellin.edu.co\/tucupo\/\" target=\"_blank\" rel=\"noopener\">Busca tu Cupo<\/a>: direcci\u00f3n, comuna, barrio, nombre, edad, y el aplicativo dirige al n\u00facleo educativo de la zona y a una instituci\u00f3n educativa cercana a la vivienda del ni\u00f1o o joven para asignarle el cupo.<\/p>\n<div id=\"attachment_359803\" style=\"width: 1034px\" class=\"wp-caption alignnone\"><a href=\"https:\/\/www.medellin.gov.co\/es\/wp-content\/uploads\/2024\/10\/Volantes.jpg\"><img aria-describedby=\"caption-attachment-359803\" loading=\"lazy\" class=\"size-large wp-image-359803\" src=\"https:\/\/www.medellin.gov.co\/es\/wp-content\/uploads\/2024\/10\/Volantes-1024x682.jpg\" alt=\"\" width=\"1024\" height=\"682\" srcset=\"https:\/\/www.medellin.gov.co\/es\/wp-content\/uploads\/2024\/10\/Volantes-1024x682.jpg 1024w, https:\/\/www.medellin.gov.co\/es\/wp-content\/uploads\/2024\/10\/Volantes-300x200.jpg 300w, https:\/\/www.medellin.gov.co\/es\/wp-content\/uploads\/2024\/10\/Volantes-150x100.jpg 150w, https:\/\/www.medellin.gov.co\/es\/wp-content\/uploads\/2024\/10\/Volantes-768x512.jpg 768w, https:\/\/www.medellin.gov.co\/es\/wp-content\/uploads\/2024\/10\/Volantes.jpg 1280w\" sizes=\"(max-width: 1024px) 100vw, 1024px\" \/><\/a><p id=\"caption-attachment-359803\" class=\"wp-caption-text\">Una de las herramientas informativas del programa En el Colegio Contamos con Vos son los volantes.<\/p><\/div>\n<p>Hacen ciclos de recorridos todo el a\u00f1o, especialmente de enero a abril, de junio a julio y de octubre a noviembre. En este momento, cuando transcurre octubre, la b\u00fasqueda de nuevos estudiantes sigue, con el fin de nivelarlos para que retomen su proceso educativo en enero de 2025.<\/p>\n<p><strong>El regreso de Luz<\/strong><\/p>\n<p>Luz Edenis Pacheco Conde tiene 15 a\u00f1os y cursa sexto y s\u00e9ptimo en modalidad nocturna, en la <a href=\"https:\/\/iehoracio.edu.co\/\" target=\"_blank\" rel=\"noopener\">Instituci\u00f3n Educativa Horacio Mu\u00f1oz Suesc\u00fan<\/a>, ubicada en el <a href=\"https:\/\/www.medellin.gov.co\/giscatalogacion\/srv\/api\/records\/e0c5637b-30d3-4b1b-8f62-15af40413e7e\" target=\"_blank\" rel=\"noopener\">barrio Bel\u00e9n<\/a>.<\/p>\n<div id=\"attachment_359778\" style=\"width: 1034px\" class=\"wp-caption alignnone\"><a href=\"https:\/\/www.medellin.gov.co\/es\/wp-content\/uploads\/2024\/10\/Luz-Pacheco.jpg\"><img aria-describedby=\"caption-attachment-359778\" loading=\"lazy\" class=\"size-large wp-image-359778\" src=\"https:\/\/www.medellin.gov.co\/es\/wp-content\/uploads\/2024\/10\/Luz-Pacheco-1024x768.jpg\" alt=\"\" width=\"1024\" height=\"768\" srcset=\"https:\/\/www.medellin.gov.co\/es\/wp-content\/uploads\/2024\/10\/Luz-Pacheco-1024x768.jpg 1024w, https:\/\/www.medellin.gov.co\/es\/wp-content\/uploads\/2024\/10\/Luz-Pacheco-300x225.jpg 300w, https:\/\/www.medellin.gov.co\/es\/wp-content\/uploads\/2024\/10\/Luz-Pacheco-150x113.jpg 150w, https:\/\/www.medellin.gov.co\/es\/wp-content\/uploads\/2024\/10\/Luz-Pacheco-768x576.jpg 768w, https:\/\/www.medellin.gov.co\/es\/wp-content\/uploads\/2024\/10\/Luz-Pacheco.jpg 1137w\" sizes=\"(max-width: 1024px) 100vw, 1024px\" \/><\/a><p id=\"caption-attachment-359778\" class=\"wp-caption-text\">Luz Edenis Pacheco, estudiante de sexto y s\u00e9ptimo en la Instituci\u00f3n Educativa Horacio Mu\u00f1oz Suesc\u00fan.<\/p><\/div>\n<p>Ella es oriunda de Mar\u00eda La Baja, Bol\u00edvar. Vive con su abuela materna, Luz Marys Conde Ramos, quien la tiene a su cuidado desde que ten\u00eda un a\u00f1o y es su acudiente. Su madre, que habita en Cartagena, la tuvo siendo una adolescente de 15 a\u00f1os. A la mam\u00e1 de Luz Edenis tambi\u00e9n la crio la abuela paterna, pues Luz Marys se fue joven para Bogot\u00e1 a trabajar.<\/p>\n<p>Luz Edenis es la hija mayor y tiene tres hermanos. Empez\u00f3 su bachillerato en Mar\u00eda La Baja, pero lleg\u00f3 la pandemia del COVID-19 y todo se complic\u00f3, m\u00e1s con las dificultades para acceder a internet en la zona en la que viv\u00eda. Por eso se atras\u00f3 en sus estudios.<\/p>\n<p>Luz Marys, su abuela, es de Urab\u00e1, Antioquia. Vivi\u00f3 en Mar\u00eda La Baja con su esposo y all\u00e1 tuvieron una tienda. Se la rebusc\u00f3 trabajando en Bogot\u00e1 y, desde 2021, se radic\u00f3 en Medell\u00edn, donde residen dos hermanas suyas. Aqu\u00ed labor\u00f3 en un restaurante y ahora, en servicio dom\u00e9stico en el <a href=\"https:\/\/www.medellin.gov.co\/giscatalogacion\/srv\/api\/records\/5e7de9e4-12c5-4685-818d-316e3b9a45ad\" target=\"_blank\" rel=\"noopener\">barrio Laureles<\/a>, mientras que su esposo trabaja en un restaurante en la misma zona.<\/p>\n<div id=\"attachment_359768\" style=\"width: 1034px\" class=\"wp-caption alignnone\"><a href=\"https:\/\/www.medellin.gov.co\/es\/wp-content\/uploads\/2024\/10\/Abuela-y-nieta.jpg\"><img aria-describedby=\"caption-attachment-359768\" loading=\"lazy\" class=\"size-large wp-image-359768\" src=\"https:\/\/www.medellin.gov.co\/es\/wp-content\/uploads\/2024\/10\/Abuela-y-nieta-1024x768.jpg\" alt=\"\" width=\"1024\" height=\"768\" srcset=\"https:\/\/www.medellin.gov.co\/es\/wp-content\/uploads\/2024\/10\/Abuela-y-nieta-1024x768.jpg 1024w, https:\/\/www.medellin.gov.co\/es\/wp-content\/uploads\/2024\/10\/Abuela-y-nieta-300x225.jpg 300w, https:\/\/www.medellin.gov.co\/es\/wp-content\/uploads\/2024\/10\/Abuela-y-nieta-150x113.jpg 150w, https:\/\/www.medellin.gov.co\/es\/wp-content\/uploads\/2024\/10\/Abuela-y-nieta-768x576.jpg 768w, https:\/\/www.medellin.gov.co\/es\/wp-content\/uploads\/2024\/10\/Abuela-y-nieta.jpg 1137w\" sizes=\"(max-width: 1024px) 100vw, 1024px\" \/><\/a><p id=\"caption-attachment-359768\" class=\"wp-caption-text\">Luz Marys y su nieta Luz Edenis.<\/p><\/div>\n<p>Esta mujer de 52 a\u00f1os ya luce m\u00e1s tranquila. Cuenta que en 2023 le busc\u00f3 cupo varias veces a su nieta en colegios de Medell\u00edn, pero no lo encontr\u00f3. M\u00e1s adelante, cuando el grupo de la Alcald\u00eda pas\u00f3 por su barrio, <a href=\"https:\/\/www.medellin.gov.co\/giscatalogacion\/srv\/api\/records\/e0c5637b-30d3-4b1b-8f62-15af40413e7e\" target=\"_blank\" rel=\"noopener\">Bel\u00e9n Las Violetas<\/a>, una vecina le cont\u00f3 a ella. <em>\u201cNosotros le hab\u00edamos comentado a la vecina que est\u00e1bamos busc\u00e1ndoles colegio a los ni\u00f1os, a Luz Edenis y a un primo, otro nieto m\u00edo\u201d,<\/em> apunta Luz Marys. As\u00ed, la hija mayor de Luz Marys los hizo anotar para ingresar al colegio.<\/p>\n<p>Entonces ahora, cuando Luz Edenis estudia gracias al programa <a href=\"https:\/\/www.medellin.gov.co\/es\/sala-de-prensa\/noticias\/en-los-colegios-de-medellin-contamos-con-vos\/\" target=\"_blank\" rel=\"noopener\">En el Colegio Contamos con Vos<\/a>, la abuela se siente contenta.<\/p>\n<div id=\"attachment_359776\" style=\"width: 1034px\" class=\"wp-caption alignnone\"><a href=\"https:\/\/www.medellin.gov.co\/es\/wp-content\/uploads\/2024\/10\/Luz-afuera-del-colegio.jpg\"><img aria-describedby=\"caption-attachment-359776\" loading=\"lazy\" class=\"size-large wp-image-359776\" src=\"https:\/\/www.medellin.gov.co\/es\/wp-content\/uploads\/2024\/10\/Luz-afuera-del-colegio-1024x768.jpg\" alt=\"\" width=\"1024\" height=\"768\" srcset=\"https:\/\/www.medellin.gov.co\/es\/wp-content\/uploads\/2024\/10\/Luz-afuera-del-colegio-1024x768.jpg 1024w, https:\/\/www.medellin.gov.co\/es\/wp-content\/uploads\/2024\/10\/Luz-afuera-del-colegio-300x225.jpg 300w, https:\/\/www.medellin.gov.co\/es\/wp-content\/uploads\/2024\/10\/Luz-afuera-del-colegio-150x113.jpg 150w, https:\/\/www.medellin.gov.co\/es\/wp-content\/uploads\/2024\/10\/Luz-afuera-del-colegio-768x576.jpg 768w, https:\/\/www.medellin.gov.co\/es\/wp-content\/uploads\/2024\/10\/Luz-afuera-del-colegio.jpg 1137w\" sizes=\"(max-width: 1024px) 100vw, 1024px\" \/><\/a><p id=\"caption-attachment-359776\" class=\"wp-caption-text\">Luz Edenis llegando a su colegio, la Instituci\u00f3n Educativa Horacio Mu\u00f1oz Suesc\u00fan, ubicada en Bel\u00e9n.<\/p><\/div>\n<p><strong>\u201cVidas dif\u00edciles\u201d<\/strong><\/p>\n<p>Diana Marcela Jaramillo es profesora de la <a href=\"https:\/\/iehoracio.edu.co\/\" target=\"_blank\" rel=\"noopener\">Instituci\u00f3n Educativa Horacio Mu\u00f1oz Suesc\u00fan<\/a> en las modalidades diurna y nocturna. Afirma que <a href=\"https:\/\/www.medellin.gov.co\/es\/sala-de-prensa\/noticias\/en-los-colegios-de-medellin-contamos-con-vos\/\" target=\"_blank\" rel=\"noopener\">En el Colegio Contamos con Vos<\/a> se les abre puertas a ni\u00f1os y j\u00f3venes y que varios de estos j\u00f3venes, explica: <em>\u201ctrabajan en el d\u00eda, cuidan ni\u00f1os; han tenido vidas dif\u00edciles\u201d.<\/em><\/p>\n<p>En la noche estudian menores y mayores de edad. La profe cuenta que en la formaci\u00f3n les incluyen temas de entornos protectores, salud sexual y reproductiva. Adem\u00e1s, pueden cursar medias t\u00e9cnicas en el d\u00eda o los s\u00e1bados. Diana considera que es muy positivo que Luz Edenis haya vuelto a estudiar.<\/p>\n<div id=\"attachment_359777\" style=\"width: 1034px\" class=\"wp-caption alignnone\"><a href=\"https:\/\/www.medellin.gov.co\/es\/wp-content\/uploads\/2024\/10\/Luz-Pacheco-en-el-cole.jpg\"><img aria-describedby=\"caption-attachment-359777\" loading=\"lazy\" class=\"wp-image-359777 size-large\" src=\"https:\/\/www.medellin.gov.co\/es\/wp-content\/uploads\/2024\/10\/Luz-Pacheco-en-el-cole-1024x768.jpg\" alt=\"\" width=\"1024\" height=\"768\" srcset=\"https:\/\/www.medellin.gov.co\/es\/wp-content\/uploads\/2024\/10\/Luz-Pacheco-en-el-cole-1024x768.jpg 1024w, https:\/\/www.medellin.gov.co\/es\/wp-content\/uploads\/2024\/10\/Luz-Pacheco-en-el-cole-300x225.jpg 300w, https:\/\/www.medellin.gov.co\/es\/wp-content\/uploads\/2024\/10\/Luz-Pacheco-en-el-cole-150x113.jpg 150w, https:\/\/www.medellin.gov.co\/es\/wp-content\/uploads\/2024\/10\/Luz-Pacheco-en-el-cole-768x576.jpg 768w, https:\/\/www.medellin.gov.co\/es\/wp-content\/uploads\/2024\/10\/Luz-Pacheco-en-el-cole.jpg 1137w\" sizes=\"(max-width: 1024px) 100vw, 1024px\" \/><\/a><p id=\"caption-attachment-359777\" class=\"wp-caption-text\">Luz Edenis estudia en modalidad nocturna en la Instituci\u00f3n Educativa Horacio Mu\u00f1oz Suesc\u00fan.<\/p><\/div>\n<p>Cada tarde, a eso de las 5:45, la joven sale de su casa, en el <a href=\"https:\/\/www.medellin.gov.co\/giscatalogacion\/srv\/api\/records\/e2681290-8a8b-4aba-93d0-9311ccfeb355\" target=\"_blank\" rel=\"noopener\">barrio Las Violetas<\/a>, hacia el colegio. Camina unos 10 minutos y entra a la instituci\u00f3n. Si estudiara en el d\u00eda ser\u00eda una de las mayores de su grupo. En cambio, en la noche, es la menor. En su sal\u00f3n son unos 17 alumnos y ella siente que sus compa\u00f1eros, casi todos de 16 o 17 a\u00f1os, la tratan muy bien.<\/p>\n<p>Luz Edenis quiere terminar su bachillerato y estudiar peluquer\u00eda, belleza personal. En los peinados que les hace a amigas y vecinas ya muestra sus habilidades.<\/p>\n<p>Por historias como esta vale la pena seguir trabajando en pro de la educaci\u00f3n, buscando que ning\u00fan ni\u00f1o, ni\u00f1a o joven se quede sin estudiar, porque estudiar es lo primero, porque los sue\u00f1os s\u00ed se pueden realizar.<\/p>\n","protected":false},"excerpt":{"rendered":"<p>En el Colegio Contamos con Vos es un programa estrat\u00e9gico del Plan de Desarrollo Medell\u00edn Te Quiere, liderado por el alcalde de Medell\u00edn, Federico Guti\u00e9rrez. Este a\u00f1o se han hecho m\u00e1s de 50 recorridos en &#8230;<\/p>\n","protected":false},"author":17,"featured_media":359775,"comment_status":"open","ping_status":"open","sticky":false,"template":"","format":"standard","meta":[],"categories":[4],"tags":[],"formato_nota":[],"programas_tax":[],"acf":[],"_links":{"self":[{"href":"https:\/\/www.medellin.gov.co\/es\/wp-json\/wp\/v2\/posts\/359719"}],"collection":[{"href":"https:\/\/www.medellin.gov.co\/es\/wp-json\/wp\/v2\/posts"}],"about":[{"href":"https:\/\/www.medellin.gov.co\/es\/wp-json\/wp\/v2\/types\/post"}],"author":[{"embeddable":true,"href":"https:\/\/www.medellin.gov.co\/es\/wp-json\/wp\/v2\/users\/17"}],"replies":[{"embeddable":true,"href":"https:\/\/www.medellin.gov.co\/es\/wp-json\/wp\/v2\/comments?post=359719"}],"version-history":[{"count":3,"href":"https:\/\/www.medellin.gov.co\/es\/wp-json\/wp\/v2\/posts\/359719\/revisions"}],"predecessor-version":[{"id":359922,"href":"https:\/\/www.medellin.gov.co\/es\/wp-json\/wp\/v2\/posts\/359719\/revisions\/359922"}],"wp:featuredmedia":[{"embeddable":true,"href":"https:\/\/www.medellin.gov.co\/es\/wp-json\/wp\/v2\/media\/359775"}],"wp:attachment":[{"href":"https:\/\/www.medellin.gov.co\/es\/wp-json\/wp\/v2\/media?parent=359719"}],"wp:term":[{"taxonomy":"category","embeddable":true,"href":"https:\/\/www.medellin.gov.co\/es\/wp-json\/wp\/v2\/categories?post=359719"},{"taxonomy":"post_tag","embeddable":true,"href":"https:\/\/www.medellin.gov.co\/es\/wp-json\/wp\/v2\/tags?post=359719"},{"taxonomy":"formato_nota","embeddable":true,"href":"https:\/\/www.medellin.gov.co\/es\/wp-json\/wp\/v2\/formato_nota?post=359719"},{"taxonomy":"programas_tax","embeddable":true,"href":"https:\/\/www.medellin.gov.co\/es\/wp-json\/wp\/v2\/programas_tax?post=359719"}],"curies":[{"name":"wp","href":"https:\/\/api.w.org\/{rel}","templated":true}]}}