{"id":360090,"date":"2024-11-01T09:07:42","date_gmt":"2024-11-01T14:07:42","guid":{"rendered":"https:\/\/www.medellin.gov.co\/es\/?p=360090"},"modified":"2024-11-02T22:31:09","modified_gmt":"2024-11-03T03:31:09","slug":"medellin-y-su-region-metropolitana-alcanzan-el-primer-lugar-a-nivel-nacional-con-la-tasa-historica-de-desocupacion-mas-baja-del-pais","status":"publish","type":"post","link":"https:\/\/www.medellin.gov.co\/es\/sala-de-prensa\/noticias\/medellin-y-su-region-metropolitana-alcanzan-el-primer-lugar-a-nivel-nacional-con-la-tasa-historica-de-desocupacion-mas-baja-del-pais\/","title":{"rendered":"Medell\u00edn y su regi\u00f3n metropolitana alcanzan el primer lugar a nivel nacional con la tasa hist\u00f3rica de desocupaci\u00f3n m\u00e1s baja del pa\u00eds"},"content":{"rendered":"<ul>\n<li class=\"p1\"><b>En el trimestre julio-septiembre, Medell\u00edn y su entorno metropolitano <\/b><b>tuvieron una tasa de desocupaci\u00f3n de 7.8 %.<\/b><\/li>\n<li class=\"p1\"><b>Como ciudad capital, Medell\u00edn cerr\u00f3 su tasa en 8.1 %, esto es 0.9 puntos <\/b><b>porcentuales menos en comparaci\u00f3n con el mismo trimestre de 2023 donde\u00a0<\/b><b>el registro fue 9.0 %<\/b><\/li>\n<li class=\"p1\"><b>Seg\u00fan la medici\u00f3n, en la ciudad hubo 69.622 ocupados m\u00e1s.<\/b><\/li>\n<\/ul>\n<!--[if lt IE 9]><script>document.createElement('audio');<\/script><![endif]-->\n\t<div class=\"wp-playlist wp-audio-playlist wp-playlist-light\">\n\t\t\t<div class=\"wp-playlist-current-item\"><\/div>\n\t\t<audio controls=\"controls\" preload=\"none\" width=\"640\"\n\t\t\t><\/audio>\n\t<div class=\"wp-playlist-next\"><\/div>\n\t<div class=\"wp-playlist-prev\"><\/div>\n\t<noscript>\n\t<ol>\n\t\t<li><a href='https:\/\/www.medellin.gov.co\/es\/wp-content\/uploads\/2024\/11\/primer-lugar-en-baja-ocupacion-01.mp3'>Palabras de Mar\u00eda Fernanda Galeano, secretaria de Desarrollo Econ\u00f3mico<\/a><\/li>\t<\/ol>\n\t<\/noscript>\n\t<script type=\"application\/json\" class=\"wp-playlist-script\">{\"type\":\"audio\",\"tracklist\":true,\"tracknumbers\":true,\"images\":true,\"artists\":true,\"tracks\":[{\"src\":\"https:\\\/\\\/www.medellin.gov.co\\\/es\\\/wp-content\\\/uploads\\\/2024\\\/11\\\/primer-lugar-en-baja-ocupacion-01.mp3\",\"type\":\"audio\\\/mpeg\",\"title\":\"Palabras de Mar\\u00eda Fernanda Galeano, secretaria de Desarrollo Econ\\u00f3mico\",\"caption\":\"\",\"description\":\"\\u00abPalabras de Mar\\u00eda Fernanda Galeano, secretaria de Desarrollo Econ\\u00f3mico\\u00bb.\",\"meta\":{\"length_formatted\":\"1:15\"},\"image\":{\"src\":\"https:\\\/\\\/www.medellin.gov.co\\\/es\\\/wp-includes\\\/images\\\/media\\\/audio.png\",\"width\":48,\"height\":64},\"thumb\":{\"src\":\"https:\\\/\\\/www.medellin.gov.co\\\/es\\\/wp-includes\\\/images\\\/media\\\/audio.png\",\"width\":48,\"height\":64}}]}<\/script>\n<\/div>\n\t\n<p class=\"p1\">Con una cifra hist\u00f3rica, Medell\u00edn y su entorno metropolitano alcanzaron el primer\u00a0puesto en Colombia, para el trimestre julio-septiembre de 2024, al registrar la tasa\u00a0de desocupaci\u00f3n m\u00e1s baja del pa\u00eds, seg\u00fan el m\u00e1s reciente reporte del\u00a0Departamento Administrativo Nacional de Estad\u00edsticas \u2013Dane.<\/p>\n<p class=\"p1\">La desocupaci\u00f3n en la capital antioque\u00f1a baj\u00f3 a 8.1 % lo que representa 0.9\u00a0puntos porcentuales menos en comparaci\u00f3n con el mismo trimestre de 2023\u00a0donde el registro fue 9.0 % y es la ciudad del pa\u00eds con el nivel m\u00e1s bajo, a esto se\u00a0le suma que, en conjunto con toda la regi\u00f3n metropolitana lleg\u00f3 a 7.8 %,\u00a0ubic\u00e1ndola en la cifra m\u00e1s baja que se haya registrado hist\u00f3ricamente.<\/p>\n<p class=\"p1\"><i>\u201cLa mejor pol\u00edtica social es la generaci\u00f3n de empleo. Esta disminuci\u00f3n en la tasa\u00a0<\/i><i>de desocupaci\u00f3n evidencia una articulaci\u00f3n con el empresariado y confianza en\u00a0<\/i><i>las instituciones de la ciudad, al igual que la generaci\u00f3n de oportunidades reales\u00a0<\/i><i>para la gente<\/i>\u201d, indic\u00f3 la secretaria de Desarrollo Econ\u00f3mico, Mar\u00eda Fernanda\u00a0Galeano.<\/p>\n<p class=\"p1\">A esto se agrega que, a septiembre, en la ciudad aument\u00f3 el 4 % la creaci\u00f3n de\u00a0empresas, seg\u00fan la C\u00e1mara de Comercio de Medell\u00edn para Antioquia.<\/p>\n<p class=\"p1\">Estos resultados destacan el impacto de las pol\u00edticas de empleo y desarrollo\u00a0 econ\u00f3mico en la regi\u00f3n, consolidando a Medell\u00edn y su entorno metropolitano como\u00a0l\u00edderes en resiliencia y competitividad en Colombia.<\/p>\n<p class=\"p1\">Los sectores con mayor ocupaci\u00f3n fueron actividades profesionales, cient\u00edficas,\u00a0t\u00e9cnicas y servicios administrativos con un incremento de 30.947 personas, lo que\u00a0evidencia la generaci\u00f3n de empleo cualificado en la capital antioque\u00f1a.<\/p>\n<p class=\"p1\">Adicionalmente, en cuanto a la informalidad laboral se reporta una disminuci\u00f3n de\u00a01.3 puntos porcentuales, pasando de 38.8 % a 37.5 %. En el caso de la tasa de\u00a0desocupaci\u00f3n en poblaci\u00f3n joven pas\u00f3 de 16.8 % a 14.8 %.<\/p>\n","protected":false},"excerpt":{"rendered":"<p>En el trimestre julio-septiembre, Medell\u00edn y su entorno metropolitano tuvieron una tasa de desocupaci\u00f3n de 7.8 %. Como ciudad capital, Medell\u00edn cerr\u00f3 su tasa en 8.1 %, esto es 0.9 puntos porcentuales menos en comparaci\u00f3n &#8230;<\/p>\n","protected":false},"author":84,"featured_media":351259,"comment_status":"open","ping_status":"open","sticky":false,"template":"","format":"standard","meta":[],"categories":[3],"tags":[433,455],"formato_nota":[],"programas_tax":[],"acf":[],"_links":{"self":[{"href":"https:\/\/www.medellin.gov.co\/es\/wp-json\/wp\/v2\/posts\/360090"}],"collection":[{"href":"https:\/\/www.medellin.gov.co\/es\/wp-json\/wp\/v2\/posts"}],"about":[{"href":"https:\/\/www.medellin.gov.co\/es\/wp-json\/wp\/v2\/types\/post"}],"author":[{"embeddable":true,"href":"https:\/\/www.medellin.gov.co\/es\/wp-json\/wp\/v2\/users\/84"}],"replies":[{"embeddable":true,"href":"https:\/\/www.medellin.gov.co\/es\/wp-json\/wp\/v2\/comments?post=360090"}],"version-history":[{"count":2,"href":"https:\/\/www.medellin.gov.co\/es\/wp-json\/wp\/v2\/posts\/360090\/revisions"}],"predecessor-version":[{"id":360756,"href":"https:\/\/www.medellin.gov.co\/es\/wp-json\/wp\/v2\/posts\/360090\/revisions\/360756"}],"wp:featuredmedia":[{"embeddable":true,"href":"https:\/\/www.medellin.gov.co\/es\/wp-json\/wp\/v2\/media\/351259"}],"wp:attachment":[{"href":"https:\/\/www.medellin.gov.co\/es\/wp-json\/wp\/v2\/media?parent=360090"}],"wp:term":[{"taxonomy":"category","embeddable":true,"href":"https:\/\/www.medellin.gov.co\/es\/wp-json\/wp\/v2\/categories?post=360090"},{"taxonomy":"post_tag","embeddable":true,"href":"https:\/\/www.medellin.gov.co\/es\/wp-json\/wp\/v2\/tags?post=360090"},{"taxonomy":"formato_nota","embeddable":true,"href":"https:\/\/www.medellin.gov.co\/es\/wp-json\/wp\/v2\/formato_nota?post=360090"},{"taxonomy":"programas_tax","embeddable":true,"href":"https:\/\/www.medellin.gov.co\/es\/wp-json\/wp\/v2\/programas_tax?post=360090"}],"curies":[{"name":"wp","href":"https:\/\/api.w.org\/{rel}","templated":true}]}}